{"id":36,"date":"2009-02-16T12:16:07","date_gmt":"2009-02-16T11:16:07","guid":{"rendered":"http:\/\/www.odszkodowania.info.pl\/?p=36"},"modified":"2009-02-19T11:03:18","modified_gmt":"2009-02-19T10:03:18","slug":"po-wypadku-pod-grenoble","status":"publish","type":"post","link":"https:\/\/www.odszkodowania.info.pl\/?p=36","title":{"rendered":"Po wypadku pod Grenoble"},"content":{"rendered":"<p class=\"articleLead\">Do S\u0105du Rejonowego w\u00a0Stargardzie Szczeci\u0144skim trafi\u0142 pierwszy pozew o\u00a0zap\u0142at\u0119 zado\u015b\u0107uczynienia w\u00a0zwi\u0105zku z\u00a0tragicznym wypadkiem polskiego autokaru w\u00a0<strong>Grenoble<\/strong> we Francji <a href=\"http:\/\/motoryzacja.interia.pl\/galerie\/wypadki\/wypadek-autobusu-pod-grenoble\/zdjecie\/duze,469741,1\" target=\"_blank\">(tutaj zdj\u0119cia z\u00a0wypadku)<\/a>.<\/p>\n<p>Przypomnijmy, i\u017c wypadek mia\u0142 miejsce w\u00a0niedziel\u0119 22 lipca 2007 oko\u0142o godziny 9.30 w\u00a0okolicach miejscowo\u015bci Vizille w\u00a0departamencie Isere, na po\u0142udnie od Grenoble. Zgin\u0119\u0142o w\u00a0nim 26 os\u00f3b. Autokar wioz\u0105cy 50 os\u00f3b (47 pielgrzym\u00f3w, pilot i\u00a02 kierowc\u00f3w) w\u00a0czasie powrotu z\u00a0Sanktuarium Matki Boskiej w\u00a0La Salette, pokonuj\u0105c stromy odcinek g\u00f3rskiej trasy pomi\u0119dzy Grenoble a\u00a0Gap w\u00a0po\u0142udniowo-wschodniej Francji, wyjecha\u0142 z\u00a0drogi na ostrym zakr\u0119cie, po czym run\u0105\u0142 z\u00a0mostu w\u00a015-metrow\u0105 przepa\u015b\u0107 doliny rzeki Romanche, a\u00a0nast\u0119pnie stan\u0105\u0142 w\u00a0p\u0142omieniach.<\/p>\n<figure style=\"width: 440px\" class=\"wp-caption alignleft\"><img fetchpriority=\"high\" decoding=\"async\" title=\"Wypadek Grenoble\" src=\"http:\/\/img.interia.pl\/motoryzacja\/nimg\/g\/t\/wypadku_pod_Grenoble_3067120.jpg\" alt=\"Wypadek Grenoble\" width=\"440\" height=\"294\" \/><figcaption class=\"wp-caption-text\">Wypadek Grenoble<\/figcaption><\/figure>\n<p>Wypadek mia\u0142 miejsce na stromej alpejskiej drodze, zwanej drog\u0105 Napoleona, po kt\u00f3rej przejazd autobus\u00f3w 8-kilometrowym odcinkiem tej szosy jest dopuszczalny tylko na podstawie specjalnego zezwolenia, a\u00a0autokar z\u00a0polskimi pielgrzymami nie mia\u0142 zezwolenia na przejazd t\u0105 drog\u0105.<\/p>\n<p>Proces likwidacji szkody prowadzony przez Brokera Ubezpieczeniowego <strong>MARSHAL<\/strong> Sp. z\u00a0o.o. &#8211; doprowadzi\u0142 w\u00a0drodze negocjacji do wyp\u0142acenia cz\u0119\u015bci nale\u017cnego \u015bwiadczenia. Jednak ubezpieczyciel (PZU S.A.) odpowiedzialny gwarancyjnie za powsta\u0142\u0105 szkod\u0119, nie zgodzi\u0142 si\u0119 w\u00a0ca\u0142o\u015bci z\u00a0przedstawionym roszczeniem, a\u00a0w szczeg\u00f3lno\u015bci jego wysoko\u015bci\u0105 i\u00a0odm\u00f3wi\u0142 wyp\u0142aty.<\/p>\n<p>Po uzgodnieniu z\u00a0poszkodowanymi, zapad\u0142a decyzja o\u00a0skierowaniu sprawy na drog\u0119 post\u0119powania s\u0105dowego. S\u0105d Rejonowy w\u00a0Stargardzie Szczeci\u0144skim zaplanowa\u0142 posiedzenie w\u00a0sprawie na 4 lutego 2009 r, bez w\u0105tpienia b\u0119dzie to sprawa precedensowa bior\u0105c pod uwag\u0119 skal\u0119, jak i\u00a0ilo\u015b\u0107 roszcze\u0144, jakie niebawem zapewne stan\u0105 na s\u0105dowej wokandzie.<\/p>\n<p>www.interia.pl<\/p>\n","protected":false},"excerpt":{"rendered":"<p>Do S\u0105du Rejonowego w Stargardzie Szczeci\u0144skim trafi\u0142 pierwszy pozew o zap\u0142at\u0119 zado\u015b\u0107uczynienia w zwi\u0105zku z tragicznym wypadkiem polskiego autokaru w Grenoble we Francji.<\/p>\n","protected":false},"author":2,"featured_media":0,"comment_status":"open","ping_status":"open","sticky":false,"template":"","format":"standard","meta":{"footnotes":""},"categories":[8,45],"tags":[11,9],"class_list":["post-36","post","type-post","status-publish","format-standard","hentry","category-aktualnosci","category-artykul-glowny","tag-marshal","tag-pzu"],"_links":{"self":[{"href":"https:\/\/www.odszkodowania.info.pl\/index.php?rest_route=\/wp\/v2\/posts\/36","targetHints":{"allow":["GET"]}}],"collection":[{"href":"https:\/\/www.odszkodowania.info.pl\/index.php?rest_route=\/wp\/v2\/posts"}],"about":[{"href":"https:\/\/www.odszkodowania.info.pl\/index.php?rest_route=\/wp\/v2\/types\/post"}],"author":[{"embeddable":true,"href":"https:\/\/www.odszkodowania.info.pl\/index.php?rest_route=\/wp\/v2\/users\/2"}],"replies":[{"embeddable":true,"href":"https:\/\/www.odszkodowania.info.pl\/index.php?rest_route=%2Fwp%2Fv2%2Fcomments&post=36"}],"version-history":[{"count":4,"href":"https:\/\/www.odszkodowania.info.pl\/index.php?rest_route=\/wp\/v2\/posts\/36\/revisions"}],"predecessor-version":[{"id":38,"href":"https:\/\/www.odszkodowania.info.pl\/index.php?rest_route=\/wp\/v2\/posts\/36\/revisions\/38"}],"wp:attachment":[{"href":"https:\/\/www.odszkodowania.info.pl\/index.php?rest_route=%2Fwp%2Fv2%2Fmedia&parent=36"}],"wp:term":[{"taxonomy":"category","embeddable":true,"href":"https:\/\/www.odszkodowania.info.pl\/index.php?rest_route=%2Fwp%2Fv2%2Fcategories&post=36"},{"taxonomy":"post_tag","embeddable":true,"href":"https:\/\/www.odszkodowania.info.pl\/index.php?rest_route=%2Fwp%2Fv2%2Ftags&post=36"}],"curies":[{"name":"wp","href":"https:\/\/api.w.org\/{rel}","templated":true}]}}