{"id":3615,"date":"2022-11-10T10:11:51","date_gmt":"2022-11-10T09:11:51","guid":{"rendered":"https:\/\/www.odszkodowania.info.pl\/?p=3615"},"modified":"2022-11-10T10:11:52","modified_gmt":"2022-11-10T09:11:52","slug":"euco-zmiany-w-skladzie-zarzadu-i-radzie-nadzorczej-a-klienci-nadal-bez-pieniedzy","status":"publish","type":"post","link":"https:\/\/www.odszkodowania.info.pl\/?p=3615","title":{"rendered":"EuCO: Zmiany w sk\u0142adzie zarz\u0105du i radzie nadzorczej a klienci nadal bez pieni\u0119dzy"},"content":{"rendered":"\n<p>Zarz\u0105d Europejskiego Centrum Odszkodowa\u0144 S.A. w restrukturyzacji (dalej: \u201eEmitent\u201d, \u201eSp\u00f3\u0142ka\u201d) informuje, i\u017c 8 listopada 2022 r. powzi\u0105\u0142 informacj\u0119 o z\u0142o\u017ceniu przez dotychczasowego Prezesa Zarz\u0105du Sp\u00f3\u0142ki, Pana <strong>Krzysztofa Lewandowskiego<\/strong>, rezygnacji z pe\u0142nienia wspomnianej funkcji oraz cz\u0142onkostwa w Zarz\u0105dzie, ze skutkiem natychmiastowym.<\/p>\n\n\n\n<p>Powy\u017csza rezygnacja zosta\u0142a z\u0142o\u017cona w porozumieniu z Zarz\u0105dem oraz Rad\u0105 Nadzorcz\u0105 Emitenta, a jej powodem by\u0142y wdra\u017cane w Sp\u00f3\u0142ce zmiany organizacyjne zwi\u0105zane z faktem otwarcia wobec Emitenta dnia 31 pa\u017adziernika 2022 r. post\u0119powania sanacyjnego (wi\u0119cej informacji na temat post\u0119powania sanacyjnego zawartych zosta\u0142o w raporcie nr 34\/2022 z dnia 31 pa\u017adziernika 2022 r., raporcie nr 26\/2022 z dnia 15 pa\u017adziernika 2022 r. oraz raporcie nr 25\/2022 z dnia 14 pa\u017adziernika 2022 r.)<\/p>\n\n\n\n<p>Jednocze\u015bnie Zarz\u0105d Emitenta informuje, \u017ce tego samego dnia, tj. 8 listopada 2022 r., w sk\u0142ad Zarz\u0105du Sp\u00f3\u0142ki powo\u0142ana zosta\u0142a Pani <strong>Renata Sawicz-Patora<\/strong>. Wraz z powo\u0142aniem w sk\u0142ad Zarz\u0105du Emitenta, Pani Renacie Sawicz-Patorze powierzono funkcj\u0119 Prezesa Zarz\u0105du Sp\u00f3\u0142ki.<\/p>\n\n\n\n<p>Pani <strong>Renata Sawicz-Patora<\/strong> jest absolwentk\u0105 Wydzia\u0142u Prawa i Administracji Uniwersytetu Wroc\u0142awskiego (kierunek Prawo). Uko\u0144czy\u0142a studia podyplomowe na kierunku Zarz\u0105dzanie Kadrami w Nowoczesnej Firmie oraz na kierunku Rachunkowo\u015b\u0107 i Finanse. Posiada certyfikat ksi\u0119gowy Ministra Finans\u00f3w uprawniaj\u0105cy do us\u0142ugowego prowadzenia ksi\u0105g rachunkowych.<\/p>\n\n\n\n<p>W zakresie przebiegu pracy zawodowej \u2013 Pani <strong>Renata Sawicz-Patora<\/strong> pozostaje zwi\u0105zana z GK EuCO od 2009 r. Zajmowa\u0142a stanowisko Dyrektora ds. Rozwoju Zagranicznego i zarz\u0105dza\u0142a Sp\u00f3\u0142k\u0105 na W\u0119grzech. Od 2017 r. do chwili obecnej zajmowa\u0142a stanowisko Dyrektora Departamentu Obs\u0142ugi Szk\u00f3d, osi\u0105gaj\u0105c znaczne sukcesy w dzia\u0142alno\u015bci operacyjnej Sp\u00f3\u0142ki. W maju bie\u017c\u0105cego roku przej\u0119\u0142a opiek\u0119 nad Sieci\u0105 Sprzeda\u017cy w GK EuCO. Wcze\u015bniejsze do\u015bwiadczenie zawodowe zdobywa\u0142a pracuj\u0105c jako g\u0142\u00f3wna ksi\u0119gowa i Dyrektor Handlowy w Sp\u00f3\u0142ce z kapita\u0142em zagranicznym.<\/p>\n\n\n\n<p>Zarz\u0105d Europejskiego Centrum Odszkodowa\u0144 S.A. w restrukturyzacji (dalej: \u201eEmitent\u201d, \u201eSp\u00f3\u0142ka\u201d) informuje, i\u017c 8 listopada 2022 r. powzi\u0105\u0142 informacj\u0119 o z\u0142o\u017ceniu przez dotychczasow\u0105 cz\u0142onek Rady Nadzorczej, Pani\u0105 <strong>Joann\u0119 Smerecza\u0144sk\u0105-Smulczyk<\/strong>, rezygnacji z cz\u0142onkostwa w Radzie Nadzorczej Sp\u00f3\u0142ki. Rezygnacja zosta\u0142a z\u0142o\u017cona ze skutkiem natychmiastowym. Dotychczasowy cz\u0142onek Rady Nadzorczej nie poda\u0142 powod\u00f3w rezygnacji.<\/p>\n\n\n\n<p>Jednocze\u015bnie Zarz\u0105d informuje, i\u017c tego samego dnia, tj. 8 listopada 2022 r., dosz\u0142o do uzupe\u0142nienia sk\u0142adu Rady Nadzorczej Sp\u00f3\u0142ki, a w miejsce rezygnuj\u0105cej cz\u0142onek Rady Nadzorczej w jej sk\u0142ad powo\u0142any zosta\u0142 Pan <strong>Krzysztof Lewandowski<\/strong>. Pan <strong>Krzysztof Lewandowski<\/strong> pe\u0142ni\u0107 b\u0119dzie funkcj\u0119 cz\u0142onka Rady Nadzorczej.<\/p>\n\n\n\n<p>Nowy cz\u0142onek Rady Nadzorczej Sp\u00f3\u0142ki zosta\u0142 powo\u0142any w drodze uchwa\u0142y o jego dokooptowaniu, o kt\u00f3rej mowa w \u00a7 19 pkt. E Statutu Sp\u00f3\u0142ki. Powo\u0142anie cz\u0142onka Rady Nadzorczej w drodze uchwa\u0142y o dokooptowaniu wymaga zatwierdzenia przez najbli\u017csze Walne Zgromadzenie.<\/p>\n\n\n\n<p>Nowy cz\u0142onek Rady Nadzorczej Sp\u00f3\u0142ki jest absolwentem The Polish Open University w Warszawie na kierunku zarz\u0105dzanie biznesem. Przez wiele lat pe\u0142ni\u0142 funkcj\u0119 Prezesa Zarz\u0105du Emitenta. Wcze\u015bniej do\u015bwiadczenie zawodowe zdobywa\u0142 zarz\u0105dzaj\u0105c m.in. sp\u00f3\u0142k\u0105 transportu drzewnego i sieci\u0105 sklep\u00f3w odzie\u017cowych. W latach 1995-1997 pracowa\u0142 w Zak\u0142adach Mechanicznych Legmet \u2013 KGHM Polska Mied\u017a S.A.<\/p>\n\n\n\n<p>Inna dzia\u0142alno\u015b\u0107 Pana Krzysztofa Lewandowskiego (prowadzona poza przedsi\u0119biorstwem Emitenta) nie jest konkurencyjna w stosunku do dzia\u0142alno\u015bci wykonywanej w przedsi\u0119biorstwie Emitenta.<\/p>\n","protected":false},"excerpt":{"rendered":"<p>Zarz\u0105d Europejskiego Centrum Odszkodowa\u0144 S.A. w restrukturyzacji (dalej: \u201eEmitent\u201d, \u201eSp\u00f3\u0142ka\u201d) informuje, i\u017c 8 listopada 2022 r. powzi\u0105\u0142 informacj\u0119 o z\u0142o\u017ceniu przez dotychczasowego Prezesa Zarz\u0105du Sp\u00f3\u0142ki, Pana Krzysztofa Lewandowskiego, rezygnacji z pe\u0142nienia wspomnianej funkcji oraz cz\u0142onkostwa w Zarz\u0105dzie, ze skutkiem natychmiastowym. Powy\u017csza rezygnacja zosta\u0142a z\u0142o\u017cona w porozumieniu z Zarz\u0105dem oraz Rad\u0105 Nadzorcz\u0105 Emitenta, a jej powodem [&hellip;]<\/p>\n","protected":false},"author":2,"featured_media":0,"comment_status":"open","ping_status":"open","sticky":false,"template":"","format":"standard","meta":{"footnotes":""},"categories":[8],"tags":[75],"class_list":["post-3615","post","type-post","status-publish","format-standard","hentry","category-aktualnosci","tag-euco"],"_links":{"self":[{"href":"https:\/\/www.odszkodowania.info.pl\/index.php?rest_route=\/wp\/v2\/posts\/3615","targetHints":{"allow":["GET"]}}],"collection":[{"href":"https:\/\/www.odszkodowania.info.pl\/index.php?rest_route=\/wp\/v2\/posts"}],"about":[{"href":"https:\/\/www.odszkodowania.info.pl\/index.php?rest_route=\/wp\/v2\/types\/post"}],"author":[{"embeddable":true,"href":"https:\/\/www.odszkodowania.info.pl\/index.php?rest_route=\/wp\/v2\/users\/2"}],"replies":[{"embeddable":true,"href":"https:\/\/www.odszkodowania.info.pl\/index.php?rest_route=%2Fwp%2Fv2%2Fcomments&post=3615"}],"version-history":[{"count":1,"href":"https:\/\/www.odszkodowania.info.pl\/index.php?rest_route=\/wp\/v2\/posts\/3615\/revisions"}],"predecessor-version":[{"id":3616,"href":"https:\/\/www.odszkodowania.info.pl\/index.php?rest_route=\/wp\/v2\/posts\/3615\/revisions\/3616"}],"wp:attachment":[{"href":"https:\/\/www.odszkodowania.info.pl\/index.php?rest_route=%2Fwp%2Fv2%2Fmedia&parent=3615"}],"wp:term":[{"taxonomy":"category","embeddable":true,"href":"https:\/\/www.odszkodowania.info.pl\/index.php?rest_route=%2Fwp%2Fv2%2Fcategories&post=3615"},{"taxonomy":"post_tag","embeddable":true,"href":"https:\/\/www.odszkodowania.info.pl\/index.php?rest_route=%2Fwp%2Fv2%2Ftags&post=3615"}],"curies":[{"name":"wp","href":"https:\/\/api.w.org\/{rel}","templated":true}]}}