{"id":3621,"date":"2022-11-12T15:17:59","date_gmt":"2022-11-12T14:17:59","guid":{"rendered":"https:\/\/www.odszkodowania.info.pl\/?p=3621"},"modified":"2022-11-12T15:18:01","modified_gmt":"2022-11-12T14:18:01","slug":"ani-pieniedzy-ani-kontaktu-co-dalej-z-klientami-euco","status":"publish","type":"post","link":"https:\/\/www.odszkodowania.info.pl\/?p=3621","title":{"rendered":"\u201eANI PIENI\u0118DZY, ANI KONTAKTU\u201d. CO DALEJ Z KLIENTAMI EUCO?"},"content":{"rendered":"\n<p>S\u0142yszeli zapewnienie o wyp\u0142acie odszkodowania i kontakt si\u0119 urywa\u0142. Po reporta\u017cu, w kt\u00f3rym informowali\u015bmy, \u017ce firma EuCO zalega z wyp\u0142atami nale\u017cnych pieni\u0119dzy do redakcji Uwagi! zg\u0142osi\u0142o znacznie wi\u0119cej os\u00f3b, kt\u00f3re czuj\u0105 si\u0119 poszkodowane przez najwi\u0119ksz\u0105 tego typu kancelari\u0119 w Polsce.<\/p>\n\n\n\n<p>Pierwszy niepokoj\u0105cy sygna\u0142 na temat dzia\u0142ania najwi\u0119kszej w Polsce kancelarii zajmuj\u0105cej si\u0119 walk\u0105 z ubezpieczycielami o wyp\u0142at\u0119 odszkodowa\u0144 dla ofiar wypadk\u00f3w dotar\u0142 do nas kilka miesi\u0119cy temu.<\/p>\n\n\n\n<p><a href=\"https:\/\/uwaga.tvn.pl\/reportaze,2671,n\/szybka-pomoc-w-zdobyciu-pieniedzy-z-ubezpieczenia-gdybym-sprawe-zalatwil-sam-oficjalna-strona-progra,352123.html\" target=\"_blank\" rel=\"noreferrer noopener\">SZYBKA POMOC W ZDOBYCIU PIENI\u0118DZY Z UBEZPIECZENIA? \u201eGDYBYM SPRAW\u0118 ZA\u0141ATWI\u0141 SAM\u2026\u201d<\/a><\/p>\n\n\n\n<p>Chodzi\u0142o o spraw\u0119 12-letniej Kseni. Rodzina nastolatki, kt\u00f3ra z powodu upadku na \u017ale zabezpieczonej trampolinie straci\u0142a nerk\u0119 i omal nie straci\u0142a \u017cycia, czeka\u0142a na wyp\u0142at\u0119 przyznanych pieni\u0119dzy ponad dwa lata.<\/p>\n\n\n\n<p>&#8211; W szpitalu skontaktowa\u0142 si\u0119 ze mn\u0105 jaki\u015b pan i powiedzia\u0142, \u017ce ja b\u0119d\u0119 w szpitalu, a on wywalczy za mnie odszkodowanie, prze\u015ble pieni\u0105dze, a ja nie b\u0119d\u0119 musia\u0142a chodzi\u0107 po jakichkolwiek urz\u0119dach \u2013 opowiada\u0142a reporterowi Uwagi! Ma\u0142gorzata Cichocka-Spa\u0142ka, matka Kseni.<\/p>\n\n\n\n<p>&#8211; Pojawi\u0142y si\u0119 ci\u0105g\u0142e ponaglania o dosy\u0142anie dokumentacji, zar\u00f3wno medycznej, jak i r\u00f3\u017cnego rodzaju o\u015bwiadczenia i p\u00f3\u017aniej nast\u0105pi\u0142a cisza \u2013 m\u00f3wi\u0142 Robert Spa\u0142ka, ojciec Kseni.<\/p>\n\n\n\n<p>Rodzina nastolatki by\u0142a w zdziwiona, kiedy po pewnym czasie dowiedzia\u0142a si\u0119 od ubezpieczyciela, \u017ce ten natychmiast po wypadku wp\u0142aci\u0142 na konto kancelarii EuCO blisko 38 tys. z\u0142 odszkodowania potrzebnego na dalsz\u0105 rehabilitacj\u0119 Kseni. Gdy z ojcem dziewczynki pojechali\u015bmy do siedziby firmy EuCO w Legnicy, jej przedstawicielka zapewnia\u0142a, \u017ce nast\u0105pi\u0142 b\u0142\u0105d, kt\u00f3ry kancelaria natychmiast naprawi.<\/p>\n\n\n\n<p><strong>Kolejne przypadki<\/strong><\/p>\n\n\n\n<p>Rodzina Kseni dosta\u0142a nale\u017cne pieni\u0105dze, lecz po emisji reporta\u017cu okaza\u0142o si\u0119, \u017ce ta sprawa to wierzcho\u0142ek lodowej g\u00f3ry. Do redakcji zg\u0142osili si\u0119 inni poszkodowani przez kancelari\u0119 klienci. W\u015br\u00f3d nich pan Tomasz, kt\u00f3ry wiosn\u0105 zesz\u0142ego roku w centrum Poznania sta\u0142 si\u0119 ofiar\u0105 gro\u017anego wypadku.<\/p>\n\n\n\n<p>&#8211; By\u0142a godz. 11 wjecha\u0142em na skrzy\u017cowanie na zielonym \u015bwietle i wjecha\u0142 we mnie inny samoch\u00f3d. Oko\u0142o 20 minut by\u0142em w aucie nieprzytomny. Wynika\u0142o to ze z\u0142amania, kt\u00f3rego dozna\u0142em przy wystrzale poduszki. Ca\u0142y czas mam blach\u0119 w r\u0119ce \u2013 opowiada m\u0119\u017cczyzna.<\/p>\n\n\n\n<p>&#8211; Dosta\u0142em telefon od przedstawiciela firmy EuCO, kt\u00f3ry powiedzia\u0142, \u017ce dosta\u0142 informacje ze szpitala i chce zaproponowa\u0107 pomoc w postaci uzyskania odszkodowania wi\u0119kszego ni\u017c do tej pory dosta\u0142em od ubezpieczyciela \u2013 opowiada Tomasz Or\u0142owski.<\/p>\n\n\n\n<p>Kiedy po pewnym czasie pan Tomasz napisa\u0142 do ubezpieczyciela, okaza\u0142o si\u0119, \u017ce ten ju\u017c dawno wp\u0142aci\u0142 na konto kancelarii EuCO dodatkowe odszkodowanie.<\/p>\n\n\n\n<p>&#8211; Mniej wi\u0119cej rok czeka\u0142em na jaki\u015b ruch, kt\u00f3ry m\u00f3g\u0142by spowodowa\u0107 wyp\u0142at\u0119 tych pieni\u0119dzy. Do dzisiaj nie dosta\u0142em \u017cadnych pieni\u0119dzy od tej firmy, nadal czekam. Chodzi o 15,5 tys. z\u0142 \u2013 precyzuje m\u0119\u017cczyzna.<\/p>\n\n\n\n<p>Kolejn\u0105 osob\u0105, kt\u00f3ra si\u0119 do nas zg\u0142osi\u0142a jest pani Dominika.<\/p>\n\n\n\n<p>&#8211; Mia\u0142am po\u0142aman\u0105 miednic\u0119, po\u0142aman\u0105 r\u0119k\u0119, usuni\u0119t\u0105 \u015bledzion\u0119 i wci\u0105\u017c wymagam rehabilitacji \u2013 opowiada. I dodaje: &#8211; Kt\u00f3rego\u015b razu zaczepi\u0142a mnie \u017cona s\u0105siada i powiedzia\u0142a, \u017ce jej m\u0105\u017c pomaga uzyska\u0107 wi\u0119ksze odszkodowania i b\u0119dzie lepsza rehabilitacja. Zgodzili\u015bmy si\u0119 na to.<\/p>\n\n\n\n<p>Pani Dominika z Siedlec jaki\u015b czas temu dowiedzia\u0142a si\u0119, \u017ce p\u00f3\u0142 roku temu na konto firmy EuCO wp\u0142yn\u0119\u0142o blisko 40 tys. z\u0142 odszkodowania, ale kobieta wci\u0105\u017c czeka na nale\u017cne jej, po potr\u0105ceniu prowizji dla EuCO, pieni\u0105dze.<\/p>\n\n\n\n<p>&#8211; Dzwoni\u0142am tam i pyta\u0142am, ale us\u0142ysza\u0142am, \u017ce s\u0105 urlopy i nie ma pani, kt\u00f3ra wysy\u0142a przelewy. Nast\u0119pnym t\u0142umaczeniem by\u0142o to, \u017ce firma ma pogrzeb i nie ma nikogo w firmie \u2013 opowiada Dominika Szupiluk.<\/p>\n\n\n\n<p><strong>Marcin<\/strong><\/p>\n\n\n\n<p>&#8211; Blisko dwa lata temu dosz\u0142o do wypadku, w kt\u00f3rym Marcin by\u0142 pasa\u017cerem. Zgin\u0105\u0142 \u2013 opowiada Piotr Os\u0142owski, ojciec zast\u0119pczy zmar\u0142ego wypadku ch\u0142opca.<\/p>\n\n\n\n<p>Pan Piotr zdecydowa\u0142 si\u0119 na ofert\u0119 firmy EuCO, aby uzyska\u0107 odszkodowanie m.in. dla starszego brata zmar\u0142ego 18-latka, kt\u00f3ry r\u00f3wnie\u017c znajdowa\u0142 si\u0119 pod jego opiek\u0105.<\/p>\n\n\n\n<p>&#8211; Skontaktowa\u0142 si\u0119 ze mn\u0105 cz\u0142owiek z firmy EuCO i powiedzia\u0142, \u017ce jest kwota, kt\u00f3r\u0105 powinni\u015bmy zaakceptowa\u0107. Po pomniejszeniu o prowizj\u0119 dla EuCO by\u0142o to oko\u0142o 17 tys. z\u0142. Dosta\u0142em lakoniczn\u0105 informacj\u0119, \u017ce mam si\u0119 spodziewa\u0107 wyp\u0142aty w dw\u00f3ch ratach do ko\u0144ca czerwca. I to by\u0142 koniec kontaktu z firm\u0105 EuCO, czyli ani nie dosta\u0142em pieni\u0119dzy, ani nie by\u0142o kontaktu. Pr\u00f3bowa\u0142em dodzwoni\u0107 si\u0119 na infolini\u0119, ale tam jest tylko muzyczka \u2013 m\u00f3wi Os\u0142owski.<\/p>\n\n\n\n<p>Jedyny oficjalny kontakt z kancelari\u0105 to infolinia, na kt\u00f3r\u0105 klienci bezskutecznie dzwoni\u0105 przez wiele godzin.<\/p>\n\n\n\n<p><strong>O\u015bwiadczenie<\/strong><\/p>\n\n\n\n<p>By jednak rozwia\u0107 w\u0105tpliwo\u015bci wok\u00f3\u0142 dzia\u0142alno\u015bci EuCO, firma odpowiedzialna za kontakty kancelarii z mediami um\u00f3wi\u0142a si\u0119 z nami na nagranie.<\/p>\n\n\n\n<p>Ostatecznie szefowie firmy wycofali si\u0119 z rozmowy przed kamer\u0105 i wys\u0142ali nam o\u015bwiadczenie. Wynika z niego, \u017ce op\u00f3\u017anienia w wyp\u0142atach pieni\u0119dzy niewielkiej cz\u0119\u015bci klient\u00f3w, to pozosta\u0142o\u015b\u0107 pandemii i zastoju w s\u0105dach. EuCO zapewnia te\u017c, \u017ce po dofinansowaniu przez w\u0142a\u015bciciela sytuacja firmy uleg\u0142a znacz\u0105cej poprawie.<\/p>\n\n\n\n<p>Problem w tym, \u017ce t\u0142umaczenie sp\u00f3\u0142ki nie pasuje do sytuacji cz\u0119\u015bci poszkodowanych klient\u00f3w. Przyk\u0142adowo, w sprawie Kseni, kt\u00f3ra straci\u0142a nerk\u0119 po wypadku na placu zabaw, \u017cadnego procesu nie by\u0142o, a ubezpieczyciel dobrowolnie wyp\u0142aci\u0142 blisko 40 tys. z\u0142 odszkodowania na konto firmy EuCO, w dodatku zrobi\u0142 to jeszcze przed wybuchem pandemii. Gdzie le\u017ce\u0107 mo\u017ce prawdziwa przyczyna braku wyp\u0142at pieni\u0119dzy nale\u017cnych ofiarom? By si\u0119 tego dowiedzie\u0107, pojechali\u015bmy do siedzimy firmy z panem Tomaszem.<\/p>\n\n\n\n<p>Kiedy m\u0119\u017cczyzna zapyta\u0142 przedstawicielk\u0119 firmy, sk\u0105d zw\u0142oka w wyp\u0142acie pieni\u0119dzy, us\u0142ysza\u0142:<\/p>\n\n\n\n<p>&#8211; Na to pytanie nie mam odpowiedzi.<\/p>\n\n\n\n<p>Na rozmow\u0119 z reporterem Uwagi! zesz\u0142a do nas przedstawicielka firmy, kt\u00f3ra zapewnia\u0142a, \u017ce w EuCO wszystko jest w porz\u0105dku, a pana Tomasza \u2013 \u017ce niebawem dostanie nale\u017cne pieni\u0105dze.<\/p>\n\n\n\n<p>&#8211; Bardzo prosz\u0119 o kontakt z biurem prasowym, gdy\u017c nie jestem osob\u0105 uprawnion\u0105 do reprezentowania firmy w mediach \u2013 us\u0142yszeli\u015bmy.<\/p>\n\n\n\n<p>Poszkodowani klienci dopisali smutny fina\u0142. Nie wierz\u0105c w odzyskanie swoich pieni\u0119dzy, z\u0142o\u017cyli w legnickiej prokuraturze zawiadomienie o pope\u0142nieniu przez szef\u00f3w firmy EuCO przest\u0119pstwa przyw\u0142aszczenia.<\/p>\n\n\n\n<p>&#8211; Do prokuratora rejonowego w Legnicy w okresie od sierpnia do wrze\u015bnia wp\u0142yn\u0119\u0142y trzy zawiadomienia o przest\u0119pstwie z terenu ca\u0142ej Polski. Maj\u0105c na uwadze, \u017ce wp\u0142yni\u0119cie tych trzech zawiadomie\u0144, a przede wszystkim skan\u00f3w dochodzonych roszcze\u0144 czy nieprawid\u0142owo\u015bci dotycz\u0105cych nie wywi\u0105zania si\u0119 przez sp\u00f3\u0142k\u0119 EuCO ze swoich zobowi\u0105za\u0144, kt\u00f3re w tych trzech post\u0119powaniach si\u0119gaj\u0105 ponad 1 mln z\u0142, niezb\u0119dne b\u0119dzie po\u0142\u0105czenie tych post\u0119powa\u0144 i b\u0119d\u0105 one prowadzone jako jedno post\u0119powanie, kt\u00f3re my\u015bl\u0119, \u017ce przerodzi si\u0119 w stosowne \u015bledztwo \u2013 m\u00f3wi Rados\u0142aw Wr\u0119biak, prokurator rejonowy w Legnicy.<\/p>\n\n\n\n<p>Tu\u017c po naszej wizycie w siedzibie EuCO zarz\u0105d firmy z\u0142o\u017cy\u0142 do s\u0105du w Legnicy wniosek o rozpocz\u0119cie post\u0119powania naprawczego. Kilka dni temu s\u0105d postanowi\u0142 uwzgl\u0119dni\u0107 ten wniosek i powo\u0142a\u0142 zarz\u0105dc\u0119 sp\u00f3\u0142ki. Ta decyzja oznacza w praktyce dla wszystkich klient\u00f3w kancelarii d\u0142ug\u0105 i niepewn\u0105 walk\u0119 o odzyskanie nale\u017cnych im pieni\u0119dzy.<\/p>\n\n\n\n<p>tvn.pl<\/p>\n","protected":false},"excerpt":{"rendered":"<p>S\u0142yszeli zapewnienie o wyp\u0142acie odszkodowania i kontakt si\u0119 urywa\u0142. Po reporta\u017cu, w kt\u00f3rym informowali\u015bmy, \u017ce firma EuCO zalega z wyp\u0142atami nale\u017cnych pieni\u0119dzy do redakcji Uwagi! zg\u0142osi\u0142o znacznie wi\u0119cej os\u00f3b, kt\u00f3re czuj\u0105 si\u0119 poszkodowane przez najwi\u0119ksz\u0105 tego typu kancelari\u0119 w Polsce. Pierwszy niepokoj\u0105cy sygna\u0142 na temat dzia\u0142ania najwi\u0119kszej w Polsce kancelarii zajmuj\u0105cej si\u0119 walk\u0105 z ubezpieczycielami [&hellip;]<\/p>\n","protected":false},"author":2,"featured_media":0,"comment_status":"open","ping_status":"open","sticky":false,"template":"","format":"standard","meta":{"footnotes":""},"categories":[8],"tags":[75],"class_list":["post-3621","post","type-post","status-publish","format-standard","hentry","category-aktualnosci","tag-euco"],"_links":{"self":[{"href":"https:\/\/www.odszkodowania.info.pl\/index.php?rest_route=\/wp\/v2\/posts\/3621","targetHints":{"allow":["GET"]}}],"collection":[{"href":"https:\/\/www.odszkodowania.info.pl\/index.php?rest_route=\/wp\/v2\/posts"}],"about":[{"href":"https:\/\/www.odszkodowania.info.pl\/index.php?rest_route=\/wp\/v2\/types\/post"}],"author":[{"embeddable":true,"href":"https:\/\/www.odszkodowania.info.pl\/index.php?rest_route=\/wp\/v2\/users\/2"}],"replies":[{"embeddable":true,"href":"https:\/\/www.odszkodowania.info.pl\/index.php?rest_route=%2Fwp%2Fv2%2Fcomments&post=3621"}],"version-history":[{"count":1,"href":"https:\/\/www.odszkodowania.info.pl\/index.php?rest_route=\/wp\/v2\/posts\/3621\/revisions"}],"predecessor-version":[{"id":3622,"href":"https:\/\/www.odszkodowania.info.pl\/index.php?rest_route=\/wp\/v2\/posts\/3621\/revisions\/3622"}],"wp:attachment":[{"href":"https:\/\/www.odszkodowania.info.pl\/index.php?rest_route=%2Fwp%2Fv2%2Fmedia&parent=3621"}],"wp:term":[{"taxonomy":"category","embeddable":true,"href":"https:\/\/www.odszkodowania.info.pl\/index.php?rest_route=%2Fwp%2Fv2%2Fcategories&post=3621"},{"taxonomy":"post_tag","embeddable":true,"href":"https:\/\/www.odszkodowania.info.pl\/index.php?rest_route=%2Fwp%2Fv2%2Ftags&post=3621"}],"curies":[{"name":"wp","href":"https:\/\/api.w.org\/{rel}","templated":true}]}}