{"id":3638,"date":"2022-11-17T09:10:14","date_gmt":"2022-11-17T08:10:14","guid":{"rendered":"https:\/\/www.odszkodowania.info.pl\/?p=3638"},"modified":"2022-11-17T09:10:16","modified_gmt":"2022-11-17T08:10:16","slug":"ubezpieczeni-przez-macieja-b-zgineli-w-wypadku-a-pani-maria-w-pozarze-tak-tlumaczy-sie-podejrzany-biznesmen","status":"publish","type":"post","link":"https:\/\/www.odszkodowania.info.pl\/?p=3638","title":{"rendered":"Ubezpieczeni przez Macieja B. zgin\u0119li w wypadku, a pani Maria w po\u017carze. Tak t\u0142umaczy si\u0119 podejrzany biznesmen"},"content":{"rendered":"\n<p>Toru\u0144: Czy Maciej B. zabija\u0142 ludzi dla odszkodowania? Co ma wsp\u00f3lnego z po\u017carem, w kt\u00f3rym zgin\u0119\u0142a pani Maria? Sprawa podejrzanego biznesmena wzbudza ogromne emocje. Przedsi\u0119biorca nie przyznaje si\u0119 do winy. Twierdzi, \u017ce nie przy\u0142o\u017cy\u0142 r\u0119ki do niczyjej \u015bmierci. Fina\u0142u sprawy nie nale\u017cy si\u0119 spodziewa\u0107 w najbli\u017cszych dniach.<\/p>\n\n\n\n<p>Przedsi\u0119biorca z Torunia\u00a0najpierw zatrudni\u0142 w swojej firmie sze\u015b\u0107 os\u00f3b, p\u00f3\u017aniej wykupi\u0142 na nich w kilkunastu firmach ubezpieczeniowych pracownicze ubezpieczenie grupowe.\u00a028 listopada\u00a02020 roku w rowie w Starogrodzie Dolnym spali\u0142 si\u0119 osobowy daewoo matiz. W \u015brodku by\u0142o dw\u00f3ch m\u0119\u017cczyzn. Prokuratura uzna\u0142a, \u017ce samoch\u00f3d stoczy\u0142 si\u0119 ze skarpy na niewielkim \u0142uku i umorzy\u0142a post\u0119powanie. W samochodzie spalili si\u0119 Andrzej \u015a. i Rafa\u0142 Koczan. Andrzej Koczan (55 l.) przekonywa\u0142, \u017ce jego syn Rafa\u0142 zosta\u0142 spalony w samochodzie dla ogromnego odszkodowania.<\/p>\n\n\n\n<p><strong>Maciej B. zabija\u0142 dla pieni\u0119dzy z ubezpieczenia? W po\u017carze zgin\u0119\u0142a pani Maria<\/strong><\/p>\n\n\n\n<p>Dlaczego Maciej B. zatrudnia\u0142 i ubezpiecza\u0142 bezdomnych? &#8211;\u00a0Doskonale wiedzia\u0142 o tym, \u017ce ich stan zdrowia jest delikatnie m\u00f3wi\u0105c op\u0142akany. Liczy\u0142 na to, \u017ce oni umr\u0105 a miliony trafia do jego kieszeni. Jedna z tych os\u00f3b zmar\u0142a na posocznic\u0119, a druga na marsko\u015b\u0107 w\u0105troby. W wypadku zgin\u0119\u0142y dwie normalne, porz\u0105dne osoby. Sprawa tego zdarzenia zosta\u0142a przez prokuratur\u0119 rejonow\u0105 umorzona &#8211; m\u00f3wi\u0142 nam w 2021 roku jeden z toru\u0144skich policjant\u00f3w.<\/p>\n\n\n\n<p>\u0141\u0105cznie \u017cycie straci\u0142o 5 os\u00f3b, ubezpieczonych przez przedsi\u0119biorc\u0119 z Torunia.&nbsp;W marcu 2022 roku informowali\u015bmy o poruszaj\u0105cej tragedii. \u017bycie po po\u017carze straci\u0142a Maria D., kt\u00f3r\u0105 na \u017cycie ubezpieczy\u0142\u2026 Maciej B. Ta historia mrozi krew w \u017cy\u0142ach.&nbsp;Pani Maria chorowa\u0142a. Na klatce bloku w kt\u00f3rym mieszka\u0142a znalaz\u0142a og\u0142oszenie, \u017ce firma zajmuj\u0105ca si\u0119 obrotem nieruchomo\u015bci kupuje mieszkania. Biuro nieruchomo\u015bci zosta\u0142o poinformowane przez rodzin\u0119 pani Marii, \u017ce ona jest ci\u0119\u017cko chora. Ka\u017cda osoba, kt\u00f3ra dowiedzia\u0142aby si\u0119 na co choruje kobieta, pieni\u0105dze za mieszkanie albo raty wp\u0142aca\u0142aby na jej konto, aby unikn\u0105\u0107 podejrze\u0144.<\/p>\n\n\n\n<p>Tak si\u0119 jednak nie sta\u0142o. Maciej B. mia\u0142 kartki z podpisami pani Marii, \u017ce sama zainteresowana kwituje odbi\u00f3r pieni\u0119dzy. Pani Maria m\u00f3wi\u0142a swojej s\u0105siadce, \u017ce nie wie co podpisywa\u0142a i dosta\u0142a od m\u0119\u017cczyzny pi\u0119\u0107 i p\u00f3\u0142 tysi\u0105ca z\u0142otych. Toru\u0144ska prokuratura skierowa\u0142a do s\u0105du akt oskar\u017cenia przeciwko Maciejowi B.. Ten uniewinni\u0142 m\u0119\u017cczyzn\u0119.<\/p>\n\n\n\n<p>28 marca S\u0105d Okr\u0119gowy &#8211; po tym jak prokuratura postawi\u0142a Maciejowi B. zarzut wywo\u0142ania po\u017caru mieszkania w budynku wielorodzinnym &#8211; wreszcie pos\u0142a\u0142 go za kratki na trzy miesi\u0105ce. &#8211;\u00a0Nie mo\u017cemy uwierzy\u0107 w to, \u017ce Maria zosta\u0142a zamordowana, \u017ce to nie by\u0142 jednak nieszcz\u0119\u015bliwy wypadek. Nie mo\u017cemy w to uwierzy\u0107, \u017ce kto\u015b najpierw j\u0105 oszuka\u0142, a potem m\u00f3g\u0142 j\u0105 zabi\u0107 dla pieni\u0119dzy z jej polisy &#8211; powiedzieli &#8222;Super Expressowi&#8221; jej bliscy.<\/p>\n\n\n\n<p><strong>Toru\u0144: Co Maciej B. ma wsp\u00f3lnego z wypadkami i po\u017carem? Tak broni si\u0119 podejrzany<\/strong><\/p>\n\n\n\n<p>Do adwokata zatrzymanego i aresztowanego biznesmena dotar\u0142a dziennikarka &#8222;Nowo\u015bci&#8221;. &#8211;\u00a0Maciej B. ma \u015bwiadomo\u015b\u0107 tego, \u017ce opinia publiczna ju\u017c wyda\u0142a na niego wyrok i \u017ce jest odbierany jako &#8222;zab\u00f3jca&#8221;, diabe\u0142 wcielony&#8221;, &#8222;potw\u00f3r w ludzkiej sk\u00f3rze&#8221;. Tymczasem od pocz\u0105tku konsekwentnie nie przyznaje si\u0119 do zarzucanych mu czyn\u00f3w. Przekazuje, \u017ce do \u017cadnego z 5 zgon\u00f3w swoich by\u0142ych pracownik\u00f3w nie przy\u0142o\u017cy\u0142 r\u0119ki &#8211; powiedzia\u0142\u00a0adwokat Adam Wygralak, cytowany przez portal toru\u0144skiego dziennika.<\/p>\n\n\n\n<p>Mecenas dodaje, \u017ce zatrudnieni przez Macieja B. z Torunia zmarli w szpitalu na choroby, na kt\u00f3re cierpieli zanim zostali pracownikami przedsi\u0119biorcy. Co do wypadku w&nbsp;Starogrodzie Dolnym, Maciej B. jest przekonany, \u017ce umorzenie \u015bledztwa przez che\u0142mi\u0144sk\u0105 prokuratur\u0119 m\u00f3wi wszystko. Biznesmen nie przyznaje si\u0119 r\u00f3wnie\u017c do spowodowania po\u017caru w mieszkaniu Marii D. &#8211;&nbsp;Podkre\u015bla, \u017ce nawet nie by\u0142 w\u0142a\u015bcicielem tego lokalu, nie przej\u0105\u0142 go, wi\u0119c jaki mia\u0142by mie\u0107 w tym cel?&nbsp;&#8211; cytuje podejrzanego jego adwokat.<\/p>\n\n\n\n<p>Prawnik twierdzi r\u00f3wnie\u017c, i\u017c nie ma \u017cadnych informacji o dowodach, kt\u00f3re potwierdza\u0142yby win\u0119 Macieja B.. Na razie m\u0119\u017cczyzna nie zosta\u0142 o nic oskar\u017cony. Ko\u0144ca \u015bledztwa na razie na horyzoncie nie wida\u0107.<\/p>\n\n\n\n<p>se.pl<\/p>\n","protected":false},"excerpt":{"rendered":"<p>Toru\u0144: Czy Maciej B. zabija\u0142 ludzi dla odszkodowania? Co ma wsp\u00f3lnego z po\u017carem, w kt\u00f3rym zgin\u0119\u0142a pani Maria? Sprawa podejrzanego biznesmena wzbudza ogromne emocje. Przedsi\u0119biorca nie przyznaje si\u0119 do winy. Twierdzi, \u017ce nie przy\u0142o\u017cy\u0142 r\u0119ki do niczyjej \u015bmierci. Fina\u0142u sprawy nie nale\u017cy si\u0119 spodziewa\u0107 w najbli\u017cszych dniach. Przedsi\u0119biorca z Torunia\u00a0najpierw zatrudni\u0142 w swojej firmie sze\u015b\u0107 [&hellip;]<\/p>\n","protected":false},"author":2,"featured_media":0,"comment_status":"open","ping_status":"open","sticky":false,"template":"","format":"standard","meta":{"footnotes":""},"categories":[8],"tags":[12],"class_list":["post-3638","post","type-post","status-publish","format-standard","hentry","category-aktualnosci","tag-odszkodowanie"],"_links":{"self":[{"href":"https:\/\/www.odszkodowania.info.pl\/index.php?rest_route=\/wp\/v2\/posts\/3638","targetHints":{"allow":["GET"]}}],"collection":[{"href":"https:\/\/www.odszkodowania.info.pl\/index.php?rest_route=\/wp\/v2\/posts"}],"about":[{"href":"https:\/\/www.odszkodowania.info.pl\/index.php?rest_route=\/wp\/v2\/types\/post"}],"author":[{"embeddable":true,"href":"https:\/\/www.odszkodowania.info.pl\/index.php?rest_route=\/wp\/v2\/users\/2"}],"replies":[{"embeddable":true,"href":"https:\/\/www.odszkodowania.info.pl\/index.php?rest_route=%2Fwp%2Fv2%2Fcomments&post=3638"}],"version-history":[{"count":1,"href":"https:\/\/www.odszkodowania.info.pl\/index.php?rest_route=\/wp\/v2\/posts\/3638\/revisions"}],"predecessor-version":[{"id":3639,"href":"https:\/\/www.odszkodowania.info.pl\/index.php?rest_route=\/wp\/v2\/posts\/3638\/revisions\/3639"}],"wp:attachment":[{"href":"https:\/\/www.odszkodowania.info.pl\/index.php?rest_route=%2Fwp%2Fv2%2Fmedia&parent=3638"}],"wp:term":[{"taxonomy":"category","embeddable":true,"href":"https:\/\/www.odszkodowania.info.pl\/index.php?rest_route=%2Fwp%2Fv2%2Fcategories&post=3638"},{"taxonomy":"post_tag","embeddable":true,"href":"https:\/\/www.odszkodowania.info.pl\/index.php?rest_route=%2Fwp%2Fv2%2Ftags&post=3638"}],"curies":[{"name":"wp","href":"https:\/\/api.w.org\/{rel}","templated":true}]}}