{"id":3642,"date":"2022-11-17T23:13:36","date_gmt":"2022-11-17T22:13:36","guid":{"rendered":"https:\/\/www.odszkodowania.info.pl\/?p=3642"},"modified":"2022-11-17T23:13:38","modified_gmt":"2022-11-17T22:13:38","slug":"krakowska-prokuratura-oskarzala-policjanta-uniewinniony-wygral-240-tys-zl-za-niesluszny-areszt","status":"publish","type":"post","link":"https:\/\/www.odszkodowania.info.pl\/?p=3642","title":{"rendered":"Krakowska prokuratura oskar\u017ca\u0142a policjanta. Uniewinniony wygra\u0142 240 tys. z\u0142 za nies\u0142uszny areszt"},"content":{"rendered":"\n<p>8 miesi\u0119cy nies\u0142usznie sp\u0119dzi\u0142 za kratkami policjant wydzia\u0142u kryminalnego komendy z Katowic. Pi\u0119\u0107 zarzut\u00f3w stawia\u0142a mu krakowska prokuratura. Teraz by\u0142y ju\u017c funkcjonariusz wywalczy\u0142 240 tys. z\u0142 za swoj\u0105 krzywd\u0119. Wyrok jest prawomocny.<\/p>\n\n\n\n<p>50-letni dzi\u015b Funkcjonariusz Piotr L. s\u0142u\u017cb\u0119 pe\u0142ni\u0142 od 2000 r., przed zatrzymaniem by\u0142 policjantem operacyjnym w KWP Katowice. Na mocy decyzji Prokuratury Okr\u0119gowej w Krakowie zosta\u0142 zatrzymany, a potem aresztowany w marcu 2014 r.<\/p>\n\n\n\n<p>\u015aledczy postawili mu zarzuty: udzia\u0142u w grupie przest\u0119pczej zajmuj\u0105cej si\u0119 obrotem farmaceutyk\u00f3w, wprowadzania ich do obrotu, przekroczenia uprawnie\u0144 i udzielania poufnych informacji osobie nieuprawnionej.<\/p>\n\n\n\n<p><strong>Policjant z Katowic aresztowany<\/strong><\/p>\n\n\n\n<p>W areszcie tymczasowym Piotr L. przebywa\u0142 8 miesi\u0119cy do listopada 2014 r. Potem stosowano wobec niego inne \u015brodki zapobiegawcze m.in. kaucj\u0119 w wysoko\u015bci 10 tys. z\u0142. W maju 2018 r. zosta\u0142 uniewinniony od wszystkich zarzut\u00f3w przed S\u0105dem Okr\u0119gowym w Katowicach.<\/p>\n\n\n\n<p>W 2019 r. wyst\u0105pi\u0142 o 800 tys. zado\u015b\u0107uczynienia za krzywd\u0119 i 24 tys. odszkodowania. Argumentowa\u0142, \u017ce na skutek osadzenia w celi nie mia\u0142 mo\u017cliwo\u015bci rehabilitacji. W 2007 r. dozna\u0142 urazu kr\u0119gos\u0142upa i od tej pory trzykrotnie rehabilitowa\u0142 si\u0119 w warunkach szpitalnych, w dom sam te\u017c du\u017co \u0107wiczy\u0142, bra\u0142 jako zawodnik w zawodach w podnoszeniu ci\u0119\u017car\u00f3w i odnosi\u0142 sukcesy.<\/p>\n\n\n\n<p>W 2013 r. przed osadzeniem lekarz stwierdzi\u0142, \u017ce jest zdolny do s\u0142u\u017cby, areszt od marca 2014 r. pozbawi\u0142 go mo\u017cliwo\u015bci kontynuacji rehabilitacji i dosz\u0142o w jego przypadku do nieodwracalnego pogorszenia stanu zdrowia a\u017c do trwa\u0142ego kalectwa i niezdolno\u015bci do samodzielnej egzystencji. \u015awiadczy\u0142a o tym ekspertyza bieg\u0142ego neurologa.<\/p>\n\n\n\n<p>Dodatkowo, jak argumentowa\u0142 policjant we wniosku o zado\u015b\u0107uczynienie, odczuwa\u0142 traum\u0119 w wi\u0119zieniu obawiaj\u0105c si\u0119 ujawnienia przed innymi osadzonymi, \u017ce jest policjantem operacyjnym. Ba\u0142 si\u0119 agresji ich strony. Na skutek zatrzymania i aresztu, jak przekonywa\u0142, straci\u0142 dobre imi\u0119 i znajomych. Sam odszed\u0142 ze s\u0142u\u017cby w styczniu 2015 r. gdy toczy\u0142o si\u0119 przeciwko niemu post\u0119powanie dyscyplinarne.<\/p>\n\n\n\n<p><strong>Wyrok krakowskiego s\u0105du<\/strong><\/p>\n\n\n\n<p>S\u0105d Okr\u0119gowy w Krakowie przyzna\u0142 mu za te krzywdy 180 tys. z\u0142 zado\u015b\u0107uczynienia.<\/p>\n\n\n\n<p>Intensywna rehabilitacja mia\u0142a fundamentalne znaczenie dla jego schorzenia. Jej brak spowodowa\u0142 zanik mi\u0119\u015bni, nasilenie zmian zwyrodnieniowych, zwi\u0119kszone uszkodzenia. Teraz ma I grup\u0119 inwalidzk\u0105, jest niezdolny do pracy w policji i do pracy w og\u00f3le<\/p>\n\n\n\n<p>Jego stan zdrowia pogorszy\u0142 si\u0119 o 50 proc., ma trwa\u0142e kalectwo. S\u0105d przyznaj\u0105c rekompensat\u0119 wzi\u0105\u0142 pod uwag\u0119 d\u0142ugo\u015b\u0107 trwania aresztu, poczucie krzywdy, stres, obaw\u0119 przed osadzonymi i wp\u0142yw izolacji na stan zdrowia, izolacji wp\u0142yw na sfer\u0119 zawodow\u0105 i naruszenie dobrego imienia w swoim \u015brodowisku.<\/p>\n\n\n\n<p>Na skutek apelacji obro\u0144cy S\u0105d Apelacyjny w Krakowie podwy\u017cszy\u0142 zado\u015b\u0107uczynienie do kwoty 240 tys. z\u0142<\/p>\n\n\n\n<p>gazetakrakowska.pl<\/p>\n","protected":false},"excerpt":{"rendered":"<p>8 miesi\u0119cy nies\u0142usznie sp\u0119dzi\u0142 za kratkami policjant wydzia\u0142u kryminalnego komendy z Katowic. Pi\u0119\u0107 zarzut\u00f3w stawia\u0142a mu krakowska prokuratura. Teraz by\u0142y ju\u017c funkcjonariusz wywalczy\u0142 240 tys. z\u0142 za swoj\u0105 krzywd\u0119. Wyrok jest prawomocny. 50-letni dzi\u015b Funkcjonariusz Piotr L. s\u0142u\u017cb\u0119 pe\u0142ni\u0142 od 2000 r., przed zatrzymaniem by\u0142 policjantem operacyjnym w KWP Katowice. Na mocy decyzji Prokuratury Okr\u0119gowej [&hellip;]<\/p>\n","protected":false},"author":2,"featured_media":0,"comment_status":"open","ping_status":"open","sticky":false,"template":"","format":"standard","meta":{"footnotes":""},"categories":[8],"tags":[123,178,13],"class_list":["post-3642","post","type-post","status-publish","format-standard","hentry","category-aktualnosci","tag-policja","tag-prokuratura","tag-zadoscuczynienie"],"_links":{"self":[{"href":"https:\/\/www.odszkodowania.info.pl\/index.php?rest_route=\/wp\/v2\/posts\/3642","targetHints":{"allow":["GET"]}}],"collection":[{"href":"https:\/\/www.odszkodowania.info.pl\/index.php?rest_route=\/wp\/v2\/posts"}],"about":[{"href":"https:\/\/www.odszkodowania.info.pl\/index.php?rest_route=\/wp\/v2\/types\/post"}],"author":[{"embeddable":true,"href":"https:\/\/www.odszkodowania.info.pl\/index.php?rest_route=\/wp\/v2\/users\/2"}],"replies":[{"embeddable":true,"href":"https:\/\/www.odszkodowania.info.pl\/index.php?rest_route=%2Fwp%2Fv2%2Fcomments&post=3642"}],"version-history":[{"count":1,"href":"https:\/\/www.odszkodowania.info.pl\/index.php?rest_route=\/wp\/v2\/posts\/3642\/revisions"}],"predecessor-version":[{"id":3643,"href":"https:\/\/www.odszkodowania.info.pl\/index.php?rest_route=\/wp\/v2\/posts\/3642\/revisions\/3643"}],"wp:attachment":[{"href":"https:\/\/www.odszkodowania.info.pl\/index.php?rest_route=%2Fwp%2Fv2%2Fmedia&parent=3642"}],"wp:term":[{"taxonomy":"category","embeddable":true,"href":"https:\/\/www.odszkodowania.info.pl\/index.php?rest_route=%2Fwp%2Fv2%2Fcategories&post=3642"},{"taxonomy":"post_tag","embeddable":true,"href":"https:\/\/www.odszkodowania.info.pl\/index.php?rest_route=%2Fwp%2Fv2%2Ftags&post=3642"}],"curies":[{"name":"wp","href":"https:\/\/api.w.org\/{rel}","templated":true}]}}