{"id":3649,"date":"2022-11-22T11:16:25","date_gmt":"2022-11-22T10:16:25","guid":{"rendered":"https:\/\/www.odszkodowania.info.pl\/?p=3649"},"modified":"2022-11-22T11:16:26","modified_gmt":"2022-11-22T10:16:26","slug":"euco-kancelaria-odszkodowawcza-zaluje-za-grzechy-chce-splacic-wszystkich-klientow-i-odzyskac-korone-wywiad","status":"publish","type":"post","link":"https:\/\/www.odszkodowania.info.pl\/?p=3649","title":{"rendered":"EuCO: Kancelaria odszkodowawcza \u017ca\u0142uje za grzechy. Chce sp\u0142aci\u0107 wszystkich klient\u00f3w i odzyska\u0107 koron\u0119 [WYWIAD]"},"content":{"rendered":"\n<p>Kancelaria odszkodowawcza EuCO przez problemy finansowe znalaz\u0142a si\u0119 na ostrym zakr\u0119cie, z kt\u00f3rego usi\u0142uje nie tylko wyj\u015b\u0107 bez szwanku, ale zamierza tak rozkr\u0119ci\u0107 biznes, aby jak najszybciej powr\u00f3ci\u0107 na pozycj\u0119 lidera. Ponad trzydziestomilionowe zaleg\u0142o\u015bci wobec klient\u00f3w planuje sp\u0142aci\u0107 w ca\u0142o\u015bci. Nowa prezes Renata Sawicz-Patora w rozmowie z money.pl przekonuje, \u017ce sp\u00f3\u0142ka jest na w\u0142a\u015bciwej drodze.<\/p>\n\n\n\n<p>Nad Europejskim Centrum Odszkodowa\u0144 (EuCO) &#8211;&nbsp;dawniej dobrze prosperuj\u0105c\u0105 firm\u0105 z&nbsp;bran\u017cy odszkodowawczej (mowa o&nbsp;firmach, kt\u00f3re \u017cyj\u0105 z&nbsp;prowizji od wywalczonego od ubezpieczyciela odszkodowania na rzecz poszkodowanego klienta) &#8211;&nbsp;zebra\u0142y si\u0119 ciemne chmury. Sp\u00f3\u0142ka notowana na Gie\u0142dzie Papier\u00f3w Warto\u015bciowych straci\u0142a p\u0142ynno\u015b\u0107, o&nbsp;czym informowali\u015bmy w&nbsp;money.pl w&nbsp;maju. Zalega z&nbsp;wyp\u0142at\u0105 milin\u00f3w z\u0142otych wierzycielom &#8211;&nbsp;w&nbsp;tym m.in. kontrahentom, ale przede wszystkim klientom.<\/p>\n\n\n\n<p>Niekt\u00f3rzy z&nbsp;nich od miesi\u0119cy czekaj\u0105 na odszkodowanie, kt\u00f3re zgodnie ze standardem bran\u017cowym przechodzi przez rachunek po\u015brednika. Co gorsza, cz\u0119\u015b\u0107 klient\u00f3w skar\u017cy si\u0119 na brak jakiegokolwiek kontaktu z&nbsp;firm\u0105. Na domiar z\u0142ego sp\u00f3\u0142k\u0119 prze\u015bwietlaj\u0105 \u015bledczy po tym, jak do legnickiej prokuratury wp\u0142yn\u0119\u0142y zawiadomienia o&nbsp;podejrzeniu przest\u0119pstwa: przyw\u0142aszczenia mienia znacznej warto\u015bci.<\/p>\n\n\n\n<p>Aby si\u0119 ratowa\u0107, w\u00a0po\u0142owie pa\u017adziernika EuCO z\u0142o\u017cy\u0142o wniosek o\u00a0restrukturyzacj\u0119, a\u00a0dwa tygodnie p\u00f3\u017aniej\u00a0s\u0105d da\u0142 sp\u00f3\u0142ce zielone \u015bwiat\u0142o. Trwaj\u0105 prace nad planem naprawczym. Stery w\u00a0firmie od Krzysztofa Lewandowskiego, tw\u00f3rcy i\u00a0wieloletniego prezesa, przej\u0119\u0142a w\u0142a\u015bnie Renata Sawicz-Patora.<\/p>\n\n\n\n<p><strong>Karolina Wysota, money.pl: Niekt\u00f3rzy klienci, kt\u00f3rym zalegacie z\u00a0wyp\u0142at\u0105 pieni\u0119dzy, skar\u017c\u0105 si\u0119, \u017ce nie maj\u0105 z\u00a0wami \u017cadnego kontaktu. Nie obieracie telefon\u00f3w, nie odpowiadacie na mejle. Dlaczego tak post\u0119pujecie? Czy nie uwa\u017ca pani, \u017ce to jest nie w\u00a0porz\u0105dku?<\/strong><\/p>\n\n\n\n<p><strong>Renata Sawicz-Patora, prezes EuCO:<\/strong> Przepraszam tych, kt\u00f3rzy pr\u00f3bowali si\u0119 z\u00a0nami skontaktowa\u0107 i\u00a0nie uda\u0142o im si\u0119 to. Zapewniam, \u017ce kontakt z\u00a0klientem jest dla nas bardzo wa\u017cny. By\u0142 taki moment, kiedy mieli\u015bmy problemy logistyczne, spowodowane przygotowaniem si\u0119 do restrukturyzacji oraz redukcj\u0105 zatrudnienia w\u00a0firmie, kiedy rzeczywi\u015bcie nie byli\u015bmy w\u00a0stanie zapewni\u0107 pe\u0142nego, oczekiwanego kontaktu. Mierz\u0105c si\u0119 z\u00a0tym problemem, dos\u0142ownie kilka dni temu wdro\u017cyli\u015bmy now\u0105 strategi\u0119 komunikacji z\u00a0klientami i\u00a0wzmocnili\u015bmy dzia\u0142 obs\u0142ugi klienta. Chcemy, by ka\u017cdy z\u00a0klient\u00f3w mia\u0142 z\u00a0nami kontakt, cho\u0107 wiem, \u017ce nie odpowiemy jeszcze na wszystkie pytania. Informujemy i\u00a0b\u0119dziemy informowa\u0107 w\u00a0takim zakresie, w\u00a0jakim umo\u017cliwi nam to zarz\u0105dca restrukturyzacyjny.<\/p>\n\n\n\n<p><strong>W pa\u017adzierniku odby\u0142a si\u0119 konferencja prasowa w\u00a0Senacie zatytu\u0142owana: &#8222;Czy w\u00a0Polsce mamy piramid\u0119 finansow\u0105, w\u00a0kt\u00f3rej poszkodowanymi s\u0105 ofiary wypadk\u00f3w drogowych?&#8221;. Uczestniczy\u0142 w\u00a0niej m.in. przedstawiciel stowarzyszenia Alter Ego &#8211;\u00a0Janusz Popiel. Najpierw, powo\u0142uj\u0105c si\u0119 na sprawozdanie EuCO z\u00a0ko\u0144ca czerwca tego roku, powiedzia\u0142, \u017ce zobowi\u0105zania wobec klient\u00f3w ju\u017c po potr\u0105ceniu prowizji za po\u015brednictwo kszta\u0142towa\u0142y si\u0119 na poziomie 60 mln z\u0142, a\u00a0w\u00a0kasie sp\u00f3\u0142ki by\u0142o niewiele powy\u017cej 1,5 mln z\u0142. Nast\u0119pnie zapyta\u0142: gdzie si\u0119 podzia\u0142y te pieni\u0105dze? Pani prezes, gdzie si\u0119 podzia\u0142y te pieni\u0105dze? Ile wynosz\u0105 wasze zobowi\u0105zania wobec klient\u00f3w?<\/strong><\/p>\n\n\n\n<p>EuCO jest firm\u0105, kt\u00f3ra od dawna prowadzi swoj\u0105 dzia\u0142alno\u015b\u0107. We wtorek obchodzimy 18-lecie. Przez ca\u0142y okres funkcjonowania pomogli\u015bmy 350 tys. rodzin os\u00f3b poszkodowanych, uzyskuj\u0105c dla nich ponad 3,5 mld z\u0142 odszkodowa\u0144. To bardzo du\u017ce pieni\u0105dze wyp\u0142acone konkretnym potrzebuj\u0105cym ludziom, kt\u00f3rzy sami nie mieli szans na ich wywalczenie. Czas ogranicze\u0144 pandemicznych wprowadzi\u0142 nas w&nbsp;k\u0142opoty biznesowe, kt\u00f3re nie od razu by\u0142y widoczne. Wydawa\u0142o si\u0119, \u017ce rozp\u0119dzona, dobrze funkcjonuj\u0105ca przez kilkana\u015bcie lat firma b\u0119dzie odporna na takie zawirowania. Okaza\u0142o si\u0119, \u017ce jednak nie. Koszty funkcjonowania firmy i&nbsp;obs\u0142ugi zaci\u0105gni\u0119tych zobowi\u0105za\u0144 ros\u0142y wraz z&nbsp;podnoszeniem st\u00f3p procentowych. Restrukturyzacja, na kt\u00f3r\u0105 si\u0119 zdecydowali\u015bmy ma nam pom\u00f3c w&nbsp;wyj\u015bciu z&nbsp;tego kryzysu, tak by wyp\u0142aci\u0107 wszystkie zobowi\u0105zania wobec klient\u00f3w. Zobowi\u0105zania te wynosz\u0105 ponad 30 mln. Intencj\u0105 zarz\u0105du jest sp\u0142acenie tej kwoty w&nbsp;ca\u0142o\u015bci.<\/p>\n\n\n\n<p><strong>Czy to kwota zaleg\u0142o\u015bci tylko wobec klient\u00f3w?<\/strong><\/p>\n\n\n\n<p>Tak. M\u00f3wimy tu o&nbsp;zobowi\u0105zaniach wobec klient\u00f3w, kt\u00f3rych chcemy sp\u0142aci\u0107 z&nbsp;naszego obecnego i&nbsp;przysz\u0142ego zysku. Chcemy nadal by\u0107 na rynku i&nbsp;rozwija\u0107 si\u0119. Dlatego te\u017c &#8211;&nbsp;co chcia\u0142abym podkre\u015bli\u0107 &#8211;&nbsp;zmienili\u015bmy model biznesowy, wdra\u017caj\u0105c (jako pierwsi na rynku odszkodowa\u0144 i&nbsp;obecnie jedyni) p\u0142atno\u015b\u0107 podzielon\u0105. Od pocz\u0105tku pa\u017adziernika nasi klienci otrzymuj\u0105 pieni\u0105dze bezpo\u015brednio na sw\u00f3j rachunek bankowy, a&nbsp;na rachunek pe\u0142nomocnika wp\u0142ywa wy\u0142\u0105cznie wynagrodzenie za obs\u0142ug\u0119, okre\u015blone umow\u0105 o&nbsp;dochodzeniu roszcze\u0144.\u202fTo najbezpieczniejsze dla klienta rozwi\u0105zanie, w&nbsp;kt\u00f3rym ma pewno\u015b\u0107, \u017ce pieni\u0105dze wywalczone od ubezpieczyciela wp\u0142ywaj\u0105 bezpo\u015brednio na jego konto.<\/p>\n\n\n\n<p><strong>Do legnickiej prokuratury sp\u0142ywaj\u0105 donosy na EuCO. Jest podejrzenie pope\u0142nienia przest\u0119pstwa w\u00a0zakresie przyw\u0142aszczenia mienia o\u00a0znacznej warto\u015bci. \u015aledczy badaj\u0105 spraw\u0119. Czy to nie koliduje z\u00a0procesem naprawczym, kt\u00f3ry ma pom\u00f3c sp\u00f3\u0142ce wyj\u015b\u0107 na prost\u0105?<\/strong><\/p>\n\n\n\n<p>Nie jest to komfortowa sytuacja, ale na proces naprawczy nie ma wp\u0142ywu. Rol\u0105 prokuratury jest wyja\u015bnienie ka\u017cdej takiej sprawy i&nbsp;jeste\u015bmy w&nbsp;pe\u0142ni otwarci na udzielenie wszelkiej mo\u017cliwej pomocy. Uwa\u017cam jednak, \u017ce problemy biznesowe to temat dla s\u0105du gospodarczego, kt\u00f3ry zadecydowa\u0142 ju\u017c o&nbsp;otwarciu post\u0119powania restrukturyzacyjnego, wyznaczy\u0142 nam zarz\u0105dc\u0119. Dzi\u0119ki temu mamy szans\u0119 na odbudowanie swojej pozycji na rynku i&nbsp;uregulowanie zaleg\u0142o\u015bci.<\/p>\n\n\n\n<p>Jeste\u015bmy firm\u0105 nastawion\u0105 na wieloletni\u0105 dzia\u0142alno\u015b\u0107. Przez lata z&nbsp;sukcesem pomagamy osobom poszkodowanym i&nbsp;chcemy to robi\u0107 nadal. W&nbsp;tym momencie koncentrujemy si\u0119 na tym, aby jak najszybciej odzyska\u0107 p\u0142ynno\u015b\u0107 finansow\u0105. Nasi przedstawiciele pracuj\u0105 i&nbsp;pozyskuj\u0105 nowych klient\u00f3w. Dzi\u0119ki nowemu modelowi podzia\u0142u p\u0142atno\u015bci, kt\u00f3ry wprowadzili\u015bmy jako pierwsi w&nbsp;bran\u017cy, jeste\u015bmy na dobrej drodze do osi\u0105gni\u0119cia celu. Pod wzgl\u0119dem prawnym wdra\u017cana procedura restrukturyzacyjna ma na celu zabezpieczenie interes\u00f3w wszystkich naszych wierzycieli. Zarz\u0105d sp\u00f3\u0142ki jest pod nadzorem zarz\u0105dcy restrukturyzacyjnego, a&nbsp;nad tym procesem dodatkowo piecz\u0119 trzyma r\u00f3wnie\u017c s\u0105d.<\/p>\n\n\n\n<p><strong>Co jeszcze si\u0119 zmieni w\u00a0modelu biznesowym?<\/strong><\/p>\n\n\n\n<p>Na t\u0119 chwil\u0119 innych zmian &#8211;\u00a0poza ewentualnie nowymi produktami &#8211;\u00a0nie planujemy. Tym bardziej, \u017ce ten model biznesowy przez kilkana\u015bcie lat dzia\u0142a\u0142 z\u00a0powodzeniem w\u00a0normalnie funkcjonuj\u0105cej rzeczywisto\u015bci. Za\u0142ama\u0142 si\u0119 na skutek ogranicze\u0144 koronawirusowych, na kt\u00f3re nie mieli\u015bmy wp\u0142ywu. Dzi\u015b ich ju\u017c nie ma. Dlatego te\u017c skoncentrowali\u015bmy si\u0119 na rozwijaniu sprzeda\u017cy i\u00a0rekrutacji. Od pocz\u0105tku dzia\u0142alno\u015bci opieramy si\u0119 g\u0142\u00f3wnie na poleceniach zadowolonych klient\u00f3w. Zauwa\u017camy zreszt\u0105, \u017ce cz\u0119sto wsp\u00f3\u0142prac\u0119 z\u00a0nami rozpoczynaj\u0105 osoby, kt\u00f3re wcze\u015bniej korzysta\u0142y z\u00a0naszych us\u0142ug. W\u00a0tym modelu chcemy si\u0119 dalej rozwija\u0107.<\/p>\n\n\n\n<p><strong>Ilu agent\u00f3w liczy sie\u0107 sprzeda\u017cy?<\/strong><\/p>\n\n\n\n<p>W ca\u0142ym kraju mamy podpisane umowy agencyjne z&nbsp;kilkunastoma tysi\u0105cami przedstawicieli.<\/p>\n\n\n\n<p><strong>A ilu z\u00a0nich dzia\u0142a aktywnie?<\/strong><\/p>\n\n\n\n<p>Z tym bywa bardzo r\u00f3\u017cnie. Zazwyczaj ludzie ci aktywizuj\u0105 si\u0119, gdy w\u00a0ich otoczeniu dochodzi do jakiego\u015b zdarzenia, kiedy maj\u0105 kontakt z\u00a0osob\u0105 poszkodowan\u0105. Jestem zwi\u0105zana z\u00a0EuCO od 14 lat. Pracowa\u0142am na r\u00f3\u017cnych stanowiskach zarz\u0105dczych. Obecnie zarz\u0105dzam Departamentem Obs\u0142ugi Szk\u00f3d, a\u00a0jednocze\u015bnie sprawuj\u0119 nadz\u00f3r nad Departamentem Sprzeda\u017cy i\u00a0wsp\u00f3\u0142pracuj\u0119 z\u00a0naszymi przedstawicielami w\u00a0terenie. Prosz\u0119 mi wierzy\u0107, \u017ce us\u0142uga, kt\u00f3r\u0105 oferujemy, jest ludziom potrzebna. To nie odkurzacz pior\u0105cy, kt\u00f3ry kto\u015b zafascynowany kupuje pod wp\u0142ywem impulsu. To pomoc w\u00a0uzyskaniu odszkodowania, renty, wsparcia w\u00a0rehabilitacji, wsparcia prawnego. Rozmawiamy z\u00a0klientami i\u00a0dla nich niezmiernie wa\u017cne jest to, \u017ce nasza obs\u0142uga jest ca\u0142kowicie bezp\u0142atna do momentu wywalczenia mo\u017cliwie najwy\u017cszych \u015bwiadcze\u0144. Wynagrodzenie pobieramy dopiero po uzyskaniu dla klient\u00f3w adekwatnych odszkodowa\u0144. Jest ono zgodne z\u00a0zapisami zawartej umowy o\u00a0dochodzenie roszcze\u0144. Nasza dotychczasowa prowizja wynosi\u0142a od 15 do 25 procent wywalczonej kwoty. Bardzo cz\u0119sto zak\u0142adamy za klient\u00f3w koszty post\u0119powania s\u0105dowego b\u0105d\u017a pokrywamy z\u00a0g\u00f3ry koszty pogrzebu.<\/p>\n\n\n\n<p><strong>Ile um\u00f3w rocznie podpisujecie z\u00a0klientami? Jakie s\u0105 perspektywy?<\/strong><\/p>\n\n\n\n<p>W pa\u017adzierniku pozyskali\u015bmy do obs\u0142ugi ok. 200 nowych spraw. I&nbsp;to dobry wynik, pozwalaj\u0105cy pozytywnie patrze\u0107 na przysz\u0142o\u015b\u0107. \u017byczy\u0142abym sobie, by z&nbsp;ka\u017cdym miesi\u0105cem tych um\u00f3w by\u0142o wi\u0119cej i&nbsp;na tym si\u0119 koncentrujemy. Od aktywnej pracy naszych przedstawicieli i&nbsp;pozyskiwania nowych spraw uzale\u017cniony jest czas, powrotu na pierwsze miejsce w\u015br\u00f3d kancelarii odszkodowawczych w&nbsp;Polsce. A&nbsp;to chc\u0119 osi\u0105gn\u0105\u0107. Determinacj\u0119 mam i&nbsp;ja i&nbsp;ludzie, z&nbsp;kt\u00f3rymi pracuj\u0119. Chcemy oferowa\u0107 najwy\u017csz\u0105 jako\u015b\u0107 us\u0142ug, kieruj\u0105c si\u0119 wy\u0142\u0105cznym dobrem klienta.<\/p>\n\n\n\n<p><strong>Przez ostatnich kilka lat ubezpieczyciele zwracali uwag\u0119 na ma\u0142o etyczny spos\u00f3b pozyskiwania klient\u00f3w przez kancelarie odszkodowawcze. Od niedawna r\u00f3wnie\u017c niekt\u00f3rzy wasi klienci o\u00a0tym m\u00f3wi\u0105. Czy reagowali\u015bcie wtedy na te zarzuty? Czy teraz zamierzacie to robi\u0107?<\/strong><\/p>\n\n\n\n<p>My bardzo szybko, praktycznie na samym pocz\u0105tku dzia\u0142alno\u015bci wdro\u017cyli\u015bmy w&nbsp;firmie kodeks etyczny, kt\u00f3ry wprost m\u00f3wi, kt\u00f3re dzia\u0142ania s\u0105 dozwolone i&nbsp;propagowane. Na te nieetyczne, kt\u00f3re mog\u0105 i&nbsp;powinny bulwersowa\u0107 bardzo mocno reagowali\u015bmy, np. rozwi\u0105zywali\u015bmy umowy z&nbsp;agentami stosuj\u0105cymi takie praktyki. W&nbsp;ca\u0142ej olbrzymiej skali tych ponad 350 tysi\u0119cy spraw takich przypadk\u00f3w by\u0142o jednak bardzo ma\u0142o. Nasi agenci pracuj\u0105 na poleceniach. Klienci sami si\u0119 do nich zg\u0142aszaj\u0105, dzi\u0119ki bardzo dobrej obs\u0142udze.<\/p>\n\n\n\n<p><strong>Czy to prawda, \u017ce w\u00a0ostatnim czasie agenci masowo odchodz\u0105 z\u00a0EuCO?<\/strong><\/p>\n\n\n\n<p>Trudny czas dla firmy to czas, kt\u00f3ry konkurencja i&nbsp;przeciwnicy biznesowi maksymalnie staraj\u0105 si\u0119 wykorzysta\u0107. A&nbsp;tacy zawsze si\u0119 znajd\u0105. Tak to ju\u017c jest. My tak\u017ce byli\u015bmy nara\u017ceni na ataki zewn\u0119trzne, podyktowane ch\u0119ci\u0105 przejmowania naszych spraw, klient\u00f3w i&nbsp;agent\u00f3w. Mo\u017ce pani\u0105 zaskocz\u0119, ale ludzie &#8211;&nbsp;agenci i&nbsp;klienci zostaj\u0105 z&nbsp;nami. Funkcjonuj\u0105c wewn\u0105trz firmy, maj\u0105c z&nbsp;nami kontakt bezpo\u015bredni wiedz\u0105, co robili\u015bmy i&nbsp;wiedz\u0105, jak nieuprawniony mo\u017ce by\u0107 ogl\u0105d zewn\u0119trzny tego, co robimy. My jeste\u015bmy \u015bwiadomi zaufania, kt\u00f3rym nas obdarzono i&nbsp;musimy temu sprosta\u0107. M\u00f3wi\u0119 to, my\u015bl\u0105c zar\u00f3wno o&nbsp;agentach, jak i&nbsp;o&nbsp;obecnych i&nbsp;by\u0142ych klientach. Na rynku odszkodowawczym uzyskujemy najwy\u017csze odszkodowania dla naszych klient\u00f3w. Skutecznie prowadzimy mediacje przed s\u0105dem polubownym Komisji Nadzoru Finansowego, za co zostali\u015bmy nagrodzeni.<\/p>\n\n\n\n<p><strong>Kiedy?<\/strong><\/p>\n\n\n\n<p>W 2019 r. reprezentuj\u0105cy nas radca prawny otrzyma\u0142 od KNF nagrod\u0119 Ambasadora Mediacji na Rynku Finansowym.<\/p>\n\n\n\n<p><strong>Nagradzacie agent\u00f3w za wyniki i\u00a0nie ma w\u00a0tym nic z\u0142ego, bo s\u0105 r\u00f3\u017cne systemy motywacyjne. Jednak w\u00a0tym roku w\u00a0sierpniu czy wrze\u015bniu zorganizowali\u015bcie wycieczk\u0119 na D\u017cerb\u0119. W\u00a0obecnej sytuacji to wydaje nie na miejscu. A\u00a0pani?<\/strong><\/p>\n\n\n\n<p>Wyjazd zosta\u0142 zorganizowany i&nbsp;op\u0142acony kilka miesi\u0119cy wcze\u015bniej. Niestety nie mogli\u015bmy go odwo\u0142a\u0107 bezkosztowo.<\/p>\n\n\n\n<p><strong>Jak wygl\u0105da bie\u017c\u0105ca sytuacja finansowa EuCO? Ile w\u00a0og\u00f3le wynosz\u0105 zaleg\u0142o\u015bci sp\u00f3\u0142ki i\u00a0w\u00a0jaki spos\u00f3b zamierzacie upora\u0107 si\u0119 z\u00a0problemem p\u0142ynno\u015bciowym? Planujecie sp\u0142aci\u0107 wierzycieli z\u00a0wypracowanych zysk\u00f3w, czy rozwa\u017cacie pozyska\u0107 finansowanie?<\/strong><\/p>\n\n\n\n<p>Teraz pracujemy nad przygotowaniem planu restrukturyzacji i&nbsp;propozycjami uk\u0142adowymi dla wierzycieli. Na dzi\u015b nie przewidujemy zewn\u0119trznego \u017ar\u00f3d\u0142a finansowania i&nbsp;nie prowadzimy rozm\u00f3w z&nbsp;potencjalnym inwestorem. Chcemy odzyska\u0107 p\u0142ynno\u015b\u0107 w&nbsp;oparciu o&nbsp;nasz\u0105 bie\u017c\u0105c\u0105 dzia\u0142alno\u015b\u0107. Mamy bardzo du\u017co spraw w&nbsp;toku &#8211;&nbsp;\u0142\u0105cznie na kwot\u0119 ponad 250 mln. Dodatkowo ca\u0142y czas pozyskujemy nowe sprawy. Podkre\u015bl\u0119 to jeszcze raz bardzo wyra\u017anie: intencj\u0105 zarz\u0105du jest sp\u0142ata zobowi\u0105za\u0144 wobec klient\u00f3w w&nbsp;100 proc. i&nbsp;st\u0105d te\u017c moja gotowo\u015b\u0107 do podj\u0119cia wyzwania w&nbsp;roli prezesa zarz\u0105du. Jak ju\u017c wspomina\u0142am wcze\u015bniej, pracuj\u0119 w&nbsp;EuCO od 14 lat i&nbsp;znam sp\u00f3\u0142k\u0119 bardzo dobrze. \u015awietnie czuj\u0119 si\u0119 we wsp\u00f3\u0142pracy z&nbsp;agentami oraz w&nbsp;kontaktach z&nbsp;towarzystwami ubezpieczeniowymi.<\/p>\n\n\n\n<p><strong>W jakim czasie jeste\u015bcie w\u00a0stanie sp\u0142aci\u0107 klient\u00f3w?<\/strong><\/p>\n\n\n\n<p>W tej chwili nieodpowiedzialnym by\u0142oby wskazanie konkretnego terminu, poniewa\u017c pracujemy nad planem restrukturyzacji. Nie chc\u0119 sk\u0142ada\u0107 obietnic, kt\u00f3rych nie b\u0119dziemy w&nbsp;stanie dotrzyma\u0107. Przygotowujemy propozycje uk\u0142adowe dla wierzycieli, z&nbsp;kt\u00f3rych b\u0119d\u0105 wynika\u0142y terminy sp\u0142at. Nasz\u0105 intencj\u0105 jest pe\u0142na sp\u0142ata klient\u00f3w i&nbsp;do tego b\u0119dziemy d\u0105\u017cy\u0107.<\/p>\n\n\n\n<p><strong>Planujecie zmian\u0119 marki?<\/strong><\/p>\n\n\n\n<p>Nie. Zostajemy przy nazwie EuCO. To jest marka sama w&nbsp;sobie. Pami\u0119tajmy, \u017ce przez te 18 lat sp\u00f3\u0142ka dzia\u0142a\u0142a z&nbsp;powodzeniem i&nbsp;na rzecz tysi\u0119cy klient\u00f3w. Chcemy jak najszybciej wr\u00f3ci\u0107 na pozycj\u0119 lidera rynku odszkodowa\u0144.<\/p>\n\n\n\n<p><strong>Jakie macie plany wzgl\u0119dem obecno\u015bci na gie\u0142dzie? Zostajecie czy wychodzicie?<\/strong><\/p>\n\n\n\n<p>Zostajemy. Dzia\u0142ania, kt\u00f3re ju\u017c podj\u0119li\u015bmy, i\u00a0kt\u00f3re b\u0119dziemy kontynuowa\u0107, powinny doprowadzi\u0107 do wzrostu zaufania inwestor\u00f3w.<\/p>\n\n\n\n<p>money.pl<\/p>\n","protected":false},"excerpt":{"rendered":"<p>Kancelaria odszkodowawcza EuCO przez problemy finansowe znalaz\u0142a si\u0119 na ostrym zakr\u0119cie, z kt\u00f3rego usi\u0142uje nie tylko wyj\u015b\u0107 bez szwanku, ale zamierza tak rozkr\u0119ci\u0107 biznes, aby jak najszybciej powr\u00f3ci\u0107 na pozycj\u0119 lidera. Ponad trzydziestomilionowe zaleg\u0142o\u015bci wobec klient\u00f3w planuje sp\u0142aci\u0107 w ca\u0142o\u015bci. Nowa prezes Renata Sawicz-Patora w rozmowie z money.pl przekonuje, \u017ce sp\u00f3\u0142ka jest na w\u0142a\u015bciwej drodze. [&hellip;]<\/p>\n","protected":false},"author":2,"featured_media":0,"comment_status":"open","ping_status":"open","sticky":false,"template":"","format":"standard","meta":{"footnotes":""},"categories":[8],"tags":[75],"class_list":["post-3649","post","type-post","status-publish","format-standard","hentry","category-aktualnosci","tag-euco"],"_links":{"self":[{"href":"https:\/\/www.odszkodowania.info.pl\/index.php?rest_route=\/wp\/v2\/posts\/3649","targetHints":{"allow":["GET"]}}],"collection":[{"href":"https:\/\/www.odszkodowania.info.pl\/index.php?rest_route=\/wp\/v2\/posts"}],"about":[{"href":"https:\/\/www.odszkodowania.info.pl\/index.php?rest_route=\/wp\/v2\/types\/post"}],"author":[{"embeddable":true,"href":"https:\/\/www.odszkodowania.info.pl\/index.php?rest_route=\/wp\/v2\/users\/2"}],"replies":[{"embeddable":true,"href":"https:\/\/www.odszkodowania.info.pl\/index.php?rest_route=%2Fwp%2Fv2%2Fcomments&post=3649"}],"version-history":[{"count":1,"href":"https:\/\/www.odszkodowania.info.pl\/index.php?rest_route=\/wp\/v2\/posts\/3649\/revisions"}],"predecessor-version":[{"id":3650,"href":"https:\/\/www.odszkodowania.info.pl\/index.php?rest_route=\/wp\/v2\/posts\/3649\/revisions\/3650"}],"wp:attachment":[{"href":"https:\/\/www.odszkodowania.info.pl\/index.php?rest_route=%2Fwp%2Fv2%2Fmedia&parent=3649"}],"wp:term":[{"taxonomy":"category","embeddable":true,"href":"https:\/\/www.odszkodowania.info.pl\/index.php?rest_route=%2Fwp%2Fv2%2Fcategories&post=3649"},{"taxonomy":"post_tag","embeddable":true,"href":"https:\/\/www.odszkodowania.info.pl\/index.php?rest_route=%2Fwp%2Fv2%2Ftags&post=3649"}],"curies":[{"name":"wp","href":"https:\/\/api.w.org\/{rel}","templated":true}]}}