{"id":3658,"date":"2022-11-27T22:12:52","date_gmt":"2022-11-27T21:12:52","guid":{"rendered":"https:\/\/www.odszkodowania.info.pl\/?p=3658"},"modified":"2022-11-27T22:12:53","modified_gmt":"2022-11-27T21:12:53","slug":"jednak-milionowe-dlugi-euco","status":"publish","type":"post","link":"https:\/\/www.odszkodowania.info.pl\/?p=3658","title":{"rendered":"Jednak milionowe d\u0142ugi EuCO !!!"},"content":{"rendered":"\n<p>Nawet 80 mln z\u0142 &#8211; tyle wed\u0142ug wst\u0119pnych szacunk\u00f3w wynosz\u0105 d\u0142ugi Europejskiego Centrum Odszkodowa\u0144. Kancelaria odszkodowawcza klientom zalega ok. 30 mln z\u0142. Pozosta\u0142ym wierzycielom &#8211; w tym m.in. bankom, kontrahentom, inwestorom &#8211; mi\u0119dzy\u202f40 a 50 mln z\u0142. Czy wszyscy zostan\u0105 sp\u0142aceni? W jakim czasie? O tym m\u00f3wi w rozmowie z money.pl Bartosz Sok\u00f3\u0142, prezes sp\u00f3\u0142ki Kubiczek Michalak Sok\u00f3\u0142, zarz\u0105dcy EuCO.<\/p>\n\n\n\n<p>Europejskie Centrum Odszkodowa\u0144 (EuCO) to og\u00f3lnopolska kancelaria odszkodowawcza z central\u0105 w Legnicy na Dolnym \u015al\u0105sku. Sp\u00f3\u0142ka, kt\u00f3ra od blisko 12 lat jest notowana na Gie\u0142dzie Papier\u00f3w Warto\u015bciowych, straci\u0142a p\u0142ynno\u015b\u0107 finansow\u0105 i przesta\u0142a regulowa\u0107 zobowi\u0105zania wzgl\u0119dem klient\u00f3w, kontrahent\u00f3w, bank\u00f3w oraz\u202fobligatariuszy. Sp\u00f3\u0142ka przekonuje, \u017ce w tarapaty finansowe wp\u0119dzi\u0142a j\u0105 pandemia, a obecny kryzys tylko pog\u0142\u0119bi\u0142 problemy.<\/p>\n\n\n\n<p>W po\u0142owie pa\u017adziernika tego roku EuCO z\u0142o\u017cy\u0142o w legnickim s\u0105dzie wniosek o post\u0119powanie restrukturyzacyjne. Dwa tygodnie p\u00f3\u017aniej dosta\u0142o zielone \u015bwiat\u0142o. S\u0105d\u202fpozostawi\u0142 firm\u0119 w r\u0119kach zarz\u0105du. Piecz\u0119 nad zarz\u0105dem, na kt\u00f3rego czele stoi Renata Sawicz-Patora, a tak\u017ce nad procesem naprawczym sprawuje zarz\u0105dca restrukturyzacyjny. Decyzj\u0105 s\u0105du zosta\u0142a nim\u202fsp\u00f3\u0142ka Kubiczek Michalak Sok\u00f3\u0142, kt\u00f3ra w bran\u017cy restrukturyzacyjnej dzia\u0142a od kilkunastu lat.<\/p>\n\n\n\n<p><strong>Karolina Wysota, money.pl: Jaki jest stan zad\u0142u\u017cenia EuCO? Ile pieni\u0119dzy zalega klientom, a ile pozosta\u0142ym wierzycielom?<\/strong><\/p>\n\n\n\n<p><strong>Bartosz Sok\u00f3\u0142, prezes sp\u00f3\u0142ki Kubiczek Michalak Sok\u00f3\u0142, zarz\u0105dcy EuCO:<\/strong> Post\u0119powanie restrukturyzacyjne otwarto 31 pa\u017adziernika, zatem stan zad\u0142u\u017cenia musimy ustali\u0107 na dzie\u0144 30 pa\u017adziernika i ca\u0142y czas nad tym pracujemy. Wed\u0142ug wst\u0119pnych szacunk\u00f3w zobowi\u0105zania wzgl\u0119dem klient\u00f3w wynosz\u0105 ok. 30 mln z\u0142, a pozosta\u0142ych wierzycieli mi\u0119dzy\u202f40 a 50 mln z\u0142. Mam nadziej\u0119, \u017ce pe\u0142ny spis wierzytelno\u015bci powstanie na prze\u0142omie roku.<\/p>\n\n\n\n<p><strong>Czy sp\u00f3\u0142ka b\u0119dzie\u202fw stanie sp\u0142aci\u0107 zobowi\u0105zania tylko z dzia\u0142alno\u015bci operacyjnej?<\/strong><\/p>\n\n\n\n<p>Na to pytanie precyzyjnie b\u0119d\u0119 w stanie odpowiedzie\u0107 po sporz\u0105dzeniu opinii zarz\u0105dcy o mo\u017cliwo\u015bci wykonania uk\u0142adu. To jest kolejny formalny dokument, kt\u00f3ry przygotowuje zarz\u0105dca po zaznajomieniu si\u0119 z sytuacj\u0105 sp\u00f3\u0142ki, w tym z ponoszonymi przez ni\u0105 kosztami sta\u0142ymi i zmiennymi. W tym momencie moja bardzo wst\u0119pna i niezobowi\u0105zuj\u0105ca ocena jest taka, \u017ce je\u017celi zobowi\u0105zania\u202fwzgl\u0119dem wierzycieli zostan\u0105 roz\u0142o\u017cone na raty, to wyobra\u017cam sobie scenariusz, w kt\u00f3rym\u202fuk\u0142ad zostanie zrealizowany z dzia\u0142alno\u015bci operacyjnej.\u202f<\/p>\n\n\n\n<p><strong>Czy powodzenie tego planu b\u0119dzie zale\u017ca\u0142o od dobrej woli wierzycieli?<\/strong><\/p>\n\n\n\n<p>Tak. Og\u00f3le rzecz ujmuj\u0105c,\u202fsp\u00f3\u0142ka\/d\u0142u\u017cnik przy wsparciu zarz\u0105dcy przygotuje propozycje uk\u0142adowe dla poszczeg\u00f3lnych grup wierzycieli, w tym: klient\u00f3w, bank\u00f3w, obligatariuszy, podmioty\u202fpubliczno-prawnych,\u202fkontrahent\u00f3w.\u202fKa\u017cdej z tych grup zaproponuje warunki sp\u0142aty zad\u0142u\u017cenia. Uprzedzaj\u0105c pani pytanie, od razu powiem, \u017ce sp\u0142ata wszystkich wierzycieli w rok wydaje si\u0119 mi nierealna. Je\u015bli\u202fzobowi\u0105zania zostan\u0105 roz\u0142o\u017cone na odpowiednio d\u0142ugie okresy, to wyobra\u017cam sobie mo\u017cliwo\u015b\u0107 sp\u0142aty wierzycieli w ca\u0142o\u015bci, przy czym zale\u017cy to od wielu czynnik\u00f3w. W tym przede wszystkim od tego, jakie wyniki przynosi\u0107 b\u0119dzie dalsza dzia\u0142alno\u015b\u0107 EuCO.<\/p>\n\n\n\n<p><strong>Ile mo\u017ce potrwa\u0107 restrukturyzacja?<\/strong><\/p>\n\n\n\n<p>To zale\u017cy od wielu czynnik\u00f3w, a sprawa jest skomplikowana, bo jest\u202fwielu wierzycieli o szczeg\u00f3lnym charakterze. Mam na my\u015bli liczne osoby fizyczne, kt\u00f3rym nale\u017cy pom\u00f3c podj\u0105\u0107 racjonaln\u0105 decyzj\u0119 w ramach g\u0142osowania nad uk\u0142adem. Z uwagi na szczeg\u00f3lny charakter tych zobowi\u0105za\u0144, ale r\u00f3wnie\u017c interes pozosta\u0142ych wierzycieli, post\u0119powanie powinno toczy\u0107 si\u0119 mo\u017cliwie najszybciej. Odpowiadaj\u0105c natomiast na pani pytanie, realny wydaje si\u0119 horyzont 1-2 roku.<\/p>\n\n\n\n<p><strong>Pewnie nie restrukturyzowa\u0142 pan wielu kancelarii odszkodowawczych, ale ile \u015brednio trwa wyprowadzanie sp\u00f3\u0142ki na prost\u0105?<\/strong><\/p>\n\n\n\n<p>Od roku do dw\u00f3ch, czasami trzy lata. Oczywi\u015bcie zdarzaj\u0105 si\u0119 te\u017c post\u0119powania, kt\u00f3re trwaj\u0105 d\u0142u\u017cej. Natomiast w tym przypadku chcia\u0142bym podkre\u015bli\u0107, \u017ce s\u0105d w Legnicy rozpozna\u0142 wniosek\u202fbardzo sprawnie.<\/p>\n\n\n\n<p><strong>Co nale\u017cy przez to rozumie\u0107? Jak pan skomentuje ten fakt?<\/strong><\/p>\n\n\n\n<p>Jestem bardzo pozytywnie zaskoczony. \u017byczy\u0142bym sobie, aby s\u0105dy restrukturyzacyjne zawsze rozpoznawa\u0142y wnioski sanacyjne w\u0142a\u015bnie w takim tempie. Niestety to rzadko\u015b\u0107 w Polsce, gdzie niekiedy wnioski niestety rozpoznawane s\u0105 na tyle d\u0142ugo, \u017ce sp\u00f3\u0142ka nie jest w stanie dotrwa\u0107 do rozstrzygni\u0119cia sprawy. Na szcz\u0119\u015bcie w przypadku EuCO decyzja zapad\u0142a szybko i pozwoli\u0142a unikn\u0105\u0107 ryzyka upad\u0142o\u015bci. Na tej podstawie\u202fdomniemywam, \u017ce ca\u0142e post\u0119powanie sanacyjne\u202fb\u0119dzie toczy\u0107 si\u0119 w analogiczny spos\u00f3b, czyli sprawnie i przy dobrej wsp\u00f3\u0142pracy z s\u0105dem, co daje nadziej\u0119 na to, \u017ce to post\u0119powanie b\u0119dzie relatywnie kr\u00f3tkie.<\/p>\n\n\n\n<p><strong>Co, je\u015bli wierzyciele nie b\u0119d\u0105 chcieli wsp\u00f3\u0142pracowa\u0107?<\/strong><\/p>\n\n\n\n<p>Czyli nie przeg\u0142osuj\u0105 uk\u0142adu?\u202f<\/p>\n\n\n\n<p><strong>Tak.<\/strong><\/p>\n\n\n\n<p>Nie zd\u0105\u017cy\u0142em jeszcze do tego etapu doj\u015b\u0107, dlatego, zanim odpowiem na pytanie, wyja\u015bni\u0119, na czym polega ten proces. Przygotowywane propozycje uk\u0142adowe zostan\u0105 poddane pod g\u0142osowanie poszczeg\u00f3lnych grup wierzycieli.\u202fJe\u015bli zostan\u0105 przyj\u0119te odpowiednimi wi\u0119kszo\u015bciami g\u0142os\u00f3w, to w\u00f3wczas uk\u0142ad zostanie przyj\u0119ty, a nast\u0119pnie b\u0119dzie podlega\u0142 zatwierdzeniu przez s\u0105d. Jeszcze raz chcia\u0142abym podkre\u015bli\u0107, \u017ce ostateczna decyzja b\u0119dzie nale\u017ce\u0107 do wierzycieli. To oni musz\u0105 zosta\u0107 przekonani do tego, \u017ce plan restrukturyzacyjny ma sens, a propozycje uk\u0142adowe s\u0105 dla nich korzystne. <\/p>\n\n\n\n<p>Skoro ju\u017c jeste\u015bmy przy tym elemencie post\u0119powania restrukturyzacyjnego, to chcia\u0142abym zaapelowa\u0107 do wierzycieli, w tym przede wszystkim\u202fdo os\u00f3b fizycznych, by zdawa\u0142y sobie spraw\u0119 z tego, \u017ce to post\u0119powanie nie jest prowadzone przeciwko nim. Nie jest prowadzone w spos\u00f3b, kt\u00f3ry ma ochroni\u0107 sp\u00f3\u0142k\u0119 przed nimi. Wr\u0119cz przeciwnie. Prowadzimy je po to, \u017ceby ochroni\u0107 sp\u00f3\u0142k\u0119, by ta mog\u0142a sp\u0142aci\u0107 wierzycieli z bie\u017c\u0105cej dzia\u0142alno\u015bci operacyjnej. To wydaje si\u0119 na tym etapie najkorzystniejszym rozwi\u0105zaniem dla klient\u00f3w EuCO.\u202f<\/p>\n\n\n\n<p>Post\u0119powanie upad\u0142o\u015bciowe prawdopodobnie sko\u0144czy\u0142oby si\u0119 tym, \u017ce przy tej strukturze maj\u0105tku EuCO, niezabezpieczeni wierzyciele zostaliby zaspokojeni w niewielkim stopniu. Tak \u017ce sukces post\u0119powania restrukturyzacyjnego le\u017cy tak naprawd\u0119 r\u00f3wnie\u017c w interesie klient\u00f3w EuCO. Sytuacja wierzycieli zabezpieczonych (na maj\u0105tku sp\u00f3\u0142ki &#8211; przyp. red.) jest nieco inna, niemniej w toku post\u0119powania zostan\u0105 przygotowane analizy pozwalaj\u0105ce oceni\u0107 potencjalne zaspokojenie r\u00f3wnie\u017c tych wierzycieli w ewentualnej upad\u0142o\u015bci.\u202f<\/p>\n\n\n\n<p>Podsumowuj\u0105c t\u0119 wypowied\u017a, dla wierzycieli\/klient\u00f3w EuCO zdecydowanie lepszym scenariuszem wydaje si\u0119 na ten moment ochrona podstawowej dzia\u0142alno\u015bci operacyjnej sp\u00f3\u0142ki, bo daje szans\u0119 na sp\u0142at\u0119 tych os\u00f3b. Wydaje si\u0119 to mo\u017cliwe, bior\u0105c pod uwag\u0119 miesi\u0119czn\u0105 liczb\u0119 nowych zlece\u0144 oraz portfel aktualnie prowadzonych przez firm\u0119 wszystkich spraw o dochodzenie roszcze\u0144. Mo\u017cliwo\u015b\u0107 ta zostanie potwierdzona w toku post\u0119powania.\u202f<\/p>\n\n\n\n<p><strong>Czyli wed\u0142ug pana nie ma potrzeby dokapitalizowania sp\u00f3\u0142ki przez inwestora zewn\u0119trznego?<\/strong><\/p>\n\n\n\n<p>Na tym etapie nie chcia\u0142bym tego definitywnie przes\u0105dza\u0107. Post\u0119powanie trwa dopiero nieca\u0142e trzy tygodnie. To bardzo wczesny etap. Natomiast wyobra\u017cam sobie taki scenariusz, \u017ce sp\u0142ata wierzycieli b\u0119dzie realizowana z bie\u017c\u0105cych przep\u0142yw\u00f3w pieni\u0119\u017cnych bez udzia\u0142u inwestor\u00f3w.\u202f<\/p>\n\n\n\n<p><strong>Firma b\u0119dzie sp\u0142aca\u0142a klient\u00f3w z przysz\u0142ych zysk\u00f3w. M\u00f3wimy o osobach poszkodowanych, kt\u00f3re niezw\u0142ocznie powinny dosta\u0107 swoje odszkodowanie, tymczasem ka\u017cecie im czeka\u0107.<\/strong><\/p>\n\n\n\n<p>Rozumiem charakter tych zobowi\u0105za\u0144. Wiem, \u017ce s\u0105 one szczeg\u00f3lne. Osobi\u015bcie na gruncie czystko ludzkim ubolewam nad tym, \u017ce sytuacja tych ludzi jest taka, a nie inna. Staramy si\u0119 ka\u017cd\u0105 z tych os\u00f3b traktowa\u0107 z odpowiedni\u0105 empati\u0105. Uczuli\u0142em r\u00f3wnie\u017c zesp\u00f3\u0142 zarz\u0105dcy masy sanacyjnej, aby rozmowy z tymi osobami przebiega\u0142y w odpowiedni spos\u00f3b. S\u0105 to poszkodowani ludzie, kt\u00f3rzy zas\u0142uguj\u0105 na to, aby sp\u0142aci\u0107 ich w jak najszybszym czasie i jak najwy\u017cszym stopniu.<\/p>\n\n\n\n<p><strong>Czy istnieje ryzyko, \u017ce nie zostan\u0105 sp\u0142aceni w 100 proc.?<\/strong><\/p>\n\n\n\n<p>Musimy zdawa\u0107 sobie spraw\u0119 z tego, \u017ce ka\u017cda restrukturyzacja wi\u0105\u017ce si\u0119 z okre\u015blonym ryzykiem po stronie wierzycieli, r\u00f3wnie\u017c ryzykiem braku pe\u0142nej sp\u0142aty. Ka\u017cdy podmiot, kt\u00f3ry poddaje si\u0119 restrukturyzacji, robi to z tego powodu, \u017ce nie jest w stanie sp\u0142aca\u0107 swoich wierzycieli, w\u015br\u00f3d kt\u00f3rych s\u0105 m.in. osoby fizyczne, kontrahenci, przedsi\u0119biorcy itd.\u202fNie jest to komfortowa sytuacja dla nikogo, ale nie musi te\u017c by\u0107 r\u00f3wnoznaczna z oszustwem. Wiele sp\u00f3\u0142ek traci aktualnie p\u0142ynno\u015b\u0107 np. przez covid lub inflacj\u0119. Istniej\u0105 r\u00f3wnie\u017c orzeczenia s\u0105d\u00f3w restrukturyzacyjnych, zatwierdzaj\u0105cych uk\u0142ady, kt\u00f3re przewiduj\u0105 redukcj\u0119 wierzytelno\u015bci wbrew woli przeg\u0142osowanych wierzycieli. W tym przypadku tego jednak nie planujemy. Sp\u00f3\u0142ka wyra\u017anie komunikuje, \u017ce osoby fizyczne chce sp\u0142aci\u0107 w ca\u0142o\u015bci. Jako\u202fzarz\u0105dca r\u00f3wnie\u017c\u202fb\u0119d\u0119 to rekomendowa\u0142 i poszukiwa\u0142 takiej mo\u017cliwo\u015bci. Wsp\u00f3lnie b\u0119dziemy tak konstruowa\u0107 plan restrukturyzacyjny, aby ten cel uda\u0142o si\u0119 osi\u0105gn\u0105\u0107.\u202f<\/p>\n\n\n\n<p>Na tym\u202fetapie nie zidentyfikowa\u0142em w sp\u00f3\u0142ce czynno\u015bci, nosz\u0105cych znamiona dzia\u0142a\u0144 fraudacyjnych (czynno\u015b\u0107 prowadz\u0105ca do pokrzywdzenia wierzyciela &#8211; przyp. red.), niemniej to bardzo wczesny etap post\u0119powania i historyczna sytuacja sp\u00f3\u0142ki b\u0119dzie r\u00f3wnie\u017c przez nas analizowana. Dotychczasowa wsp\u00f3\u0142praca z zarz\u0105dem w ramach post\u0119powania przebiega\u0142a bardzo dobrze. Zarz\u0105d pozostaje w sta\u0142ym kontakcie z zarz\u0105dc\u0105. Natomiast w mojej opinii podj\u0119cie pr\u00f3by restrukturyzacji przez sp\u00f3\u0142k\u0119 \u015bwiadczy o tym, \u017ce\u202fjest zdeterminowana, by sp\u0142aci\u0107 zad\u0142u\u017cenie wzgl\u0119dem wierzycieli. Przypominam, \u017ce sp\u00f3\u0142ka mog\u0142a\u202fz\u0142o\u017cy\u0107 wy\u0142\u0105cznie wniosek o upad\u0142o\u015b\u0107, a to by postawi\u0142o\u202fklient\u00f3w w bardzo ci\u0119\u017ckiej sytuacji.<\/p>\n\n\n\n<p><strong>Powiedzia\u0142 pan wiele o tym, \u017ce sp\u00f3\u0142ka ma zdolno\u015b\u0107 do zarabiania, ale nic o\u202fci\u0119ciu koszt\u00f3w, poszukiwaniu oszcz\u0119dno\u015bci. Czy jest do tego pole w sp\u00f3\u0142ce?<\/strong><\/p>\n\n\n\n<p>Oczywi\u015bcie z jednej strony chcemy zwi\u0119ksza\u0107 strumie\u0144 przychod\u00f3w. Symetrycznie do tego trzeba poszukiwa\u0107 mo\u017cliwo\u015bci do optymalizacji po stronie kosztowej. Analizy w tym zakresie trwaj\u0105 i b\u0119d\u0105 odzwierciedlone w planie restrukturyzacyjnym. Sp\u00f3\u0142ka w tym momencie usi\u0142uje zidentyfikowa\u0107\u202fobszary, kt\u00f3re m\u00f3g\u0142by to umo\u017cliwi\u0107. Nale\u017cy jednak pami\u0119ta\u0107, \u017ce s\u0105 pewne rodzaje koszt\u00f3w, kt\u00f3re ta sp\u00f3\u0142ka musi ponie\u015b\u0107. Np. musi p\u0142aci\u0107 w nale\u017cyty spos\u00f3b agentom.\u202f<\/p>\n\n\n\n<p><strong>Do prokuratury wp\u0142yn\u0119\u0142y donosy na EuCO pod zarzutem podejrzenia pope\u0142nienia przest\u0119pstwa: przyw\u0142aszczenia mienia o du\u017cej warto\u015bci. Czy to w jakikolwiek spos\u00f3b mo\u017ce wp\u0142yn\u0105\u0107 na proces restrukturyzacji?<\/strong><\/p>\n\n\n\n<p>Zasadniczo na sam proces restrukturyzacji nie powinno to wp\u0142yn\u0105\u0107. Je\u015bli okaza\u0142oby si\u0119, \u017ce osoby pe\u0142ni\u0105ce funkcje w zarz\u0105dzie sp\u00f3\u0142ki zosta\u0142by w skutek tych zawiadomie\u0144 postawione w stan oskar\u017cenia, ewentualnie skazane prawomocnym wyrokiem, to mo\u017ce to skutkowa\u0107 jedynie tym, \u017ce s\u0105d odbierze d\u0142u\u017cnikowi zarz\u0105d w\u0142asny. Wtedy pe\u0142ne zarz\u0105dzanie nad przedsi\u0119biorstwem przejmie zarz\u0105dca masy sanacyjnej. Natomiast chcia\u0142abym zaznaczy\u0107, \u017ce bezpo\u015bredniego powi\u0105zania mi\u0119dzy\u202fz\u0142o\u017conymi zawiadomieniami a tocz\u0105cym si\u0119 post\u0119powaniem restrukturyzacyjnym nie ma.<\/p>\n\n\n\n<p>Pracujemy aktualnie tak\u017ce nad tym, \u017ceby przemodelowa\u0107 dzia\u0142alno\u015b\u0107 sp\u00f3\u0142ki w taki spos\u00f3b, aby ryzyko gospodarcze mo\u017cliwie najbardziej odsun\u0105\u0107 od obszaru odszkodowa\u0144, czemu s\u0142u\u017cy\u0107 ma m.in. wdro\u017cone ju\u017c wyp\u0142acanie \u015brodk\u00f3w od towarzystw ubezpieczeniowych bezpo\u015brednio do klient\u00f3w.<\/p>\n\n\n\n<p><strong>W ramach podsumowania prosz\u0119 punkt po punkcie powiedzie\u0107, jaki jest harmonogram dzia\u0142a\u0144. Co b\u0119dzie si\u0119 dzia\u0142o przez najbli\u017csze tygodnie, miesi\u0105ce?<\/strong><\/p>\n\n\n\n<p>Aktualnie zarz\u0105dca pracuje nad sporz\u0105dzeniem podstawowych dokument\u00f3w: spisem wierzytelno\u015bci, planem restrukturyzacji, spisem inwentarza &#8211; czyli wyceny maj\u0105tku sp\u00f3\u0142ki. Mam nadziej\u0119, \u017ce te czynno\u015bci sko\u0144cz\u0105 si\u0119 na prze\u0142omie roku. Co warto podkre\u015bli\u0107, wierzyciele b\u0119d\u0105 mogli zg\u0142asza\u0107 sprzeciwy do spis\u00f3w wierzytelno\u015bci. U\u015bci\u015blaj\u0105c, je\u015bli kto\u015b uzna, \u017ce jego wierzytelno\u015bci nie ma na li\u015bcie, a powinna tam by\u0107, to mo\u017ce z\u0142o\u017cy\u0107 sprzeciw do s\u0105du. Analogicznie, gdy kto\u015b uzna, \u017ce jego wierzytelno\u015b\u0107 jest wy\u017csza ni\u017c wykazywana w spisie, r\u00f3wnie\u017c mo\u017ce zg\u0142osi\u0107 sprzeciw.<\/p>\n\n\n\n<p>Nast\u0119pnie spis wierzytelno\u015bci wraz z planem restrukturyzacji musz\u0105 zosta\u0107 zatwierdzone przez s\u0105d. W dalszej kolejno\u015bci, gdy s\u0105d zatwierdzi poszczeg\u00f3lne dokumenty, to\u202fplan restrukturyzacyjny wejdzie w faz\u0119 wykonawcz\u0105. B\u0119dzie to odpowiedni moment, aby przed\u0142o\u017cy\u0107 wierzycielom propozycje uk\u0142adowe oraz opini\u0119 zarz\u0105dcy o mo\u017cliwo\u015bci wykonania uk\u0142adu. Nast\u0119pnie zostanie zorganizowane g\u0142osowanie nad uk\u0142adem.\u202f<\/p>\n\n\n\n<p><strong>Ile s\u0105d ma czasu na podj\u0119cie decyzji w zakresie zatwierdzenia planu restrukturyzacji?<\/strong><\/p>\n\n\n\n<p>Ustawa tego terminu nie precyzuje. Mam nadziej\u0119, \u017ce si\u0119 to wydarzy szybko.<\/p>\n\n\n\n<p><strong>Co, je\u015bli uk\u0142ad nie zostanie przyj\u0119ty przez wierzycieli?<\/strong><\/p>\n\n\n\n<p>Je\u015bli wierzyciele nie zgodz\u0105 si\u0119 na uk\u0142ad, to decyzje odno\u015bnie do dalszych czynno\u015bci, b\u0119d\u0105 nale\u017ce\u0107 do zarz\u0105du sp\u00f3\u0142ki. Mo\u017ce np. poszuka\u0107 finansowania poza restrukturyzacj\u0105 i sp\u0142aci\u0107 wierzycieli, ale mo\u017ce te\u017c z\u0142o\u017cy\u0107 niezw\u0142ocznie wniosek o og\u0142oszenie upad\u0142o\u015bci.\u202f<\/p>\n\n\n\n<p>Chcia\u0142abym przy okazji zaprosi\u0107 wierzycieli na stron\u0119 internetow\u0105: kmsbiznes.pl\/euco, na kt\u00f3rej b\u0119dziemy systematycznie publikowa\u0107 komunikaty dotycz\u0105ce post\u0119powania w tej sprawie.<\/p>\n\n\n\n<p>monet.pl<\/p>\n","protected":false},"excerpt":{"rendered":"<p>Nawet 80 mln z\u0142 &#8211; tyle wed\u0142ug wst\u0119pnych szacunk\u00f3w wynosz\u0105 d\u0142ugi Europejskiego Centrum Odszkodowa\u0144. Kancelaria odszkodowawcza klientom zalega ok. 30 mln z\u0142. Pozosta\u0142ym wierzycielom &#8211; w tym m.in. bankom, kontrahentom, inwestorom &#8211; mi\u0119dzy\u202f40 a 50 mln z\u0142. Czy wszyscy zostan\u0105 sp\u0142aceni? W jakim czasie? O tym m\u00f3wi w rozmowie z money.pl Bartosz Sok\u00f3\u0142, prezes sp\u00f3\u0142ki [&hellip;]<\/p>\n","protected":false},"author":2,"featured_media":0,"comment_status":"open","ping_status":"open","sticky":false,"template":"","format":"standard","meta":{"footnotes":""},"categories":[8],"tags":[75],"class_list":["post-3658","post","type-post","status-publish","format-standard","hentry","category-aktualnosci","tag-euco"],"_links":{"self":[{"href":"https:\/\/www.odszkodowania.info.pl\/index.php?rest_route=\/wp\/v2\/posts\/3658","targetHints":{"allow":["GET"]}}],"collection":[{"href":"https:\/\/www.odszkodowania.info.pl\/index.php?rest_route=\/wp\/v2\/posts"}],"about":[{"href":"https:\/\/www.odszkodowania.info.pl\/index.php?rest_route=\/wp\/v2\/types\/post"}],"author":[{"embeddable":true,"href":"https:\/\/www.odszkodowania.info.pl\/index.php?rest_route=\/wp\/v2\/users\/2"}],"replies":[{"embeddable":true,"href":"https:\/\/www.odszkodowania.info.pl\/index.php?rest_route=%2Fwp%2Fv2%2Fcomments&post=3658"}],"version-history":[{"count":1,"href":"https:\/\/www.odszkodowania.info.pl\/index.php?rest_route=\/wp\/v2\/posts\/3658\/revisions"}],"predecessor-version":[{"id":3659,"href":"https:\/\/www.odszkodowania.info.pl\/index.php?rest_route=\/wp\/v2\/posts\/3658\/revisions\/3659"}],"wp:attachment":[{"href":"https:\/\/www.odszkodowania.info.pl\/index.php?rest_route=%2Fwp%2Fv2%2Fmedia&parent=3658"}],"wp:term":[{"taxonomy":"category","embeddable":true,"href":"https:\/\/www.odszkodowania.info.pl\/index.php?rest_route=%2Fwp%2Fv2%2Fcategories&post=3658"},{"taxonomy":"post_tag","embeddable":true,"href":"https:\/\/www.odszkodowania.info.pl\/index.php?rest_route=%2Fwp%2Fv2%2Ftags&post=3658"}],"curies":[{"name":"wp","href":"https:\/\/api.w.org\/{rel}","templated":true}]}}