{"id":3662,"date":"2022-11-29T20:56:21","date_gmt":"2022-11-29T19:56:21","guid":{"rendered":"https:\/\/www.odszkodowania.info.pl\/?p=3662"},"modified":"2022-11-29T20:56:23","modified_gmt":"2022-11-29T19:56:23","slug":"euco-wywalczyli-odszkodowanie-potracona-na-pasach-bez-pieniedzy","status":"publish","type":"post","link":"https:\/\/www.odszkodowania.info.pl\/?p=3662","title":{"rendered":"EuCO: Wywalczyli odszkodowanie. Potr\u0105cona na pasach bez pieni\u0119dzy"},"content":{"rendered":"\n<p>Olga Roma\u0144czuk ze Szczecina walczy o pieni\u0105dze, jakie ubezpieczyciel wyp\u0142aci\u0142 jej po potr\u0105ceniu przez samoch\u00f3d. Odszkodowanie uzyska\u0142a dla niej prywatna firma odszkodowawcza. Cho\u0107 na konto EUCO wp\u0142yn\u0119\u0142o ju\u017c kilka transz, to pani Olga nie zobaczy\u0142a ani z\u0142ot\u00f3wki. &#8211; Op\u0142ywaj\u0105 w bogactwa kosztem takich ludzi jak ja \u2013 m\u00f3wi.<\/p>\n\n\n\n<p>54-letnia pani Olga Roma\u0144czuk ze Szczecina pracowa\u0142a, udziela\u0142a si\u0119 spo\u0142ecznie. 14 stycznia 2022 roku jej \u017cycie zmieni\u0142o si\u0119 diametralnie. Zosta\u0142a potr\u0105cona przez samoch\u00f3d na przej\u015bciu.<\/p>\n\n\n\n<p>&#8211; Miejsce, w kt\u00f3rym zdarzy\u0142 si\u0119 ten wypadek, to by\u0142a rozkopana sygnalizacja \u015bwietlna, roboty w Szczecinie na ul. Wyzwolenia i obok by\u0142y narysowane pasy zast\u0119pcze. Przechodzi\u0142am przez ulic\u0119, ju\u017c prawie schodzi\u0142am z tych pas\u00f3w i potr\u0105ci\u0142 mnie samoch\u00f3d. Mia\u0142am z\u0142aman\u0105 ko\u015b\u0107 strza\u0142kow\u0105, piszczelow\u0105, uszkodzone kolano, z\u0142aman\u0105 r\u0119k\u0119 &#8211; opowiada Olga Roma\u0144czuk.<\/p>\n\n\n\n<p>W szpitalu przesz\u0142a kilka skomplikowanych operacji. Kiedy wr\u00f3ci\u0142a do domu, odwiedzi\u0142 j\u0105 znajomy sprzed lat. Okaza\u0142o si\u0119, \u017ce jest przedstawicielem Europejskiego Centrum Odszkodowa\u0144.<\/p>\n\n\n\n<p>&#8211; Przyszed\u0142 do mnie podpisa\u0107 umow\u0119. M\u00f3wi\u0142, \u017ce nic nie b\u0119d\u0119 musia\u0142a robi\u0107, \u017ce firma &#8211; owszem bierze spory procent &#8211; bo 25 procent, ale b\u0119dzie du\u017ce odszkodowanie. I poniewa\u017c jeszcze to by\u0142 m\u00f3j znajomy, wi\u0119c bardzo zaufa\u0142am. Podpisa\u0142am pe\u0142nomocnictwo, \u017ce pieni\u0105dze, kt\u00f3re zostan\u0105 uzyskane z firmy odszkodowawczej, zostan\u0105 przelane na EUCO i oni mi w ci\u0105gu miesi\u0105ca te pieni\u0105dze przelej\u0105 na konto \u2013 t\u0142umaczy pani Olga.<\/p>\n\n\n\n<p>Umowa zosta\u0142a podpisana 8 lutego. Kobieta nie mog\u0142a pracowa\u0107. Koszty rehabilitacji znacz\u0105co przekracza\u0142y jej bud\u017cet domowy. Zapo\u017cycza\u0142a si\u0119 u znajomych, \u017ceby m\u00f3c stan\u0105\u0107 na nogi.<\/p>\n\n\n\n<p>&#8211; Ja ci\u0105gle pyta\u0142am o to odszkodowanie i s\u0142ysza\u0142am, \u017ce jeszcze nie ma. Ufa\u0142am dalej. A\u017c zadzwoni\u0142 zi\u0119\u0107 i m\u00f3wi: Mamo, w\u0142\u0105cz Polsat. Jest program o firmie, kt\u00f3ra nie chce wyp\u0142aci\u0107 pieni\u0119dzy poszkodowanej dziewczynce. By\u0142am przera\u017cona tym, co us\u0142ysza\u0142am. Dopiero wtedy mnie tkn\u0119\u0142o, \u017cebym skontaktowa\u0142a si\u0119 z Compens\u0105, z Towarzystwem Ubezpieczeniowym, \u017ceby powiedzieli, czy jakie\u015b pieni\u0105dze przelali na EUCO. Okaza\u0142o si\u0119, \u017ce przelali i to ju\u017c kilka transz, \u017ce pierwsza transza by\u0142a ju\u017c w marcu \u2013 m\u00f3wi pani Olga.<\/p>\n\n\n\n<p>Na konto Europejskiego Centrum Odszkodowa\u0144 za wypadek pani Olgi wp\u0142yn\u0119\u0142o prawie 30 tys. z\u0142. Ostatnia wp\u0142ata by\u0142a w sierpniu.<\/p>\n\n\n\n<p>&#8211; Zacz\u0119\u0142am bombardowa\u0107 ich mailami, a\u017c w ko\u0144cu zadzwoni\u0142a do mnie babka z EUCO i powiedzia\u0142a, by si\u0119 nie martwi\u0107, do ko\u0144ca pa\u017adziernika b\u0119d\u0105 wyp\u0142acone pieni\u0105dze. To by\u0142o mydlenie oczu, \u017cebym nie wykonywa\u0142a \u017cadnych ruch\u00f3w. Pieni\u0119dzy nie dosta\u0142am \u2013 zaznacza poszkodowana w wypadku.<\/p>\n\n\n\n<p><strong>To zapis rozmowy z Renat\u0105 Sawicz-Pator\u0105, now\u0105 prezes EUCO:<\/strong><\/p>\n\n\n\n<p><strong>Prezes:<\/strong> Rozumiem sytuacj\u0119, dlatego firma powsta\u0142a, \u017ceby pomaga\u0107 w takich trudnych momentach i naprawd\u0119 przez wiele lat skutecznie tak\u0105 dzia\u0142alno\u015b\u0107 prowadzili\u015bmy. Mamy wielu klient\u00f3w, kt\u00f3rych \u017cycie zmienili\u015bmy dzi\u0119ki naszej pracy.<\/p>\n\n\n\n<p><strong>Reporter:<\/strong> Macie te\u017c wielu klient\u00f3w rozgoryczonych, rozczarowanych i spraw w prokuraturze.<\/p>\n\n\n\n<p><strong>Prezes:<\/strong> Chcemy to wszystko naprawd\u0119 wyprowadzi\u0107 na prost\u0105 i dlatego te\u017c moja determinacja spowodowa\u0142a, \u017ce podj\u0119\u0142am si\u0119 tego wyzwania. Kiedy zaczyna\u0142am prac\u0119 tutaj, te\u017c prowadzi\u0142am sprawy. I do tej pory jestem zapraszana, prosz\u0119 mi wierzy\u0107, na wesele. By\u0142am na weselu u moich klient\u00f3w.<\/p>\n\n\n\n<p><strong>Reporter:<\/strong> Gratuluj\u0119, ale wszyscy ci, kt\u00f3rzy nie dostali od was pieni\u0119dzy, za\u0142o\u017c\u0119 si\u0119, \u017ce na wesela was nie zaprosz\u0105.<\/p>\n\n\n\n<p><strong>Prezes:<\/strong> Ale my naprawd\u0119 staramy si\u0119 to wszystko wyprostowa\u0107.<\/p>\n\n\n\n<p>&#8211; 31 pa\u017adziernika s\u0105d otworzy\u0142 post\u0119powanie restrukturyzacyjne. Post\u0119powanie restrukturyzacyjne nie jest post\u0119powaniem upad\u0142o\u015bciowym. Zostali\u015bmy ustanowieni zarz\u0105dc\u0105, nie syndykiem. Post\u0119powanie istnieje po to i zosta\u0142o otwarte w tym celu, \u017ceby ochroni\u0107 sp\u00f3\u0142k\u0119, ale dla wierzycieli \u2013 m\u00f3wi Bartosz Sok\u00f3\u0142, zarz\u0105dca sp\u00f3\u0142ki EUCO.<\/p>\n\n\n\n<p>&#8211; My jeste\u015bmy, nazwa\u0142bym to wr\u0119cz, rzecznikiem praw wierzycieli w tej sytuacji. Jeste\u015bmy powo\u0142ani przez s\u0105d, \u017ceby nie mylono nas tak naprawd\u0119 ze sp\u00f3\u0142k\u0105, z d\u0142u\u017cnikiem. Jeste\u015bmy niezale\u017cnym organem \u2013 dodaje Jakub Michalak, zarz\u0105dca sp\u00f3\u0142ki EUCO.<\/p>\n\n\n\n<p>&#8211; Jest mi bardzo przykro, \u017ce ludzie op\u0142ywaj\u0105 w bogactwa kosztem takich os\u00f3b jak ja. Te osoby z EUCO, ca\u0142a ta firma, wszyscy, kt\u00f3rzy si\u0119 utrzymuj\u0105 z moich pieni\u0119dzy i innych os\u00f3b poszkodowanych, oni po prostu si\u0119 utrzymuj\u0105 z nieszcz\u0119\u015bcia innych ludzi \u2013 uwa\u017ca pani Olga.<\/p>\n\n\n\n<p>polsat.pl<\/p>\n\n\n\n<p><\/p>\n","protected":false},"excerpt":{"rendered":"<p>Olga Roma\u0144czuk ze Szczecina walczy o pieni\u0105dze, jakie ubezpieczyciel wyp\u0142aci\u0142 jej po potr\u0105ceniu przez samoch\u00f3d. Odszkodowanie uzyska\u0142a dla niej prywatna firma odszkodowawcza. Cho\u0107 na konto EUCO wp\u0142yn\u0119\u0142o ju\u017c kilka transz, to pani Olga nie zobaczy\u0142a ani z\u0142ot\u00f3wki. &#8211; Op\u0142ywaj\u0105 w bogactwa kosztem takich ludzi jak ja \u2013 m\u00f3wi. 54-letnia pani Olga Roma\u0144czuk ze Szczecina pracowa\u0142a, [&hellip;]<\/p>\n","protected":false},"author":2,"featured_media":0,"comment_status":"open","ping_status":"open","sticky":false,"template":"","format":"standard","meta":{"footnotes":""},"categories":[8],"tags":[75],"class_list":["post-3662","post","type-post","status-publish","format-standard","hentry","category-aktualnosci","tag-euco"],"_links":{"self":[{"href":"https:\/\/www.odszkodowania.info.pl\/index.php?rest_route=\/wp\/v2\/posts\/3662","targetHints":{"allow":["GET"]}}],"collection":[{"href":"https:\/\/www.odszkodowania.info.pl\/index.php?rest_route=\/wp\/v2\/posts"}],"about":[{"href":"https:\/\/www.odszkodowania.info.pl\/index.php?rest_route=\/wp\/v2\/types\/post"}],"author":[{"embeddable":true,"href":"https:\/\/www.odszkodowania.info.pl\/index.php?rest_route=\/wp\/v2\/users\/2"}],"replies":[{"embeddable":true,"href":"https:\/\/www.odszkodowania.info.pl\/index.php?rest_route=%2Fwp%2Fv2%2Fcomments&post=3662"}],"version-history":[{"count":1,"href":"https:\/\/www.odszkodowania.info.pl\/index.php?rest_route=\/wp\/v2\/posts\/3662\/revisions"}],"predecessor-version":[{"id":3663,"href":"https:\/\/www.odszkodowania.info.pl\/index.php?rest_route=\/wp\/v2\/posts\/3662\/revisions\/3663"}],"wp:attachment":[{"href":"https:\/\/www.odszkodowania.info.pl\/index.php?rest_route=%2Fwp%2Fv2%2Fmedia&parent=3662"}],"wp:term":[{"taxonomy":"category","embeddable":true,"href":"https:\/\/www.odszkodowania.info.pl\/index.php?rest_route=%2Fwp%2Fv2%2Fcategories&post=3662"},{"taxonomy":"post_tag","embeddable":true,"href":"https:\/\/www.odszkodowania.info.pl\/index.php?rest_route=%2Fwp%2Fv2%2Ftags&post=3662"}],"curies":[{"name":"wp","href":"https:\/\/api.w.org\/{rel}","templated":true}]}}