{"id":367,"date":"2009-04-20T08:19:37","date_gmt":"2009-04-20T07:19:37","guid":{"rendered":"http:\/\/www.odszkodowania.info.pl\/?p=367"},"modified":"2009-04-20T08:19:37","modified_gmt":"2009-04-20T07:19:37","slug":"premier-odmowil-ofiarom-mtk-bedzie-proces","status":"publish","type":"post","link":"https:\/\/www.odszkodowania.info.pl\/?p=367","title":{"rendered":"Premier odm\u00f3wi\u0142 ofiarom MTK. B\u0119dzie proces"},"content":{"rendered":"<p>Dwa miesi\u0105ce temu prawie 100 os\u00f3b, kt\u00f3re w gruzach hali MTK straci\u0142y bliskich lub zosta\u0142y ranne, wys\u0142a\u0142y pisma do Donalda Tuska oraz Lecha Kaczy\u0144skiego. Poszkodowani prosili polityk\u00f3w o wsparcie finansowe, a tak\u017ce o interwencj\u0119 w sprawie zawarcia ugody ze Skarbem Pa\u0144stwa. Pow\u00f3d? Reprezentuj\u0105cy przed s\u0105dem interesy pa\u0144stwa prezydent Chorzowa odm\u00f3wi\u0142 uznania ich \u017c\u0105da\u0144 wyp\u0142aty odszkodowania.<\/p>\n<p>Ofiary katastrofy powo\u0142uj\u0105 si\u0119 na wydany w grudniu prze\u0142omowy prawomocny wyrok s\u0105du, kt\u00f3ry odpowiedzialno\u015bci\u0105 za tragedi\u0119 obarczy\u0142 Skarb Pa\u0144stwa. Zdaniem s\u0119dzi\u00f3w pa\u0144stwo by\u0142o bowiem nie tylko udzia\u0142owcem MTK, ale tak\u017ce w\u0142a\u015bcicielem terenu, na kt\u00f3rym sta\u0142a hala, a reprezentuj\u0105cy je urz\u0119dnicy wydali zgod\u0119 na jej budow\u0119. Wp\u0142yw na takie orzeczenie s\u0105du mia\u0142a opinia bieg\u0142ych z Politechniki Krakowskiej. Wskazali oni, \u017ce hala zosta\u0142a wadliwie zaprojektowana oraz wybudowana i mog\u0142a si\u0119 zawali\u0107 w ka\u017cdych warunkach pogodowych, nawet zaraz po oddaniu do u\u017cytku. Z tego powodu s\u0105dy oddalaj\u0105 teraz pozwy sk\u0142adane przeciwko MTK, cho\u0107 do po\u0142owy 2008 roku nakazywa\u0142y targom wyp\u0142at\u0119 odszkodowa\u0144.<\/p>\n<p>Prezydent Lech Kaczy\u0144ski nie odpowiedzia\u0142 na list poszkodowanych. Z kolei kilka dni temu premier Donald Tusk odm\u00f3wi\u0142 interwencji w sprawie zawarcia ugody ze Skarbem Pa\u0144stwa. Uzna\u0142, \u017ce nie jest kompetentny do ingerowania w przebieg indywidualnych post\u0119powa\u0144 s\u0105dowych. &#8211; Na obecnym etapie tych post\u0119powa\u0144 Prezes Rady Ministr\u00f3w nie jest r\u00f3wnie\u017c organem w\u0142a\u015bciwym w zakresie zaspokojenia roszcze\u0144 odszkodowawczych poszkodowanym &#8211; uzna\u0142 Adam Leszkiewicz, zast\u0119pca szefa Kancelarii Prezesa Rady Ministr\u00f3w. Przypomnia\u0142, \u017ce w 2006 roku rz\u0105d na zasi\u0142ki pogrzebowe, transport cia\u0142, pobyt rodzin ofiar w hotelu i renty specjalne wyda\u0142 ponad milion z\u0142otych. &#8211; Powy\u017csze dzia\u0142ania zosta\u0142y podj\u0119te jako wyraz troski o los ofiar i ich rodzin oraz stara\u0144 o ul\u017cenie ich cierpieniom &#8211; podkre\u015bla\u0142 Leszkiewicz.<\/p>\n<p>Poszkodowani s\u0105 rozczarowani stanowiskiem szefa rz\u0105du. &#8211; Pa\u0144stwo zachowuje si\u0119 teraz tak samo jak MTK. To wygl\u0105da na gr\u0119 na czas, jakby si\u0119 zm\u00f3wili ze sob\u0105 &#8211; m\u00f3wi 25-letni Jaros\u0142aw P\u0119gal z Rudy \u015al\u0105skiej. Stalowy d\u017awigar wal\u0105cego si\u0119 dachu hali zgruchota\u0142 mu miednic\u0119, ju\u017c nigdy nie odzyska sprawno\u015bci fizycznej. P\u0119gal do dzisiaj nie dosta\u0142 odszkodowania od MTK. &#8211; Zrobili ze mnie dziada i nagle okazuje si\u0119, \u017ce nikt si\u0119 nie czuje winny &#8211; wzdycha m\u0119\u017cczyzna.<\/p>\n<p>Marcin Marszo\u0142ek, prezes katowickiego stowarzyszenia Wokanda, kt\u00f3re zrzesza kilkadziesi\u0105t ofiar katastrofy, zapowiada z\u0142o\u017cenie pozw\u00f3w przeciwko Skarbowi Pa\u0144stwa. &#8211; Liczyli\u015bmy na dobr\u0105 wol\u0119 i zawarcie ugody. Skoro pa\u0144stwo chce walczy\u0107 z ofiarami w s\u0105dzie, prosz\u0119 bardzo. Jest to jednak \u017cenuj\u0105ce &#8211; m\u00f3wi Marszo\u0142ek.<\/p>\n<p>W\u0142adze Chorzowa s\u0105 przygotowane na dziesi\u0105tki proces\u00f3w z poszkodowanymi. &#8211; Nasze stanowisko jest niezmienne: Skarb Pa\u0144stwa nie ponosi odpowiedzialno\u015bci za katastrof\u0119 budowlan\u0105 na terenie MTK oraz jej skutki &#8211; podkre\u015bla Gabriela Kardas, rzeczniczka chorzowskiego magistratu.<\/p>\n<p>\u0179r\u00f3d\u0142o: Gazeta Wyborcza Katowice<\/p>\n","protected":false},"excerpt":{"rendered":"<p>Donald Tusk odm\u00f3wi\u0142 ubiegaj\u0105cym si\u0119 o odszkodowania ofiarom katastrofy hali MTK interwencji w sprawie zawarcia ugody ze Skarbem Pa\u0144stwa. &#8222;Prezes Rady Ministr\u00f3w nie jest kompetentny do ingerowania w przebieg indywidualnych post\u0119powa\u0144 s\u0105dowych&#8221; &#8211; napisali podlegli mu urz\u0119dnicy. Poszkodowani zapowiadaj\u0105 z\u0142o\u017cenie pozw\u00f3w. <\/p>\n","protected":false},"author":2,"featured_media":0,"comment_status":"open","ping_status":"open","sticky":false,"template":"","format":"standard","meta":{"footnotes":""},"categories":[8,31],"tags":[12,13],"class_list":["post-367","post","type-post","status-publish","format-standard","hentry","category-aktualnosci","category-interwencje","tag-odszkodowanie","tag-zadoscuczynienie"],"_links":{"self":[{"href":"https:\/\/www.odszkodowania.info.pl\/index.php?rest_route=\/wp\/v2\/posts\/367","targetHints":{"allow":["GET"]}}],"collection":[{"href":"https:\/\/www.odszkodowania.info.pl\/index.php?rest_route=\/wp\/v2\/posts"}],"about":[{"href":"https:\/\/www.odszkodowania.info.pl\/index.php?rest_route=\/wp\/v2\/types\/post"}],"author":[{"embeddable":true,"href":"https:\/\/www.odszkodowania.info.pl\/index.php?rest_route=\/wp\/v2\/users\/2"}],"replies":[{"embeddable":true,"href":"https:\/\/www.odszkodowania.info.pl\/index.php?rest_route=%2Fwp%2Fv2%2Fcomments&post=367"}],"version-history":[{"count":1,"href":"https:\/\/www.odszkodowania.info.pl\/index.php?rest_route=\/wp\/v2\/posts\/367\/revisions"}],"predecessor-version":[{"id":368,"href":"https:\/\/www.odszkodowania.info.pl\/index.php?rest_route=\/wp\/v2\/posts\/367\/revisions\/368"}],"wp:attachment":[{"href":"https:\/\/www.odszkodowania.info.pl\/index.php?rest_route=%2Fwp%2Fv2%2Fmedia&parent=367"}],"wp:term":[{"taxonomy":"category","embeddable":true,"href":"https:\/\/www.odszkodowania.info.pl\/index.php?rest_route=%2Fwp%2Fv2%2Fcategories&post=367"},{"taxonomy":"post_tag","embeddable":true,"href":"https:\/\/www.odszkodowania.info.pl\/index.php?rest_route=%2Fwp%2Fv2%2Ftags&post=367"}],"curies":[{"name":"wp","href":"https:\/\/api.w.org\/{rel}","templated":true}]}}