{"id":3672,"date":"2022-12-07T21:24:48","date_gmt":"2022-12-07T20:24:48","guid":{"rendered":"https:\/\/www.odszkodowania.info.pl\/?p=3672"},"modified":"2026-03-11T19:59:19","modified_gmt":"2026-03-11T18:59:19","slug":"euco-czas-polozyc-karty-na-stol","status":"publish","type":"post","link":"https:\/\/www.odszkodowania.info.pl\/?p=3672","title":{"rendered":"EuCO czas po\u0142o\u017cy\u0107 karty na st\u00f3\u0142"},"content":{"rendered":"\n<p>Wiele powsta\u0142o ju\u017c tekst\u00f3w i innych materia\u0142\u00f3w prasowych na temat przyczyn upadku EuCO. Tak\u017ce EuCo podj\u0119\u0142o wiele pr\u00f3b wizerunkowego wyj\u015bcia z kl\u0119ski jak\u0105 sobie zgotowa\u0142o. Czas jednak odkry\u0107 karty by\u0107 mo\u017ce nie wszystkie i rozprawi\u0107 si\u0119 z przypuszczeniami, przynajmniej niekt\u00f3rymi.<\/p>\n\n\n\n<p><strong>COVID<\/strong><\/p>\n\n\n\n<p>Sp\u00f3\u0142ka podaje, i\u017c COVID by\u0142 jednym z problem\u00f3w, kt\u00f3ry doprowadzi\u0142 do obecnej sytuacji w EuCO. Warto jednak przeczyta\u0107 co na temat COIVID zarz\u0105d EuCO pisa\u0142 we wrze\u015bniu 2021 roku w \u201e<strong>SKONSOLIDOWANYM SPRAWOZDANIU Z DZIA\u0141ALNO\u015aCI ZARZ\u0104DU GRUPY KAPITA\u0141OWEJ EUROPEJSKIEGO CENTRUM ODSZKODOWA\u0143 ZA I P\u00d3\u0141ROCZE 2021 ROKU<\/strong>\u201d \u2013 strona 30\/31<\/p>\n\n\n\n<p><strong>\u201e<em>W zwi\u0105zku z wprowadzonym stanem pandemii Zarz\u0105d Emitenta informuje, \u017ce dzi\u0119ki skutecznemu zapewnieniu pracy zdalnej, praca Grupy (EuCO \u2013 red.) przebiega\u0142a bez wi\u0119kszych zak\u0142\u00f3ce\u0144. Zapewniona jest ci\u0105g\u0142o\u015b\u0107 obs\u0142ugi Klient\u00f3w i zg\u0142aszania w ich imieniu roszcze\u0144. Z towarzystwami ubezpieczeniowymi wsp\u00f3\u0142praca opiera\u0142a si\u0119 na komunikacji elektronicznej. Odnotowali\u015bmy wdro\u017cenie przez towarzystwa ubezpieczeniowe metod pozwalaj\u0105cych na likwidacj\u0119 szk\u00f3d osobowych i maj\u0105tkowych w spos\u00f3b zgodny z regulacjami (wywiad \u015brodowiskowy w formie telefonicznej, ocena trwa\u0142ego, d\u0142ugotrwa\u0142ego uszczerbku na zdrowiu poprzez organizowanie komisji lekarskich zaocznych). Sp\u00f3\u0142ka wdro\u017cy\u0142a elektroniczny system doskonalenia zawodowego, szkole\u0144 w stosunku do wsp\u00f3\u0142pracownik\u00f3w oraz umo\u017cliwi\u0142a zawieranie um\u00f3w z klientem z wykorzystaniem elektronicznych kana\u0142\u00f3w komunikacji.<\/em>\u201d<\/strong><\/p>\n\n\n\n\t\t<div class=\"wppdfemb-frame-container-1\" style=\"-webkit-overflow-scrolling:auto;\">\n\t\t\t<iframe class=\"pdfembed-iframe nonfullscreen wppdf-emb-iframe-1\"\n\t\t\t\tsrc=\"https:\/\/www.odszkodowania.info.pl\/?pdfemb-data=eyJwZGZJRCI6MzY3MywidXJsIjoiaHR0cHM6XC9cL3d3dy5vZHN6a29kb3dhbmlhLmluZm8ucGxcL3dwLWNvbnRlbnRcL3VwbG9hZHNcL0V1Q08tU3ByYXdvemRhbmllLXotZHppYWxhbG5vc2NpLUlIMjAyMS5wZGYiLCJjbGFzc05hbWUiOiJ3cC1ibG9jay1wZGZlbWItcGRmLWVtYmVkZGVyLXZpZXdlciIsImluZGV4IjoxfQ\"\n\t\t\t\t\t\t\t\tdata-pdf-id=\"3673\"\n\t\t\t\tdata-pdf-index=\"1\"\n\t\t\t\tstyle=\"border:none;width:100%;max-width:100%;height:100vh;\"\n\t\t\t\tscrolling=\"yes\">\n\t\t\t<\/iframe>\n\t\t<\/div>\n\n\t\t\n\n\n<p>Czy nale\u017cy z tego rozumie\u0107 \u017ce problem z pandemi\u0105 pojawi\u0142 si\u0119 w II po\u0142owie 2021 roku? Kiedy ju\u017c praktycznie nie by\u0142o \u017cadnych obostrze\u0144! Czy mo\u017ce jednak jest to tylko tzw. wym\u00f3wka i szukanie \u201eobiektywnego\u201d powod\u00f3w problemu? Jedyne problem jaki zdaj\u0105 si\u0119 zauwa\u017ca\u0107 tak\u017ce inni dziennikarze to zamkni\u0119cie szpitali dla wszystkich odwiedzaj\u0105cych tak\u017ce agent\u00f3w EuCO. Ale to nadal nie t\u0142umaczy wszystkich problem\u00f3w.<\/p>\n\n\n\n<p><strong>Parali\u017c s\u0105d\u00f3w<\/strong><\/p>\n\n\n\n<p>Rzeczywi\u015bcie na pocz\u0105tku stanu pandemii, s\u0105du przez chwil\u0119 przesta\u0142y dzia\u0142a\u0107. Jednak ten przest\u00f3j nie trwa\u0142 10 miesi\u0119cy ale 2 mo\u017ce 3 miesi\u0105ce. Problem jednak w tym, \u017ce EuCO nie jest znane z proces\u00f3w s\u0105dowych ale z zawierania ug\u00f3d i to cz\u0119sto bardzo niekorzystnych dla swoich klient\u00f3w. W jaki zatem spos\u00f3b \u201eparali\u017c sad\u00f3w\u201d mia\u0142by wp\u0142yn\u0105\u0107 na op\u00f3\u017anienia w wyp\u0142acie \u015brodk\u00f3w dla klient\u00f3w, kt\u00f3rych \u015brodki z TU zosta\u0142y wyp\u0142acone na podstawie ug\u00f3d? Tego EuCO ju\u017c nie t\u0142umaczy.<\/p>\n\n\n\n<p><strong>Ubezpieczyciele<\/strong><\/p>\n\n\n\n<p>Ach ci niedobrzy ubezpieczyciele \u2026 wyd\u0142u\u017caj\u0105cy czas rozpatrywania spraw klient\u00f3w, czyli przed\u0142u\u017caj\u0105cych proces likwidacji szk\u00f3d. To jednak chyba najbardziej kuriozalne t\u0142umaczenie, po pierwsze klient wynajmuje pe\u0142nomocnika, kt\u00f3ry powinien potrafi\u0107 poradzi\u0107 sobie z problemem nieuzasadnionej przewlek\u0142o\u015bci. Szczeg\u00f3lnie, i\u017c terminy reguluj\u0105ce czas likwidacji szkody i wyp\u0142at\u0119 \u015bwiadczenia nie s\u0105 wewn\u0119trznie ustalane przez TU a s\u0105 to terminy zapisane w prawie powszechnie obowi\u0105zuj\u0105cym. Co jednak najwa\u017cniejsze TU nie mia\u0142y i nie maja \u017cadnego interesu w op\u00f3\u017anianiu zawierania ug\u00f3d, kt\u00f3re s\u0105 dla TU bardzo korzystne.<\/p>\n\n\n\n<p><strong>Restrukturyzacja czy mydlenie oczu?<\/strong><\/p>\n\n\n\n<p>EuCO zapewnia \u017ce chce sp\u0142aci\u0107 swoje d\u0142ugi zar\u00f3wno wobec bank\u00f3w innych instytucji jak i swoich klient\u00f3w. Pytanie ilu tych klient\u00f3w tak naprawd\u0119 jest mo\u017ce by\u0107 poszkodowanych. Jak cytowali\u015bmy powy\u017cej zarz\u0105d EuCO nie wskazuje na problemy z pozyskiwaniem nowych klient\u00f3w. Jak te\u017c deklaruj\u0105 obecnie prowadz\u0105 sprawy \u201ewarte\u201d 250 mln z\u0142 \u2026 czyli zagro\u017conych jest 30 tys klient\u00f3w EuCO? Jak to policzyli\u015bmy \u2013 mo\u017ce bardziej oszacowali\u015bmy. Sp\u00f3\u0142ka podaje \u017ce uzyska\u0142a 3 mld z\u0142 dla 350 tys. Klient\u00f3w \u2013 czyli \u015brednie wychodzi do\u015b\u0107 s\u0142abo a nawet bardzo s\u0142abo oko\u0142o 8500 z\u0142 na klienta. Wi\u0119c bior\u0105c pod uwag\u0119 t\u0119 \u015bredni\u0105 mamy 250 mln z\u0142\/8500 i dostajemy oko\u0142o 30 tys. Klient\u00f3w, kt\u00f3rych \u015brodki z TU s\u0105 zagro\u017cone a to oznacza ju\u017c du\u017cy problem.<\/p>\n\n\n\n<p><strong>Czy EuCO naprawd\u0119 chce sp\u0142aci\u0107 swoje d\u0142ugi<\/strong>?<\/p>\n\n\n\n<p>Nie jeste\u015bmy w stanie tego oceni\u0107 jednoznacznie ale s\u0105 pewne przes\u0142anki kt\u00f3re wydaj\u0105 si\u0119 temu przeczy\u0107. W marcu 2022 roku powstaje sp\u00f3\u0142ka \u201eANOS\u201d, kt\u00f3ra mie\u015bci si\u0119 pod adresem ul. Maksymiliana Kolbe 18, 59-220 Legnica \u2026 \u201edziwnym\u201d trafem ten sam adres ma EuCO. Co \u201edziwniejsze\u201d w sp\u00f3\u0142ce ANOS pracuj\u0105 ci sami specjali\u015bci, kt\u00f3rzy pracowali dla EuCO.<\/p>\n\n\n\n<figure class=\"wp-block-image aligncenter size-large\"><a href=\"https:\/\/www.odszkodowania.info.pl\/wp-content\/uploads\/Screenshot-2022-09-22-at-08-31-06-O-nas-\u2013-ANOS-\u2013-odszkodowania-po-wypadku-i-swiadczenia-pielegnacyjne.png\"><img fetchpriority=\"high\" decoding=\"async\" width=\"414\" height=\"1024\" src=\"https:\/\/www.odszkodowania.info.pl\/wp-content\/uploads\/Screenshot-2022-09-22-at-08-31-06-O-nas-\u2013-ANOS-\u2013-odszkodowania-po-wypadku-i-swiadczenia-pielegnacyjne-414x1024.png\" alt=\"\" class=\"wp-image-3674\" srcset=\"https:\/\/www.odszkodowania.info.pl\/wp-content\/uploads\/Screenshot-2022-09-22-at-08-31-06-O-nas-\u2013-ANOS-\u2013-odszkodowania-po-wypadku-i-swiadczenia-pielegnacyjne-414x1024.png 414w, https:\/\/www.odszkodowania.info.pl\/wp-content\/uploads\/Screenshot-2022-09-22-at-08-31-06-O-nas-\u2013-ANOS-\u2013-odszkodowania-po-wypadku-i-swiadczenia-pielegnacyjne-121x300.png 121w, https:\/\/www.odszkodowania.info.pl\/wp-content\/uploads\/Screenshot-2022-09-22-at-08-31-06-O-nas-\u2013-ANOS-\u2013-odszkodowania-po-wypadku-i-swiadczenia-pielegnacyjne-768x1898.png 768w, https:\/\/www.odszkodowania.info.pl\/wp-content\/uploads\/Screenshot-2022-09-22-at-08-31-06-O-nas-\u2013-ANOS-\u2013-odszkodowania-po-wypadku-i-swiadczenia-pielegnacyjne-829x2048.png 829w, https:\/\/www.odszkodowania.info.pl\/wp-content\/uploads\/Screenshot-2022-09-22-at-08-31-06-O-nas-\u2013-ANOS-\u2013-odszkodowania-po-wypadku-i-swiadczenia-pielegnacyjne.png 1225w\" sizes=\"(max-width: 414px) 100vw, 414px\" \/><\/a><figcaption class=\"wp-element-caption\">\u017ar\u00f3d\u0142o: anos-odszkodowania.pl<\/figcaption><\/figure>\n\n\n\n<p>To jednak mniejszy problem z punktu widzenia poszkodowanych. Problemem wi\u0119kszym jest fakt przechodzenia agent\u00f3w z EuCO do ANOS i tu dysponujemy relacj\u0105 naszej czytelniczki, kt\u00f3r\u0105 odwiedzi\u0142 agent EuCO, znaczy poda\u0142 wizyt\u00f3wk\u0119 ANOS. Je\u015bli nowi\/starzy klienci trafiaj\u0105 ju\u017c nie do EuCO tylko ANOS to czy nie jest o jednak ucieczka z ton\u0105cego statku? Skoro jest taki \u015bwietny plan naprawy finans\u00f3w EuCO dlaczego nowi klienci moj\u0105 trafia\u0107 w r\u0119ce ANOS a nie do EuCO aby z zysk\u00f3w sp\u0142aci\u0107 d\u0142ugi wobec klient\u00f3w?<\/p>\n\n\n\n<figure class=\"wp-block-image size-large\"><a href=\"https:\/\/www.odszkodowania.info.pl\/wp-content\/uploads\/ANOS_leszek_czerwinski_wizytowka.jpg\"><img decoding=\"async\" width=\"1024\" height=\"569\" src=\"https:\/\/www.odszkodowania.info.pl\/wp-content\/uploads\/ANOS_leszek_czerwinski_wizytowka-1024x569.jpg\" alt=\"\" class=\"wp-image-3675\" srcset=\"https:\/\/www.odszkodowania.info.pl\/wp-content\/uploads\/ANOS_leszek_czerwinski_wizytowka-1024x569.jpg 1024w, https:\/\/www.odszkodowania.info.pl\/wp-content\/uploads\/ANOS_leszek_czerwinski_wizytowka-300x167.jpg 300w, https:\/\/www.odszkodowania.info.pl\/wp-content\/uploads\/ANOS_leszek_czerwinski_wizytowka-768x427.jpg 768w, https:\/\/www.odszkodowania.info.pl\/wp-content\/uploads\/ANOS_leszek_czerwinski_wizytowka.jpg 1039w\" sizes=\"(max-width: 1024px) 100vw, 1024px\" \/><\/a><figcaption class=\"wp-element-caption\">Wizyt\u00f3wka ANOS Leszek Czerwi\u0144ski<\/figcaption><\/figure>\n\n\n\n<figure class=\"wp-block-image size-large\"><a href=\"https:\/\/www.odszkodowania.info.pl\/wp-content\/uploads\/Screenshot-2022-12-05-at-11-37-25-Odszkodowania-powypadkowe.png\"><img decoding=\"async\" width=\"1024\" height=\"697\" src=\"https:\/\/www.odszkodowania.info.pl\/wp-content\/uploads\/Screenshot-2022-12-05-at-11-37-25-Odszkodowania-powypadkowe-1024x697.png\" alt=\"\" class=\"wp-image-3677\" srcset=\"https:\/\/www.odszkodowania.info.pl\/wp-content\/uploads\/Screenshot-2022-12-05-at-11-37-25-Odszkodowania-powypadkowe-1024x697.png 1024w, https:\/\/www.odszkodowania.info.pl\/wp-content\/uploads\/Screenshot-2022-12-05-at-11-37-25-Odszkodowania-powypadkowe-300x204.png 300w, https:\/\/www.odszkodowania.info.pl\/wp-content\/uploads\/Screenshot-2022-12-05-at-11-37-25-Odszkodowania-powypadkowe-768x523.png 768w, https:\/\/www.odszkodowania.info.pl\/wp-content\/uploads\/Screenshot-2022-12-05-at-11-37-25-Odszkodowania-powypadkowe-1536x1046.png 1536w, https:\/\/www.odszkodowania.info.pl\/wp-content\/uploads\/Screenshot-2022-12-05-at-11-37-25-Odszkodowania-powypadkowe-2048x1394.png 2048w\" sizes=\"(max-width: 1024px) 100vw, 1024px\" \/><\/a><figcaption class=\"wp-element-caption\">\u017ar\u00f3d\u0142o: www.czerwi\u0144ski-odszkodowania.pl<\/figcaption><\/figure>\n\n\n\n<p>To niestety nie koniec problem\u00f3w grupy problem\u00f3w EuCO. Ju\u017c pojawiaj\u0105 si\u0119 poszkodowanie przez kolejn\u0105 sp\u00f3\u0142k\u0119 z Legnicy tak tak z ul. Kolbego 18. Tym razem chodzi o RIGORE i zg\u0142aszane zaleg\u0142o\u015bci w wyp\u0142acie \u015brodk\u00f3w dla klient\u00f3w, ale to b\u0119dzie ju\u017c odr\u0119bny temat.<\/p>\n\n\n\n<p>LC<\/p>\n","protected":false},"excerpt":{"rendered":"<p>Wiele powsta\u0142o ju\u017c tekst\u00f3w i innych materia\u0142\u00f3w prasowych na temat przyczyn upadku EuCO. Tak\u017ce EuCo podj\u0119\u0142o wiele pr\u00f3b wizerunkowego wyj\u015bcia z kl\u0119ski jak\u0105 sobie zgotowa\u0142o. Czas jednak odkry\u0107 karty by\u0107 mo\u017ce nie wszystkie i rozprawi\u0107 si\u0119 z przypuszczeniami, przynajmniej niekt\u00f3rymi. COVID Sp\u00f3\u0142ka podaje, i\u017c COVID by\u0142 jednym z problem\u00f3w, kt\u00f3ry doprowadzi\u0142 do obecnej sytuacji w [&hellip;]<\/p>\n","protected":false},"author":2,"featured_media":0,"comment_status":"open","ping_status":"open","sticky":false,"template":"","format":"standard","meta":{"footnotes":""},"categories":[8,45],"tags":[75],"class_list":["post-3672","post","type-post","status-publish","format-standard","hentry","category-aktualnosci","category-artykul-glowny","tag-euco"],"_links":{"self":[{"href":"https:\/\/www.odszkodowania.info.pl\/index.php?rest_route=\/wp\/v2\/posts\/3672","targetHints":{"allow":["GET"]}}],"collection":[{"href":"https:\/\/www.odszkodowania.info.pl\/index.php?rest_route=\/wp\/v2\/posts"}],"about":[{"href":"https:\/\/www.odszkodowania.info.pl\/index.php?rest_route=\/wp\/v2\/types\/post"}],"author":[{"embeddable":true,"href":"https:\/\/www.odszkodowania.info.pl\/index.php?rest_route=\/wp\/v2\/users\/2"}],"replies":[{"embeddable":true,"href":"https:\/\/www.odszkodowania.info.pl\/index.php?rest_route=%2Fwp%2Fv2%2Fcomments&post=3672"}],"version-history":[{"count":2,"href":"https:\/\/www.odszkodowania.info.pl\/index.php?rest_route=\/wp\/v2\/posts\/3672\/revisions"}],"predecessor-version":[{"id":4135,"href":"https:\/\/www.odszkodowania.info.pl\/index.php?rest_route=\/wp\/v2\/posts\/3672\/revisions\/4135"}],"wp:attachment":[{"href":"https:\/\/www.odszkodowania.info.pl\/index.php?rest_route=%2Fwp%2Fv2%2Fmedia&parent=3672"}],"wp:term":[{"taxonomy":"category","embeddable":true,"href":"https:\/\/www.odszkodowania.info.pl\/index.php?rest_route=%2Fwp%2Fv2%2Fcategories&post=3672"},{"taxonomy":"post_tag","embeddable":true,"href":"https:\/\/www.odszkodowania.info.pl\/index.php?rest_route=%2Fwp%2Fv2%2Ftags&post=3672"}],"curies":[{"name":"wp","href":"https:\/\/api.w.org\/{rel}","templated":true}]}}