{"id":3690,"date":"2023-01-11T10:49:36","date_gmt":"2023-01-11T09:49:36","guid":{"rendered":"https:\/\/www.odszkodowania.info.pl\/?p=3690"},"modified":"2023-01-11T10:49:37","modified_gmt":"2023-01-11T09:49:37","slug":"rodzice-malgosi-zamordowanej-w-miloszycach-chca-miliona-zlotych-za-te-sprawe-rekordowe-odszkodowanie-dostal-juz-komenda","status":"publish","type":"post","link":"https:\/\/www.odszkodowania.info.pl\/?p=3690","title":{"rendered":"Rodzice Ma\u0142gosi zamordowanej w Mi\u0142oszycach chc\u0105 miliona z\u0142otych. Za t\u0119 spraw\u0119 rekordowe odszkodowanie dosta\u0142 ju\u017c Komenda"},"content":{"rendered":"\n<p>Rodzice Ma\u0142gosi, kt\u00f3r\u0105 brutalnie zgwa\u0142cono w sylwestra 1996\/1997, chc\u0105 miliona z\u0142otych zado\u015b\u0107uczynienia. W tej sprawie przyznano ju\u017c rekordowe odszkodowanie dla nies\u0142usznie skazanego Tomasza Komendy.<\/p>\n\n\n\n<p>Rodzice Ma\u0142gosi z\u0142o\u017cyli we wroc\u0142awskim s\u0105dzie wniosek opiewaj\u0105cy na milion z\u0142otych zado\u015b\u0107uczynienia.<\/p>\n\n\n\n<p>Ich c\u00f3rka zosta\u0142a brutalnie zgwa\u0142cona w czasie imprezy sylwestrowej 1996\/1997 w Mi\u0142oszycach. Sprawcy zostawili poranion\u0105 dziewczyn\u0119 na mrozie, gdzie do rana zamarz\u0142a. Mimo \u017ce wok\u00f3\u0142 bawi\u0142o si\u0119 kilkaset os\u00f3b, a \u015bwiadkowie widzieli, jak dw\u00f3ch m\u0119\u017cczyzn prowadzi nieprzytomn\u0105 dziewczyn\u0119, przez lata nie uda\u0142o si\u0119 znale\u017a\u0107 winnych.<\/p>\n\n\n\n<p><strong>Zbrodnia mi\u0142oszycka. Niewinnie skazany Tomasz Komenda dosta\u0142 rekordowe odszkodowanie<\/strong><\/p>\n\n\n\n<p>W 2000 roku aresztowano Tomasza Komend\u0119, kt\u00f3rego cztery lata p\u00f3\u017aniej skazano prawomocnie na 25 lat wi\u0119zienia za brutalny gwa\u0142t i morderstwo.<\/p>\n\n\n\n<p>Rodzice Ma\u0142gosi przez lata walczyli, \u017ceby wznowiono \u015bledztwo, bo od pocz\u0105tku by\u0142o wiadomo, \u017ce sprawc\u00f3w by\u0142o przynajmniej dw\u00f3ch albo trzech. Nie zgodzili si\u0119, kiedy prokurator chcia\u0142 im odda\u0107 ubranie c\u00f3rki.<\/p>\n\n\n\n<p>Wed\u0142ug sporz\u0105dzonej na samym pocz\u0105tku \u015bledztwa ekspertyzy sprawcy nie zostawili na nim \u017cadnych \u015blad\u00f3w, a jedyne DNA, kt\u00f3re uda\u0142o si\u0119 zabezpieczy\u0107, pochodzi\u0142o z w\u0142os\u00f3w na czapce znalezionej na miejscu morderstwa. Oni wierzyli jednak, \u017ce sukienka Ma\u0142gosi pos\u0142u\u017cy jeszcze jako dow\u00f3d. I faktycznie, gdy po latach wznowiono spraw\u0119, na ubraniach dziewczyny znaleziono \u015blady DNA.<\/p>\n\n\n\n<p>Na ich podstawie prawomocnie skazano Ireneusza M. i Norberta Basiur\u0119 (zgadza si\u0119 na publikacj\u0119 nazwiska). Tomasz Komenda okaza\u0142 si\u0119 niewinny, co w maju 2018 roku potwierdzi\u0142 S\u0105d Najwy\u017cszy.<\/p>\n\n\n\n<p>Przed s\u0105dem w Opolu Komenda razem ze swoim pe\u0142nomocnikiem prof. Zbigniewem \u0106wi\u0105kalskim domaga\u0142 si\u0119 18 mln z\u0142 zado\u015b\u0107uczynienia (po 1 mln z\u0142 za ka\u017cdy rok w wi\u0119zieniu) oraz ponad 800 tys. z\u0142 odszkodowania za utracone zarobki. Ostatecznie przyznano mu 12 mln z\u0142 zado\u015b\u0107uczynienia oraz 811 tys. 533 z\u0142 i 12 gr odszkodowania, co by\u0142o rekordow\u0105 kwot\u0105 w polskim wymiarze sprawiedliwo\u015bci.<\/p>\n\n\n\n<p><strong>Zbrodnia mi\u0142oszycka. Rodzice Ma\u0142gosi walcz\u0105 o odszkodowanie<\/strong><\/p>\n\n\n\n<p>Rodzice Ma\u0142gosi uwa\u017caj\u0105, \u017ce im tak\u017ce odszkodowanie si\u0119 nale\u017cy.<\/p>\n\n\n\n<p>&#8211; Wiele rzeczy mo\u017cna wybaczy\u0107, ale gwa\u0142tu i\u00a0zab\u00f3jstwa nie. Mimo \u017ce na jej sukience by\u0142y wszystkie dowody, a od blisko 20 lat nauka pozwala na bardziej dok\u0142adne badania genetyczne, po zatrzymaniu Komendy nikt nie chcia\u0142 ju\u017c zajmowa\u0107 si\u0119 t\u0105 spraw\u0105. Na bestialskiej \u015bmierci mojej c\u00f3rki robiono kariery, a my przez ten system zostali\u015bmy zmia\u017cd\u017ceni.\u00a0Po tych wszystkich latach jeste\u015bmy wrakami, zniszczono nas psychicznie i fizycznie. To cud, \u017ce w og\u00f3le jeszcze \u017cyj\u0119. Mam pierwsz\u0105 grup\u0119 inwalidzk\u0105 &#8211; m\u00f3wi\u0142 &#8222;Wyborczej&#8221; ojciec Ma\u0142gosi.<\/p>\n\n\n\n<p>Mec. Ewa Szymecka, kt\u00f3ra przed laty reprezentowa\u0142a rodzic\u00f3w Ma\u0142gosi, r\u00f3wnie\u017c uwa\u017ca, \u017ce nale\u017cy im si\u0119 odszkodowanie.<\/p>\n\n\n\n<p>&#8211; Byli w tej sprawie marionetkami, traktowanymi jak popychad\u0142a. Lekcewa\u017cono ich i dowody. Przecie\u017c nawet t\u0119 sukienk\u0119 ze \u015bladami DNA chcieli im odda\u0107. To by\u0142o a\u017c niewyobra\u017calne, \u017ce mo\u017cna tak post\u0119powa\u0107 z lud\u017ami, kt\u00f3rzy przecie\u017c s\u0105 ofiarami tej zbrodni.\u00a0Nikt by tego nie wytrzyma\u0142 &#8211; podkre\u015bla.<\/p>\n\n\n\n<p>wyborcza.pl<\/p>\n","protected":false},"excerpt":{"rendered":"<p>Rodzice Ma\u0142gosi, kt\u00f3r\u0105 brutalnie zgwa\u0142cono w sylwestra 1996\/1997, chc\u0105 miliona z\u0142otych zado\u015b\u0107uczynienia. W tej sprawie przyznano ju\u017c rekordowe odszkodowanie dla nies\u0142usznie skazanego Tomasza Komendy. Rodzice Ma\u0142gosi z\u0142o\u017cyli we wroc\u0142awskim s\u0105dzie wniosek opiewaj\u0105cy na milion z\u0142otych zado\u015b\u0107uczynienia. Ich c\u00f3rka zosta\u0142a brutalnie zgwa\u0142cona w czasie imprezy sylwestrowej 1996\/1997 w Mi\u0142oszycach. Sprawcy zostawili poranion\u0105 dziewczyn\u0119 na mrozie, gdzie [&hellip;]<\/p>\n","protected":false},"author":2,"featured_media":0,"comment_status":"open","ping_status":"open","sticky":false,"template":"","format":"standard","meta":{"footnotes":""},"categories":[8],"tags":[12,13],"class_list":["post-3690","post","type-post","status-publish","format-standard","hentry","category-aktualnosci","tag-odszkodowanie","tag-zadoscuczynienie"],"_links":{"self":[{"href":"https:\/\/www.odszkodowania.info.pl\/index.php?rest_route=\/wp\/v2\/posts\/3690","targetHints":{"allow":["GET"]}}],"collection":[{"href":"https:\/\/www.odszkodowania.info.pl\/index.php?rest_route=\/wp\/v2\/posts"}],"about":[{"href":"https:\/\/www.odszkodowania.info.pl\/index.php?rest_route=\/wp\/v2\/types\/post"}],"author":[{"embeddable":true,"href":"https:\/\/www.odszkodowania.info.pl\/index.php?rest_route=\/wp\/v2\/users\/2"}],"replies":[{"embeddable":true,"href":"https:\/\/www.odszkodowania.info.pl\/index.php?rest_route=%2Fwp%2Fv2%2Fcomments&post=3690"}],"version-history":[{"count":1,"href":"https:\/\/www.odszkodowania.info.pl\/index.php?rest_route=\/wp\/v2\/posts\/3690\/revisions"}],"predecessor-version":[{"id":3691,"href":"https:\/\/www.odszkodowania.info.pl\/index.php?rest_route=\/wp\/v2\/posts\/3690\/revisions\/3691"}],"wp:attachment":[{"href":"https:\/\/www.odszkodowania.info.pl\/index.php?rest_route=%2Fwp%2Fv2%2Fmedia&parent=3690"}],"wp:term":[{"taxonomy":"category","embeddable":true,"href":"https:\/\/www.odszkodowania.info.pl\/index.php?rest_route=%2Fwp%2Fv2%2Fcategories&post=3690"},{"taxonomy":"post_tag","embeddable":true,"href":"https:\/\/www.odszkodowania.info.pl\/index.php?rest_route=%2Fwp%2Fv2%2Ftags&post=3690"}],"curies":[{"name":"wp","href":"https:\/\/api.w.org\/{rel}","templated":true}]}}