{"id":3700,"date":"2023-01-20T22:46:19","date_gmt":"2023-01-20T21:46:19","guid":{"rendered":"https:\/\/www.odszkodowania.info.pl\/?p=3700"},"modified":"2023-01-20T22:46:22","modified_gmt":"2023-01-20T21:46:22","slug":"po-naszej-interwencji-sprawa-euco-laduje-w-prokuraturze-regionalnej-we-wroclawiu","status":"publish","type":"post","link":"https:\/\/www.odszkodowania.info.pl\/?p=3700","title":{"rendered":"Po naszej interwencji sprawa EuCO l\u0105duje w Prokuraturze Regionalnej we Wroc\u0142awiu"},"content":{"rendered":"\n<p>Od kilku miesi\u0119cy spraw\u0105 afery EuCO zajmowa\u0142a si\u0119 Prokuratura Rejonowa w Legnicy. W opinii prawnik\u00f3w sprawa sz\u0142a bardzo opornie a wr\u0119cz \u015blamazarnie. Jaki by\u0142e tego pow\u00f3d nie wiemy.<\/p>\n\n\n\n<p>Ale jako pierwsi ujawnili\u015bmy zwi\u0105zek obecnego przewodnicz\u0105cego rady nadzorczej EuCO <strong>Paw\u0142a Filipiaka<\/strong> z Prokuratur\u0105 Rejonow\u0105 w Legnicy gdzie obecny radca prawny by\u0142 zatrudniony jako asesor. <\/p>\n\n\n\n<figure class=\"wp-block-image size-large\"><a href=\"https:\/\/www.odszkodowania.info.pl\/wp-content\/uploads\/obraz-3.png\"><img fetchpriority=\"high\" decoding=\"async\" width=\"1024\" height=\"753\" src=\"https:\/\/www.odszkodowania.info.pl\/wp-content\/uploads\/obraz-3-1024x753.png\" alt=\"\" class=\"wp-image-3701\" srcset=\"https:\/\/www.odszkodowania.info.pl\/wp-content\/uploads\/obraz-3-1024x753.png 1024w, https:\/\/www.odszkodowania.info.pl\/wp-content\/uploads\/obraz-3-300x221.png 300w, https:\/\/www.odszkodowania.info.pl\/wp-content\/uploads\/obraz-3-768x565.png 768w, https:\/\/www.odszkodowania.info.pl\/wp-content\/uploads\/obraz-3.png 1181w\" sizes=\"(max-width: 1024px) 100vw, 1024px\" \/><\/a><figcaption class=\"wp-element-caption\"><em>informacja PO w Legnicy<\/em><\/figcaption><\/figure>\n\n\n\n<p>Taki stan rzeczy w wielu poszkodowanych wzbudza\u0142 ogromny niepok\u00f3j i niepewno\u015b\u0107 co stanie si\u0119 ze spraw\u0105 i czy zostanie ona rzetelnie poprowadzona przez prokurator\u00f3w w Legnicy.<\/p>\n\n\n\n<p>Dzisiaj otrzymali\u015bmy potwierdzenie naszych nieoficjalnych informacji. Spraw\u0119 EuCO przejmuje <strong>Prokuratura Regionalna we Wroc\u0142awiu<\/strong> a dok\u0142adniej <strong>1 Wydzia\u0142 do Spraw Przest\u0119pczo\u015bci Gospodarczej<\/strong> i sprawa otrzymuje now\u0105 sygnatur\u0119 akt <strong>2011-1.Ds.1.2023<\/strong><\/p>\n\n\n\n<p>Dlatego teraz wszyscy pokrzywdzeni powinni kontaktowa\u0107 si\u0119 z t\u0105 w\u0142a\u015bnie jednostk\u0105:<\/p>\n\n\n\n<figure class=\"wp-block-pullquote\"><blockquote><p>Prokuratura Regionalna we Wroc\u0142awiu<br>ul. Pi\u0142sudskiego 76\/78 i 15\/17<br>50-020 Wroc\u0142aw<br>Centrala tel. 71 33 06 800,<br>fax. 713306801<br>adres poczty elektronicznej:<br>biuro.podawcze.rpwro@prokuratura.gov.pl<br>1 Wydzia\u0142 do Spraw Przest\u0119pczo\u015bci Gospodarczej<br>Kontakt przez sekretariat Wydzia\u0142u: tel. 71 3306 882, fax 71 3352 615<\/p><cite>https:\/\/www.gov.pl\/web\/pr-wroclaw\/kontakt-z-nami2<\/cite><\/blockquote><\/figure>\n\n\n\n<p><\/p>\n","protected":false},"excerpt":{"rendered":"<p>Od kilku miesi\u0119cy spraw\u0105 afery EuCO zajmowa\u0142a si\u0119 Prokuratura Rejonowa w Legnicy. W opinii prawnik\u00f3w sprawa sz\u0142a bardzo opornie a wr\u0119cz \u015blamazarnie. Jaki by\u0142e tego pow\u00f3d nie wiemy. Ale jako pierwsi ujawnili\u015bmy zwi\u0105zek obecnego przewodnicz\u0105cego rady nadzorczej EuCO Paw\u0142a Filipiaka z Prokuratur\u0105 Rejonow\u0105 w Legnicy gdzie obecny radca prawny by\u0142 zatrudniony jako asesor. Taki stan [&hellip;]<\/p>\n","protected":false},"author":1,"featured_media":0,"comment_status":"open","ping_status":"open","sticky":false,"template":"","format":"standard","meta":{"footnotes":""},"categories":[8,45],"tags":[75,178],"class_list":["post-3700","post","type-post","status-publish","format-standard","hentry","category-aktualnosci","category-artykul-glowny","tag-euco","tag-prokuratura"],"_links":{"self":[{"href":"https:\/\/www.odszkodowania.info.pl\/index.php?rest_route=\/wp\/v2\/posts\/3700","targetHints":{"allow":["GET"]}}],"collection":[{"href":"https:\/\/www.odszkodowania.info.pl\/index.php?rest_route=\/wp\/v2\/posts"}],"about":[{"href":"https:\/\/www.odszkodowania.info.pl\/index.php?rest_route=\/wp\/v2\/types\/post"}],"author":[{"embeddable":true,"href":"https:\/\/www.odszkodowania.info.pl\/index.php?rest_route=\/wp\/v2\/users\/1"}],"replies":[{"embeddable":true,"href":"https:\/\/www.odszkodowania.info.pl\/index.php?rest_route=%2Fwp%2Fv2%2Fcomments&post=3700"}],"version-history":[{"count":1,"href":"https:\/\/www.odszkodowania.info.pl\/index.php?rest_route=\/wp\/v2\/posts\/3700\/revisions"}],"predecessor-version":[{"id":3702,"href":"https:\/\/www.odszkodowania.info.pl\/index.php?rest_route=\/wp\/v2\/posts\/3700\/revisions\/3702"}],"wp:attachment":[{"href":"https:\/\/www.odszkodowania.info.pl\/index.php?rest_route=%2Fwp%2Fv2%2Fmedia&parent=3700"}],"wp:term":[{"taxonomy":"category","embeddable":true,"href":"https:\/\/www.odszkodowania.info.pl\/index.php?rest_route=%2Fwp%2Fv2%2Fcategories&post=3700"},{"taxonomy":"post_tag","embeddable":true,"href":"https:\/\/www.odszkodowania.info.pl\/index.php?rest_route=%2Fwp%2Fv2%2Ftags&post=3700"}],"curies":[{"name":"wp","href":"https:\/\/api.w.org\/{rel}","templated":true}]}}