{"id":3706,"date":"2023-01-26T16:50:46","date_gmt":"2023-01-26T15:50:46","guid":{"rendered":"https:\/\/www.odszkodowania.info.pl\/?p=3706"},"modified":"2023-01-26T16:50:48","modified_gmt":"2023-01-26T15:50:48","slug":"hanna-bakula-musi-zaplacic-chirurgowi-750-tysiecy-zniszczyla-mi-zycie-zawodowe","status":"publish","type":"post","link":"https:\/\/www.odszkodowania.info.pl\/?p=3706","title":{"rendered":"Hanna Baku\u0142a musi zap\u0142aci\u0107 chirurgowi 750 tysi\u0119cy: Zniszczy\u0142a mi \u017cycie zawodowe!"},"content":{"rendered":"\n<p>Cho\u0107 twierdzi\u0142a inaczej, przegra\u0142a spraw\u0119 s\u0105dow\u0105 z chirurgiem plastycznym o nieudany zabieg. Nie zap\u0142aci\u0142a kary, wi\u0119c przez lata uzbiera\u0142a si\u0119 bardzo wysoka kwota. Poznajcie kulisy tej skandalicznej sprawy.<\/p>\n\n\n\n<p>Hanna Baku\u0142a od lat opowiada o rzekomo nieudanym zabiegu liftingu twarzy oraz szyi, przez kt\u00f3r\u0105 mia\u0142a zosta\u0107 oszpecona. W wywiadzie dla Radia Zet twierdzi\u0142a, \u017ce wskutek feralnej operacji zachorowa\u0142a na ropowic\u0119 twarzy oraz przesz\u0142a seps\u0119. W zwi\u0105zku z tym poda\u0142a chirurga Adama Gumkowskiego do s\u0105du. Opowiada\u0142a, \u017ce trwaj\u0105c\u0105 10 lat spraw\u0119 wygra\u0142a.<\/p>\n\n\n\n<p><strong>Hanna Baku\u0142a musi zap\u0142aci\u0107 chirurgowi 750 tysi\u0119cy<\/strong><\/p>\n\n\n\n<p>Tymczasem Pomponik dotar\u0142 do dokument\u00f3w, z kt\u00f3rych wynika, \u017ce sta\u0142o si\u0119 dok\u0142adnie odwrotnie &#8211; Baku\u0142a spraw\u0119 przegra\u0142a i to ju\u017c w 2012 roku. W\u00f3wczas s\u0105d orzek\u0142, \u017ce do powstania powik\u0142a\u0144 po operacji przyczyni\u0142a si\u0119 sama artystka. Tygodnik &#8222;Na \u017cywo&#8221; poda\u0142, \u017ce nie stosowa\u0142a si\u0119 do zalece\u0144 lekarza &#8211; nie zg\u0142asza\u0142a si\u0119 na wizyty kontrolne, zatai\u0142a inne swoje schorzenia i pojecha\u0142a na urlop do Portugalii, cho\u0107 nie powinna.<\/p>\n\n\n\n<p>W 2020 roku s\u0105d nakaza\u0142 Hannie Bakule przeproszenie Gumkowskiego w mediach, czego nie wykona\u0142a. W zwi\u0105zku z tym s\u0105d nakaza\u0142 jej zap\u0142at\u0119 kwoty dla lekarza w wysoko\u015bci 750 tysi\u0119cy z\u0142otych (po 1500 z\u0142otych dziennie). Artystka kary nie wykona\u0142a.<\/p>\n\n\n\n<figure class=\"wp-block-pullquote has-medium-font-size\" style=\"border-style:none;border-width:0px;font-style:normal;font-weight:300;text-transform:none\"><blockquote><p><em>S\u0105d rejonowy dla Warszawy-Mokotowa postanawia nakaza\u0107 Hannie Anieli Lemaitre (z.d. Baku\u0142a) zap\u0142at\u0119 na rzecz Adama Gumkowskiego kwoty 750 tys. z\u0142 tytu\u0142em sankcji za niewykonanie w okresie od 29 grudnia 2020 r. do 12 maja 2022 r. obowi\u0105zku [&#8230;] w postaci prawomocnego wyroku S\u0105du Okr\u0119gowego w Warszawie z 12 grudnia 2016 r. W ocenie S\u0105du skoro d\u0142u\u017cnik nie wykona\u0142 obowi\u0105zku zgodnie z ust. 2 post\u0119powania z dnia 19 listopada 2020 r., to taki stan rzeczy czyni zasadnym uwzgl\u0119dnienie wniosku wierzyciela o na\u0142o\u017cenie na d\u0142u\u017cnika obowi\u0105zku zap\u0142aty kary pieni\u0119\u017cnej za ka\u017cdy dzie\u0144 zw\u0142oki. D\u0142u\u017cnik na obecnym etapie post\u0119powania uchyla si\u0119 od wykonania na\u0142o\u017conego obowi\u0105zku, wykazuje negatywny stosunek do na\u0142o\u017conego na niego obowi\u0105zku, albowiem mimo obiektywnej mo\u017cliwo\u015bci d\u0142u\u017cnik tego obowi\u0105zku nie wype\u0142nia &#8211; cytuje postanowienie s\u0105du Pomponik<\/em><\/p><\/blockquote><\/figure>\n\n\n\n<p>Adam Gumkowski twierdzi, \u017ce Hanna Baku\u0142a nie tylko nie zap\u0142aci\u0142a nakazanej kwoty, ale nadal go szkaluje.<\/p>\n\n\n\n<figure class=\"wp-block-pullquote has-medium-font-size\" style=\"font-style:normal;font-weight:300\"><blockquote><p><em>Zniszczy\u0142a mi \u017cycie zawodowe przez swoj\u0105 pazerno\u015b\u0107, bo chcia\u0142a wyci\u0105gn\u0105\u0107 ode mnie pieni\u0105dze za tak zwany nieudany zabieg. Wszystkie zdj\u0119cia, kt\u00f3re sobie zrobi\u0142a, zrobi\u0142a dwa-trzy tygodnie po zabiegu, kiedy ka\u017cdy wygl\u0105da strasznie. Potem wymy\u015bli\u0142a, \u017ce ma zaka\u017cenie. Wygra\u0142em spraw\u0119 s\u0105dow\u0105, wygra\u0142em spraw\u0119 o przed\u0142u\u017cenie post\u0119powania, wygra\u0142em spraw\u0119 w Strasburgu. A jednak pani Baku\u0142a nadal mnie szkaluje &#8211; wyzna\u0142 w rozmowie z &#8222;Faktem&#8221;.<\/em><\/p><\/blockquote><\/figure>\n\n\n\n<p>Wygl\u0105da na to, \u017ce zas\u0105dzon\u0105 kar\u0119 b\u0119dzie musia\u0142 wyegzekwowa\u0107 komornik.<\/p>\n\n\n\n<p>wideoprtal.tv<\/p>\n","protected":false},"excerpt":{"rendered":"<p>Cho\u0107 twierdzi\u0142a inaczej, przegra\u0142a spraw\u0119 s\u0105dow\u0105 z chirurgiem plastycznym o nieudany zabieg. Nie zap\u0142aci\u0142a kary, wi\u0119c przez lata uzbiera\u0142a si\u0119 bardzo wysoka kwota. Poznajcie kulisy tej skandalicznej sprawy. Hanna Baku\u0142a od lat opowiada o rzekomo nieudanym zabiegu liftingu twarzy oraz szyi, przez kt\u00f3r\u0105 mia\u0142a zosta\u0107 oszpecona. W wywiadzie dla Radia Zet twierdzi\u0142a, \u017ce wskutek feralnej [&hellip;]<\/p>\n","protected":false},"author":2,"featured_media":0,"comment_status":"open","ping_status":"open","sticky":false,"template":"","format":"standard","meta":{"footnotes":""},"categories":[8],"tags":[120,12,13],"class_list":["post-3706","post","type-post","status-publish","format-standard","hentry","category-aktualnosci","tag-blad-medyczny","tag-odszkodowanie","tag-zadoscuczynienie"],"_links":{"self":[{"href":"https:\/\/www.odszkodowania.info.pl\/index.php?rest_route=\/wp\/v2\/posts\/3706","targetHints":{"allow":["GET"]}}],"collection":[{"href":"https:\/\/www.odszkodowania.info.pl\/index.php?rest_route=\/wp\/v2\/posts"}],"about":[{"href":"https:\/\/www.odszkodowania.info.pl\/index.php?rest_route=\/wp\/v2\/types\/post"}],"author":[{"embeddable":true,"href":"https:\/\/www.odszkodowania.info.pl\/index.php?rest_route=\/wp\/v2\/users\/2"}],"replies":[{"embeddable":true,"href":"https:\/\/www.odszkodowania.info.pl\/index.php?rest_route=%2Fwp%2Fv2%2Fcomments&post=3706"}],"version-history":[{"count":1,"href":"https:\/\/www.odszkodowania.info.pl\/index.php?rest_route=\/wp\/v2\/posts\/3706\/revisions"}],"predecessor-version":[{"id":3707,"href":"https:\/\/www.odszkodowania.info.pl\/index.php?rest_route=\/wp\/v2\/posts\/3706\/revisions\/3707"}],"wp:attachment":[{"href":"https:\/\/www.odszkodowania.info.pl\/index.php?rest_route=%2Fwp%2Fv2%2Fmedia&parent=3706"}],"wp:term":[{"taxonomy":"category","embeddable":true,"href":"https:\/\/www.odszkodowania.info.pl\/index.php?rest_route=%2Fwp%2Fv2%2Fcategories&post=3706"},{"taxonomy":"post_tag","embeddable":true,"href":"https:\/\/www.odszkodowania.info.pl\/index.php?rest_route=%2Fwp%2Fv2%2Ftags&post=3706"}],"curies":[{"name":"wp","href":"https:\/\/api.w.org\/{rel}","templated":true}]}}