{"id":3712,"date":"2023-02-01T17:38:36","date_gmt":"2023-02-01T16:38:36","guid":{"rendered":"https:\/\/www.odszkodowania.info.pl\/?p=3712"},"modified":"2023-02-01T17:38:38","modified_gmt":"2023-02-01T16:38:38","slug":"wina-jest-ewidentna-bydgoszcz-zada-105-mln-zlotych-odszkodowania-od-projektantow-mostu-uniwersyteckiego","status":"publish","type":"post","link":"https:\/\/www.odszkodowania.info.pl\/?p=3712","title":{"rendered":"&#8222;Wina jest ewidentna&#8221;. Bydgoszcz \u017c\u0105da 10,5 mln z\u0142otych odszkodowania od projektant\u00f3w mostu Uniwersyteckiego"},"content":{"rendered":"\n<p>Bydgoski ratusz chce 10,5 mln z\u0142otych od projektant\u00f3w mostu Uniwersyteckiego. Przeprawa przez Brd\u0119 by\u0142a zamkni\u0119ta przez ca\u0142y 2021 rok, bo &#8211; z powodu b\u0142\u0119d\u00f3w projektowych &#8211; grozi\u0142a katastrof\u0105 budowlan\u0105.<\/p>\n\n\n\n<p>W styczniu 2021 roku most Uniwersytecki zosta\u0142 zamkni\u0119ty z powodu wykrycia powa\u017cnej usterki, polegaj\u0105cej na odkszta\u0142ceniu want (lin mocuj\u0105cych). Zdaniem urz\u0119dnik\u00f3w &#8211; powo\u0142uj\u0105cych si\u0119 na ekspertyzy in\u017cynier\u00f3w &#8211; gdyby ruch samochodowy nie zosta\u0142 wstrzymany, to mog\u0142oby doj\u015b\u0107 do katastrofy budowlanej.<\/p>\n\n\n\n<p>Zarz\u0105d Dr\u00f3g Miejskich i Komunikacji Publicznej w Bydgoszczy zawiadomi\u0142 prokuratur\u0119 o mo\u017cliwo\u015bci sprowadzenia niebezpiecze\u0144stwa katastrofy budowlanej w nast\u0119pstwie b\u0142\u0119d\u00f3w projektowych pope\u0142nionych przez firm\u0119 Transprojekt Gda\u0144ski. Spraw\u0105 zaj\u0119\u0142a si\u0119 Prokuratura Okr\u0119gowa w Gda\u0144sku, kt\u00f3ra &#8211; w toku \u015bledztwa &#8211; co prawda potwierdzi\u0142a nieumy\u015blne b\u0142\u0119dy projektowe, ale &#8211; z powodu przedawnienia &#8211; spraw\u0119 umorzy\u0142a.<\/p>\n\n\n\n<p><strong>Ratusz chce od projektant\u00f3w 10,5 mln z\u0142otych<\/strong><\/p>\n\n\n\n<p>Prezydent Bydgoszczy chce od firmy Transprojekt Gda\u0144ski zwrotu koszt\u00f3w naprawy mostu. &#8211; Pracujemy ca\u0142y czas, aby te pieni\u0105dze odzyska\u0107 &#8211; zapewnia\u0142 podczas sesji Rady Miasta Rafa\u0142 Bruski. &#8211; Wezwali\u015bmy Transprojekt Gda\u0144ski do zwrotu 10,5 mln z\u0142otych. To jest kwota, kt\u00f3r\u0105 wydali\u015bmy \u0142\u0105cznie na wszystkie dzia\u0142ania zwi\u0105zane z zabezpieczeniem mostu, jego napraw\u0105 i p\u00f3\u017aniej ponownymi pr\u00f3bami &#8211; wylicza\u0142 prezydent.<\/p>\n\n\n\n<p>Je\u015bli firma nie zap\u0142aci, miasto zapowiada wej\u015bcie na drog\u0119 s\u0105dow\u0105. &#8211; Troch\u0119 nie wierz\u0119, \u017ce Transprojekt honorem si\u0119 uniesie i nam zap\u0142aci, chocia\u017c wina jest ewidentna. Obecnie czekamy na stanowisko firmy &#8211; m\u00f3wi\u0142 Bruski.<\/p>\n\n\n\n<p>Opr\u00f3cz zwrotu koszt\u00f3w naprawy, bydgoski ratusz chce tak\u017ce, by Polska Izba In\u017cynier\u00f3w Budownictwa wszcz\u0119\u0142a post\u0119powanie dyscyplinarne wobec projektant\u00f3w mostu. &#8211; Przynale\u017cno\u015b\u0107 aktywnych in\u017cynier\u00f3w budownictwa do tej izby jest obowi\u0105zkowa &#8211; poda\u0142 prezydent. &#8211; Przypominam, \u017ce cz\u0142onek izby jest zobowi\u0105zany przestrzega\u0107 &#8211; przy wykonywaniu czynno\u015bci zawodowych &#8211; obowi\u0105zuj\u0105cych przepis\u00f3w oraz zasad wiedzy technicznej i tutaj ewidentnie projektanci tego nie dope\u0142nili &#8211; ocenia\u0142 Bruski.<\/p>\n\n\n\n<p>Wys\u0142ali\u015bmy do Transprojekt Gda\u0144ski pro\u015bb\u0119 o komentarz, jednak &#8211; do chwili publikacji artyku\u0142u &#8211; nie otrzymali\u015bmy odpowiedzi.<\/p>\n\n\n\n<p>Transprojekt Gda\u0144ski to firma z kilkudziesi\u0119cioletni\u0105 tradycj\u0105, zatrudniaj\u0105ca ponad 200 os\u00f3b. Projektuje m.in. autostrady, mosty, linie kolejowe, tramwajowe, lotniska, linie energetyczne i gazoci\u0105gi.<\/p>\n\n\n\n<p>tokfm.pl<\/p>\n","protected":false},"excerpt":{"rendered":"<p>Bydgoski ratusz chce 10,5 mln z\u0142otych od projektant\u00f3w mostu Uniwersyteckiego. Przeprawa przez Brd\u0119 by\u0142a zamkni\u0119ta przez ca\u0142y 2021 rok, bo &#8211; z powodu b\u0142\u0119d\u00f3w projektowych &#8211; grozi\u0142a katastrof\u0105 budowlan\u0105. W styczniu 2021 roku most Uniwersytecki zosta\u0142 zamkni\u0119ty z powodu wykrycia powa\u017cnej usterki, polegaj\u0105cej na odkszta\u0142ceniu want (lin mocuj\u0105cych). Zdaniem urz\u0119dnik\u00f3w &#8211; powo\u0142uj\u0105cych si\u0119 na ekspertyzy [&hellip;]<\/p>\n","protected":false},"author":2,"featured_media":0,"comment_status":"open","ping_status":"open","sticky":false,"template":"","format":"standard","meta":{"footnotes":""},"categories":[8],"tags":[12],"class_list":["post-3712","post","type-post","status-publish","format-standard","hentry","category-aktualnosci","tag-odszkodowanie"],"_links":{"self":[{"href":"https:\/\/www.odszkodowania.info.pl\/index.php?rest_route=\/wp\/v2\/posts\/3712","targetHints":{"allow":["GET"]}}],"collection":[{"href":"https:\/\/www.odszkodowania.info.pl\/index.php?rest_route=\/wp\/v2\/posts"}],"about":[{"href":"https:\/\/www.odszkodowania.info.pl\/index.php?rest_route=\/wp\/v2\/types\/post"}],"author":[{"embeddable":true,"href":"https:\/\/www.odszkodowania.info.pl\/index.php?rest_route=\/wp\/v2\/users\/2"}],"replies":[{"embeddable":true,"href":"https:\/\/www.odszkodowania.info.pl\/index.php?rest_route=%2Fwp%2Fv2%2Fcomments&post=3712"}],"version-history":[{"count":1,"href":"https:\/\/www.odszkodowania.info.pl\/index.php?rest_route=\/wp\/v2\/posts\/3712\/revisions"}],"predecessor-version":[{"id":3713,"href":"https:\/\/www.odszkodowania.info.pl\/index.php?rest_route=\/wp\/v2\/posts\/3712\/revisions\/3713"}],"wp:attachment":[{"href":"https:\/\/www.odszkodowania.info.pl\/index.php?rest_route=%2Fwp%2Fv2%2Fmedia&parent=3712"}],"wp:term":[{"taxonomy":"category","embeddable":true,"href":"https:\/\/www.odszkodowania.info.pl\/index.php?rest_route=%2Fwp%2Fv2%2Fcategories&post=3712"},{"taxonomy":"post_tag","embeddable":true,"href":"https:\/\/www.odszkodowania.info.pl\/index.php?rest_route=%2Fwp%2Fv2%2Ftags&post=3712"}],"curies":[{"name":"wp","href":"https:\/\/api.w.org\/{rel}","templated":true}]}}