{"id":3759,"date":"2023-03-25T19:36:14","date_gmt":"2023-03-25T18:36:14","guid":{"rendered":"https:\/\/www.odszkodowania.info.pl\/?p=3759"},"modified":"2023-03-25T19:36:16","modified_gmt":"2023-03-25T18:36:16","slug":"sad-przyznal-synowi-rotmistrza-pileckiego-zadoscuczynienie-skarb-panstwa-zlozyl-apelacje","status":"publish","type":"post","link":"https:\/\/www.odszkodowania.info.pl\/?p=3759","title":{"rendered":"S\u0105d przyzna\u0142 synowi rotmistrza Pileckiego zado\u015b\u0107uczynienie. Skarb Pa\u0144stwa z\u0142o\u017cy\u0142 apelacj\u0119"},"content":{"rendered":"\n<p>Pe\u0142nomocnik Skarbu Pa\u0144stwa z\u0142o\u017cy\u0142 apelacj\u0119 do wyroku S\u0105du Okr\u0119gowego w Warszawie, kt\u00f3ry przyzna\u0142 Andrzejowi Pileckiemu, synowi rotmistrza Witolda Pileckiego zado\u015b\u0107uczynienie w kwocie 1,5 miliona z\u0142otych. &#8211; To przykre i nie do przyj\u0119cia &#8211; ocenia pe\u0142nomocniczka rodziny.<\/p>\n\n\n\n<p>Andrzej Pilecki, syn rotmistrza Witolda Pileckiego, wyst\u0105pi\u0142 o kwot\u0119 26 milion\u00f3w z\u0142otych zado\u015b\u0107uczynienia i odszkodowania od Skarbu Pa\u0144stwa za krzywd\u0119 doznan\u0105 przez jego ojca. Proces w tej sprawie toczy\u0142 si\u0119 przed S\u0105dem Okr\u0119gowym w Warszawie od listopada ubieg\u0142ego roku. W lutym s\u0105d przyzna\u0142 synowi rotmistrza 1,5 miliona z\u0142otych od Skarbu Pa\u0144stwa wraz odsetkami ustawowymi od dnia uprawomocnienia si\u0119 wyroku do dnia zap\u0142aty tytu\u0142em zado\u015b\u0107uczynienia za krzywd\u0119 doznan\u0105 przez jego ojca Witolda Pileckiego. W pozosta\u0142ym zakresie wniosek o zado\u015b\u0107uczynienie s\u0105d oddali\u0142, a wniosek o odszkodowanie oddalony zosta\u0142 w ca\u0142o\u015bci.<\/p>\n\n\n\n<p><strong>&#8222;To by\u0142o odarcie cz\u0142owieka z godno\u015bci&#8221;<\/strong><\/p>\n\n\n\n<p>W uzasadnieniu s\u0119dzia wskaza\u0142a, \u017ce w polskim systemie prawnym Skarb Pa\u0144stwa musi ponosi\u0107 odpowiedzialno\u015b\u0107 za sytuacj\u0119, w kt\u00f3rej obywatel by\u0142 nies\u0142usznie zatrzymany, tymczasowo aresztowany lub odby\u0142 nies\u0142uszn\u0105 kar\u0119.<\/p>\n\n\n\n<p>S\u0119dzia przypomnia\u0142a te\u017c, \u017ce bliscy rotmistrza Pileckiego otrzymali ju\u017c w grudniu 1990 roku odszkodowanie. Zas\u0105dzono w\u00f3wczas na rzecz \u017cony rotmistrza Pileckiego Marii, jego c\u00f3rki Zofii oraz syna Andrzeja kwot\u0119 500 milion\u00f3w \u00f3wczesnych z\u0142otych (przed denominacj\u0105).<\/p>\n\n\n\n<p>Doda\u0142a, \u017ce s\u0105d musi mie\u0107 na uwadze orzecznictwo, kt\u00f3re obowi\u0105zuje w tego typu sprawach oraz obowi\u0105zuj\u0105ce warunki ekonomiczne i spo\u0142eczne, a z orzecznictwa wynika, \u017ce w podobnych sprawach przyznawano kwoty w okolicach 1 miliona z\u0142otych. &#8211; Oczywi\u015bcie kwestia \u015bmierci jest kwesti\u0105 niewymiern\u0105. Nie ma jak jej wyceni\u0107 &#8211; podkre\u015bli\u0142a s\u0119dzia.<\/p>\n\n\n\n<p>S\u0105d zaznaczy\u0142 r\u00f3wnie\u017c, \u017ce rotmistrz Witold Pilecki by\u0142 przetrzymywany w &#8222;potwornych warunkach&#8221;. &#8211; To by\u0142o odarcie cz\u0142owieka z godno\u015bci i doprowadzenie go do najni\u017cszego stanu &#8211; powiedzia\u0142a s\u0119dzia Monika \u0141ukaszewicz.<\/p>\n\n\n\n<p>Zaznaczy\u0142a jednak, \u017ce s\u0105d &#8222;nie mo\u017ce da\u0107 25 razy wi\u0119cej, ni\u017c innym naszym bohaterom&#8221; oraz, \u017ce &#8222;ka\u017cda \u015bmier\u0107 jest taka sama&#8221;.<\/p>\n\n\n\n<p><strong>Pe\u0142nomocniczka syna Pileckiego komentuje<\/strong><\/p>\n\n\n\n<p>Wyrok jest nieprawomocny. Apelacj\u0119 od niego z\u0142o\u017cy\u0142 pe\u0142nomocnik Skarbu Pa\u0144stwa. Pierwszy termin rozprawy wyznaczy s\u0105d apelacyjny.<\/p>\n\n\n\n<p>&#8211; Z oburzeniem i du\u017cym zdziwieniem m\u00f3j mocodawca przyj\u0105\u0142 do wiadomo\u015bci informacj\u0119 o z\u0142o\u017conej apelacji. O ile postawa prokuratury, kt\u00f3ra postanowi\u0142a uzna\u0107 wyrok s\u0105du, by\u0142a w pe\u0142ni zrozumia\u0142a, to stanowisko pe\u0142nomocnika Skarbu Pa\u0144stwa jest moim zdaniem przykre i nie do przyj\u0119cia &#8211; przekaza\u0142a Polskiej Agencji Prasowej jedna z pe\u0142nomocniczek syna rotmistrza Pileckiego radczyni prawna Anna Bufnal.<\/p>\n\n\n\n<p>Doda\u0142a, \u017ce pa\u0144stwo wielokrotnie powo\u0142uje si\u0119 na po\u015bwi\u0119cenie rotmistrza Witolda Pileckiego, kt\u00f3ry sta\u0142 si\u0119 symbolem polskiego patriotyzmu. &#8211; Sam prezydent RP Andrzeja Duda w swojej wypowiedzi okre\u015bli\u0142 rotmistrza &#8222;prawdziw\u0105 legend\u0105 Polski podziemnej&#8221;, cz\u0142owiekiem, kt\u00f3ry w pe\u0142ni zas\u0142u\u017cy\u0142 nie tylko na cze\u015b\u0107, kt\u00f3r\u0105 s\u0142usznie dzisiaj odbiera od nas, swoich rodak\u00f3w, lecz tak\u017ce, aby zosta\u0107 uznanym za wz\u00f3r bojownika ruchu oporu znanego w Europie i na ca\u0142ym \u015bwiecie &#8211; zaznaczy\u0142a Bufnal.<br>Miejsce poch\u00f3wku pozostaje nieznane<\/p>\n\n\n\n<p>Rotmistrz Witold Pilecki to wsp\u00f3\u0142za\u0142o\u017cyciel Tajnej Armii Polskiej i \u017co\u0142nierz Armii Krajowej. By\u0142 dobrowolnym wi\u0119\u017aniem Auschwitz i autorem raport\u00f3w o Holokau\u015bcie. Bra\u0142 r\u00f3wnie\u017c udzia\u0142 w Powstaniu Warszawskim. Zosta\u0142 skazany przez w\u0142adze komunistyczne Polski Ludowej na kar\u0119 \u015bmierci i stracony strza\u0142em w ty\u0142 g\u0142owy w mokotowskim wi\u0119zieniu na Rakowieckiej w 1948 roku. Uniewa\u017cnienie wyroku \u015bmierci nast\u0105pi\u0142o w 1990 roku. W 2006 roku rotmistrz otrzyma\u0142 po\u015bmiertnie Order Or\u0142a Bia\u0142ego, a w 2013 roku po\u015bmiertnie zosta\u0142 awansowany do stopnia pu\u0142kownika.<\/p>\n\n\n\n<p>Miejsce jego poch\u00f3wku nigdy nie zosta\u0142o ujawnione. Nie ustalono go do dzi\u015b mimo poszukiwa\u0144 na Cmentarzu Wojskowym na Pow\u0105zkach oraz na dziedzi\u0144cu wi\u0119zienia przy Rakowieckiej.<\/p>\n\n\n\n<p>tvn24.pl<\/p>\n","protected":false},"excerpt":{"rendered":"<p>Pe\u0142nomocnik Skarbu Pa\u0144stwa z\u0142o\u017cy\u0142 apelacj\u0119 do wyroku S\u0105du Okr\u0119gowego w Warszawie, kt\u00f3ry przyzna\u0142 Andrzejowi Pileckiemu, synowi rotmistrza Witolda Pileckiego zado\u015b\u0107uczynienie w kwocie 1,5 miliona z\u0142otych. &#8211; To przykre i nie do przyj\u0119cia &#8211; ocenia pe\u0142nomocniczka rodziny. Andrzej Pilecki, syn rotmistrza Witolda Pileckiego, wyst\u0105pi\u0142 o kwot\u0119 26 milion\u00f3w z\u0142otych zado\u015b\u0107uczynienia i odszkodowania od Skarbu Pa\u0144stwa za [&hellip;]<\/p>\n","protected":false},"author":1,"featured_media":0,"comment_status":"open","ping_status":"open","sticky":false,"template":"","format":"standard","meta":{"footnotes":""},"categories":[8],"tags":[12,13],"class_list":["post-3759","post","type-post","status-publish","format-standard","hentry","category-aktualnosci","tag-odszkodowanie","tag-zadoscuczynienie"],"_links":{"self":[{"href":"https:\/\/www.odszkodowania.info.pl\/index.php?rest_route=\/wp\/v2\/posts\/3759","targetHints":{"allow":["GET"]}}],"collection":[{"href":"https:\/\/www.odszkodowania.info.pl\/index.php?rest_route=\/wp\/v2\/posts"}],"about":[{"href":"https:\/\/www.odszkodowania.info.pl\/index.php?rest_route=\/wp\/v2\/types\/post"}],"author":[{"embeddable":true,"href":"https:\/\/www.odszkodowania.info.pl\/index.php?rest_route=\/wp\/v2\/users\/1"}],"replies":[{"embeddable":true,"href":"https:\/\/www.odszkodowania.info.pl\/index.php?rest_route=%2Fwp%2Fv2%2Fcomments&post=3759"}],"version-history":[{"count":1,"href":"https:\/\/www.odszkodowania.info.pl\/index.php?rest_route=\/wp\/v2\/posts\/3759\/revisions"}],"predecessor-version":[{"id":3760,"href":"https:\/\/www.odszkodowania.info.pl\/index.php?rest_route=\/wp\/v2\/posts\/3759\/revisions\/3760"}],"wp:attachment":[{"href":"https:\/\/www.odszkodowania.info.pl\/index.php?rest_route=%2Fwp%2Fv2%2Fmedia&parent=3759"}],"wp:term":[{"taxonomy":"category","embeddable":true,"href":"https:\/\/www.odszkodowania.info.pl\/index.php?rest_route=%2Fwp%2Fv2%2Fcategories&post=3759"},{"taxonomy":"post_tag","embeddable":true,"href":"https:\/\/www.odszkodowania.info.pl\/index.php?rest_route=%2Fwp%2Fv2%2Ftags&post=3759"}],"curies":[{"name":"wp","href":"https:\/\/api.w.org\/{rel}","templated":true}]}}