{"id":3814,"date":"2023-04-30T09:41:51","date_gmt":"2023-04-30T08:41:51","guid":{"rendered":"https:\/\/www.odszkodowania.info.pl\/?p=3814"},"modified":"2023-04-30T09:41:53","modified_gmt":"2023-04-30T08:41:53","slug":"50-tys-zl-za-zatrzymanie-na-23-godziny-bezprecedensowy-wyrok-sadu-apelacyjnego","status":"publish","type":"post","link":"https:\/\/www.odszkodowania.info.pl\/?p=3814","title":{"rendered":"50 tys. z\u0142 za zatrzymanie na 23 godziny. Bezprecedensowy wyrok S\u0105du Apelacyjnego"},"content":{"rendered":"\n<p>Skarb Pa\u0144stwa zap\u0142aci zado\u015b\u0107uczynienie m\u0119\u017cczy\u017anie pozbawionemu wolno\u015bci w czasie, kiedy musia\u0142 opiekowa\u0107 si\u0119 swoim nowo narodzonym, chorym dzieckiem &#8211; poda\u0142a w pi\u0105tek &#8222;Rzeczpospolita&#8221;. Nies\u0142usznie zatrzymany otrzyma 50 tys. z\u0142.<\/p>\n\n\n\n<p>Jak poda\u0142 dziennik, S\u0105d Apelacyjny w Warszawie zaj\u0105\u0142 si\u0119 spraw\u0105 m\u0119\u017cczyzny, kt\u00f3ry zosta\u0142 nies\u0142usznie zatrzymany przez funkcjonariuszy policji w prowadzonej przez prokuratur\u0119 sprawie.<\/p>\n\n\n\n<p>Wcze\u015bniej sto\u0142eczny S\u0105d Okr\u0119gowy przyzna\u0142 mu za to 50 tys. z\u0142 zado\u015b\u0107uczynienia, ale od tego orzeczenia odwo\u0142a\u0142 si\u0119 prokurator, uznaj\u0105c kwot\u0119 za wyg\u00f3rowan\u0105 i proponuj\u0105c stukrotnie ni\u017csz\u0105, czyli 500 z\u0142.<\/p>\n\n\n\n<p>SA prawomocnym wyrokiem podtrzyma\u0142 jednak rozstrzygni\u0119cie i przypomnia\u0142, \u017ce przy ustalaniu sumy uwzgl\u0119dniono te\u017c okoliczno\u015bci zatrzymania, a nie tylko sam czas jego trwania. Dosz\u0142o do niego w miejscu publicznym, na osiedlu, gdzie m\u0119\u017cczyzna mieszka razem z rodzin\u0105, na oczach s\u0105siad\u00f3w &#8211; czytamy w pi\u0105tkowej &#8222;Rzeczpospolitej&#8221;.<\/p>\n\n\n\n<p>Zosta\u0142 pozbawiony wolno\u015bci na 23 godziny, a wcze\u015bniej zakuty w kajdanki i zaprowadzony do radiowozu. W akcji udzia\u0142 bra\u0142o kilku policjant\u00f3w, za\u015b takie \u015brodki, w ocenie s\u0105du okr\u0119gowego, by\u0142y nieproporcjonalne do wagi sprawy. Ca\u0142e zdarzenie narazi\u0142o na uszczerbek dobre imi\u0119 i pozycj\u0119 zawodow\u0105 m\u0119\u017cczyzny.<\/p>\n\n\n\n<p>Wa\u017cn\u0105 okoliczno\u015bci\u0105 okaza\u0142a si\u0119 te\u017c jego trudna sytuacja rodzinna. Dzie\u0144 przed zatrzymaniem przywi\u00f3z\u0142 on wraz z \u017con\u0105 do domu ich nowo narodzone dziecko, kt\u00f3re pierwszy miesi\u0105c swojego \u017cycia sp\u0119dzi\u0142o na OIOM i wymaga\u0142o specjalistycznej opieki lekarskiej. S\u0105d uzna\u0142, \u017ce czynno\u015bci zatrzymania jego ojca, w szczytowej fazie pandemii koronawirusa, zwi\u0119kszy\u0142y ryzyko zaka\u017cenia noworodka &#8211; poda\u0142a gazeta.<\/p>\n\n\n\n<p><strong>Odr\u0119bne zdanie s\u0119dzi. &#8222;Kwota ra\u017c\u0105co wyg\u00f3rowana&#8221;<\/strong><\/p>\n\n\n\n<p>Wed\u0142ug SA rekompensata pieni\u0119\u017cna by\u0142a wi\u0119c adekwatna. S\u0105d przypomnia\u0142, \u017ce przed tym zdarzeniem m\u0119\u017cczyzna cieszy\u0142 si\u0119 nieposzlakowan\u0105 opini\u0105 i wykonywa\u0142 zaw\u00f3d zaufania publicznego. Wykaza\u0142 te\u017c, \u017ce o przyznaniu zado\u015b\u0107uczynienia powinny decydowa\u0107 m.in. konsekwencje, jakie zatrzymany ponosi w \u017cyciu osobistym i spo\u0142ecznym.<\/p>\n\n\n\n<p>Zastrze\u017cenia do wysoko\u015bci ostatecznie przyznanej kwoty mia\u0142a te\u017c zasiadaj\u0105ca w sk\u0142adzie s\u0119dzia, kt\u00f3ra z\u0142o\u017cy\u0142a w tej kwestii zdanie odr\u0119bne. Oceni\u0142a zado\u015b\u0107uczynienie w takiej kwocie jako &#8222;ra\u017c\u0105co wyg\u00f3rowane i nieadekwatne do rozmiaru rzeczywistej krzywdy&#8221; &#8211; wskaza\u0142a &#8222;Rzeczpospolita&#8221;.<\/p>\n\n\n\n<p>money.pl<\/p>\n","protected":false},"excerpt":{"rendered":"<p>Skarb Pa\u0144stwa zap\u0142aci zado\u015b\u0107uczynienie m\u0119\u017cczy\u017anie pozbawionemu wolno\u015bci w czasie, kiedy musia\u0142 opiekowa\u0107 si\u0119 swoim nowo narodzonym, chorym dzieckiem &#8211; poda\u0142a w pi\u0105tek &#8222;Rzeczpospolita&#8221;. Nies\u0142usznie zatrzymany otrzyma 50 tys. z\u0142. Jak poda\u0142 dziennik, S\u0105d Apelacyjny w Warszawie zaj\u0105\u0142 si\u0119 spraw\u0105 m\u0119\u017cczyzny, kt\u00f3ry zosta\u0142 nies\u0142usznie zatrzymany przez funkcjonariuszy policji w prowadzonej przez prokuratur\u0119 sprawie. Wcze\u015bniej sto\u0142eczny S\u0105d [&hellip;]<\/p>\n","protected":false},"author":2,"featured_media":0,"comment_status":"open","ping_status":"open","sticky":false,"template":"","format":"standard","meta":{"footnotes":""},"categories":[8],"tags":[12,123,13],"class_list":["post-3814","post","type-post","status-publish","format-standard","hentry","category-aktualnosci","tag-odszkodowanie","tag-policja","tag-zadoscuczynienie"],"_links":{"self":[{"href":"https:\/\/www.odszkodowania.info.pl\/index.php?rest_route=\/wp\/v2\/posts\/3814","targetHints":{"allow":["GET"]}}],"collection":[{"href":"https:\/\/www.odszkodowania.info.pl\/index.php?rest_route=\/wp\/v2\/posts"}],"about":[{"href":"https:\/\/www.odszkodowania.info.pl\/index.php?rest_route=\/wp\/v2\/types\/post"}],"author":[{"embeddable":true,"href":"https:\/\/www.odszkodowania.info.pl\/index.php?rest_route=\/wp\/v2\/users\/2"}],"replies":[{"embeddable":true,"href":"https:\/\/www.odszkodowania.info.pl\/index.php?rest_route=%2Fwp%2Fv2%2Fcomments&post=3814"}],"version-history":[{"count":1,"href":"https:\/\/www.odszkodowania.info.pl\/index.php?rest_route=\/wp\/v2\/posts\/3814\/revisions"}],"predecessor-version":[{"id":3815,"href":"https:\/\/www.odszkodowania.info.pl\/index.php?rest_route=\/wp\/v2\/posts\/3814\/revisions\/3815"}],"wp:attachment":[{"href":"https:\/\/www.odszkodowania.info.pl\/index.php?rest_route=%2Fwp%2Fv2%2Fmedia&parent=3814"}],"wp:term":[{"taxonomy":"category","embeddable":true,"href":"https:\/\/www.odszkodowania.info.pl\/index.php?rest_route=%2Fwp%2Fv2%2Fcategories&post=3814"},{"taxonomy":"post_tag","embeddable":true,"href":"https:\/\/www.odszkodowania.info.pl\/index.php?rest_route=%2Fwp%2Fv2%2Ftags&post=3814"}],"curies":[{"name":"wp","href":"https:\/\/api.w.org\/{rel}","templated":true}]}}