{"id":3817,"date":"2023-05-11T11:33:11","date_gmt":"2023-05-11T10:33:11","guid":{"rendered":"https:\/\/www.odszkodowania.info.pl\/?p=3817"},"modified":"2023-05-11T11:43:57","modified_gmt":"2023-05-11T10:43:57","slug":"euco-wzywa-nas-do-sprostowania","status":"publish","type":"post","link":"https:\/\/www.odszkodowania.info.pl\/?p=3817","title":{"rendered":"EuCO wzywa nas do sprostowania!"},"content":{"rendered":"\n<p>Europejskie Centrum Odszkodowa\u0144 S.A. &#8211; sp\u00f3\u0142ka w restrukturyzacji &#8211; wzywa nas do sprostowania w trybie art. 31a ustawy z dnia 26 stycznia 1984 roku &#8211; Prawo prasowe. A my sprostowania odmawiamy, poniewa\u017c podane przez nas informacje by\u0142y weryfikowane i materia\u0142 prasowy zosta\u0142 przygotowany w spos\u00f3b rzetelny. <\/p>\n\n\n\n<p>Pa\u0144stwo z EuCO zdenerwowali si\u0119 na opublikowany przez nast tekst &#8222;<a href=\"https:\/\/www.odszkodowania.info.pl\/?p=3761\" data-type=\"post\" data-id=\"3761\">Gdzie si\u0119 podzia\u0142o 100 mln z EuCO?<\/a>&#8222;, w kt\u00f3rym to materiale prasowym podajemy, \u017ce zad\u0142u\u017cenie sp\u00f3\u0142ki przekroczy\u0142o 100 mln z\u0142 oraz prezentujemy zdj\u0119cia z domu by\u0142ego prezesa EuCO Pana Krzysztofa L.<\/p>\n\n\n\n<figure class=\"wp-block-image size-large\"><a href=\"https:\/\/www.odszkodowania.info.pl\/wp-content\/uploads\/wezwanie_do_sprostowania_EUCO_19_kwietnia_2023.jpg\"><img fetchpriority=\"high\" decoding=\"async\" width=\"815\" height=\"1024\" src=\"https:\/\/www.odszkodowania.info.pl\/wp-content\/uploads\/wezwanie_do_sprostowania_EUCO_19_kwietnia_2023-815x1024.jpg\" alt=\"\" class=\"wp-image-3818\" srcset=\"https:\/\/www.odszkodowania.info.pl\/wp-content\/uploads\/wezwanie_do_sprostowania_EUCO_19_kwietnia_2023-815x1024.jpg 815w, https:\/\/www.odszkodowania.info.pl\/wp-content\/uploads\/wezwanie_do_sprostowania_EUCO_19_kwietnia_2023-239x300.jpg 239w, https:\/\/www.odszkodowania.info.pl\/wp-content\/uploads\/wezwanie_do_sprostowania_EUCO_19_kwietnia_2023-768x965.jpg 768w, https:\/\/www.odszkodowania.info.pl\/wp-content\/uploads\/wezwanie_do_sprostowania_EUCO_19_kwietnia_2023.jpg 827w\" sizes=\"(max-width: 815px) 100vw, 815px\" \/><\/a><\/figure>\n\n\n\n<p>Odmawiamy sprostowania podanych przez nas informacji poniewa\u017c podana kwota &#8211; dok\u0142adnie <strong>102 801 901,44 z\u0142<\/strong> &#8211; jest wynikiem informacji uzyskanych od Kubiczek Michalak Sok\u00f3\u0142 sp. z o.o. kt\u00f3ra to sp\u00f3\u0142ka zajmuje si\u0119 restrukturyzacj\u0105 EuCO. Jak wynika z naszych informacji w dokumentach s\u0105dowych jako &#8222;<em><strong>suma wszystkich wierzytelno\u015bci<\/strong><\/em>&#8221; podana jest kwota ponad <strong>102 mln z\u0142<\/strong>. Je\u015bli sp\u00f3\u0142ka EuCO neguje dzia\u0142ania sp\u00f3\u0142ki, kt\u00f3ra zajmuje si\u0119 restrukturyzacj\u0105 to jest to powa\u017cny problem tak\u017ce dla wszystkich wierzycieli.<\/p>\n\n\n\n<p>Je\u015bli za\u015b chodzi o nieruchomo\u015b\u0107 po\u0142o\u017cn\u0105 w Magdalence, to nasze w\u0105tpliwo\u015bci budzi tytu\u0142 jaki ma sp\u00f3\u0142ka EuCO do reprezentowania swojego by\u0142ego prezesa Pana Krzysztofa L. Do wystosowanego wezwanie nie do\u0142\u0105czona \u017cadnego pe\u0142nomocnictwa &#8211; czy mo\u017ce jest jednak tak, \u017ce Pan Krzysztof L. nadal z &#8222;tylnego krzes\u0142a&#8221; steruje dzia\u0142alno\u015bci\u0105 sp\u00f3\u0142ki kt\u00f3r\u0105 zad\u0142u\u017cy\u0142 i formalnie opu\u015bci\u0142? To wszystko powoduje jeszcze wi\u0119cej pyta\u0144 i w\u0105tpliwo\u015bci. Tak samo jak zatwierdzony przez s\u0105d plan restrukturyzacyjny &#8211; ale o tym innym razem ju\u017c niebawem. <\/p>\n\n\n\n<p>Dodamy tylko, \u017ce je\u015bli kto\u015b chce zapozna\u0107 si\u0119 ze stanem prawnym opisywanej przez nas nieruchomo\u015bci, polecamy przegl\u0105danie ksi\u0105g wieczystych &#8211; tak\u017ce online &#8211; o numerze <strong>WA5M\/00260042\/8<\/strong> i z \u0142atwo\u015bci\u0105 znajdzie tam nazwisko by\u0142ego prezesa EuCO.<\/p>\n\n\n\n<p>LC<\/p>\n","protected":false},"excerpt":{"rendered":"<p>Europejskie Centrum Odszkodowa\u0144 S.A. &#8211; sp\u00f3\u0142ka w restrukturyzacji &#8211; wzywa nas do sprostowania w trybie art. 31a ustawy z dnia 26 stycznia 1984 roku &#8211; Prawo prasowe. A my sprostowania odmawiamy, poniewa\u017c podane przez nas informacje by\u0142y weryfikowane i materia\u0142 prasowy zosta\u0142 przygotowany w spos\u00f3b rzetelny. Pa\u0144stwo z EuCO zdenerwowali si\u0119 na opublikowany przez nast [&hellip;]<\/p>\n","protected":false},"author":2,"featured_media":0,"comment_status":"open","ping_status":"open","sticky":false,"template":"","format":"standard","meta":{"footnotes":""},"categories":[8,45],"tags":[75],"class_list":["post-3817","post","type-post","status-publish","format-standard","hentry","category-aktualnosci","category-artykul-glowny","tag-euco"],"_links":{"self":[{"href":"https:\/\/www.odszkodowania.info.pl\/index.php?rest_route=\/wp\/v2\/posts\/3817","targetHints":{"allow":["GET"]}}],"collection":[{"href":"https:\/\/www.odszkodowania.info.pl\/index.php?rest_route=\/wp\/v2\/posts"}],"about":[{"href":"https:\/\/www.odszkodowania.info.pl\/index.php?rest_route=\/wp\/v2\/types\/post"}],"author":[{"embeddable":true,"href":"https:\/\/www.odszkodowania.info.pl\/index.php?rest_route=\/wp\/v2\/users\/2"}],"replies":[{"embeddable":true,"href":"https:\/\/www.odszkodowania.info.pl\/index.php?rest_route=%2Fwp%2Fv2%2Fcomments&post=3817"}],"version-history":[{"count":2,"href":"https:\/\/www.odszkodowania.info.pl\/index.php?rest_route=\/wp\/v2\/posts\/3817\/revisions"}],"predecessor-version":[{"id":3821,"href":"https:\/\/www.odszkodowania.info.pl\/index.php?rest_route=\/wp\/v2\/posts\/3817\/revisions\/3821"}],"wp:attachment":[{"href":"https:\/\/www.odszkodowania.info.pl\/index.php?rest_route=%2Fwp%2Fv2%2Fmedia&parent=3817"}],"wp:term":[{"taxonomy":"category","embeddable":true,"href":"https:\/\/www.odszkodowania.info.pl\/index.php?rest_route=%2Fwp%2Fv2%2Fcategories&post=3817"},{"taxonomy":"post_tag","embeddable":true,"href":"https:\/\/www.odszkodowania.info.pl\/index.php?rest_route=%2Fwp%2Fv2%2Ftags&post=3817"}],"curies":[{"name":"wp","href":"https:\/\/api.w.org\/{rel}","templated":true}]}}