{"id":3823,"date":"2023-05-21T21:48:33","date_gmt":"2023-05-21T20:48:33","guid":{"rendered":"https:\/\/www.odszkodowania.info.pl\/?p=3823"},"modified":"2023-05-21T21:48:35","modified_gmt":"2023-05-21T20:48:35","slug":"policjanci-z-wydzialu-kryminalnego-pozywaja-komende-miejska-w-walbrzychu-do-sadu-o-zadoscuczynienie-za-krzywdy-50-000-zl-na-osobe","status":"publish","type":"post","link":"https:\/\/www.odszkodowania.info.pl\/?p=3823","title":{"rendered":"Policjanci z wydzia\u0142u kryminalnego pozywaj\u0105 Komend\u0119 Miejsk\u0105 w Wa\u0142brzychu do s\u0105du o zado\u015b\u0107uczynienie za krzywdy. 50 000 z\u0142 na osob\u0119"},"content":{"rendered":"\n<p>Policjanci z wydzia\u0142u kryminalnego KMP w Wa\u0142brzychu pozywaj\u0105 komend\u0119 o wyp\u0142at\u0119 zado\u015b\u0107uczynienia za krzywdy. Cz\u0119\u015b\u0107 z nich pracuje nadal w policji, inni przeszli na emerytur\u0119. S\u0105 ofiarami mobbingu ze strony by\u0142ego naczelnika i by\u0142ego ju\u017c zast\u0119pcy naczelnika wydzia\u0142u kryminalnego, kt\u00f3rzy zostali skazani prawomocnymi wyrokami s\u0105du. Za wyzwiska, poni\u017cenie i mobbingowanie \u017c\u0105daj\u0105 po 50 000 z\u0142. Jednym g\u0142osem m\u00f3wi\u0105, \u017ce byli poni\u017cani, wyzywani, n\u0119kani. Nazywano ich debilem, grub\u0105 \u015bwini\u0105, pajacem, idiot\u0105\u2026 Tak\u017ce przy osobach zatrzymanych.<\/p>\n\n\n\n<p><strong>Walka o zado\u015b\u0107uczynienie dla by\u0142ych funkcjonariuszy Komendy Miejskiej Policji w Wa\u0142brzychu<\/strong><\/p>\n\n\n\n<p>Policjant\u00f3w z wydzia\u0142u kryminalnego w Wa\u0142brzychu, kt\u00f3rzy zdecydowali si\u0119 na procesy z Komend\u0105 Miejsk\u0105 Policji w Wa\u0142brzychu, jest siedmiu. Cz\u0119\u015b\u0107 pe\u0142ni jeszcze s\u0142u\u017cb\u0119 w komendzie, inni opu\u015bcili szeregi policyjnych emeryturach. Domagaj\u0105 si\u0119 przed S\u0105dem Rejonowym w Wa\u0142brzychu zado\u015b\u0107uczynienia za krzywdy doznane w zwi\u0105zku z pe\u0142nieniem s\u0142u\u017cby w Komendzie Miejskiej Policji w Wa\u0142brzychu. Byli mobbingowani przez prze\u0142o\u017conych, wobec kt\u00f3rych zapad\u0142y wyroki skazuj\u0105ce w S\u0105dzie Okr\u0119gowym w \u015awidnicy. Niewykluczone, \u017ce po odszkodowania p\u00f3jd\u0105 do s\u0105du tak\u017ce inni policjanci, kt\u00f3rzy uczestniczyli w procesach naczelnik\u00f3w. Dzi\u015b zastanawiaj\u0105 si\u0119 nad tym, bo m\u00f3wi si\u0119, \u017ce ci kt\u00f3rzy pozwali policj\u0119, raczej kariery w szeregach tej formacji ju\u017c nie zrobi\u0105.<\/p>\n\n\n\n<p><strong>Mobbing, zastraszanie, wyzywanie policjant\u00f3w kryminalnych przez prze\u0142o\u017conych<\/strong><\/p>\n\n\n\n<p>Chodzi o sprawy z 2016 roku i by\u0142ego ju\u017c naczelnika Tomasza S. oraz by\u0142ego zast\u0119pc\u0119 naczelnika wydzia\u0142u kryminalnego Marcina G. Obaj nie pracuj\u0105 ju\u017c w policji. Szef wydzia\u0142u przedwcze\u015bnie zmar\u0142 (w czasie sprawy odwo\u0142awczej od wyroku I instancji), a jego zast\u0119pca zosta\u0142 zwolniony ze s\u0142u\u017cby. Zmieni\u0142 si\u0119 tak\u017ce komendant policji w Wa\u0142brzychu. Kiedy dochodzi\u0142o do akt\u00f3w przemocy psychicznej wobec wa\u0142brzyskich kryminalnych, elitarnego wydzia\u0142u w ka\u017cdej jednostce, komendantem by\u0142 Andrzej Basztura, kt\u00f3ry ju\u017c nie kieruje jednostk\u0105 w Wa\u0142brzychu. Obecnie szefem jednostki jest Krzysztof Lewandowski i to on b\u0119dzie musia\u0142 zmierzy\u0107 si\u0119 ze spraw\u0105.<\/p>\n\n\n\n<p>&#8211; Funkcjonariusze ci byli ofiarami zn\u0119cania przez prze\u0142o\u017conych, jednak\u017ce z ich \u017c\u0105daniami nie zgadza si\u0119 Komendant Miejski Policji w Wa\u0142brzychu. Podkre\u015bli\u0107 nale\u017cy, \u017ce Komendant Policji jako zwierzchnik s\u0142u\u017cb policyjnych stoi na stra\u017cy szeroko rozumianej ochrony obywateli na podleg\u0142ym mu obszarze, czy to powiatu, wojew\u00f3dztwa czy wreszcie ca\u0142ego kraju &#8211; wylicza Jacek Jankowski, adwokat policjant\u00f3w.<\/p>\n\n\n\n<p><strong>Komendant powinien dba\u0107 o atmosfer\u0119 w pracy<\/strong><\/p>\n\n\n\n<p>Jak podkre\u015bla mecenas, Komendant Policji jako zwierzchnik s\u0142u\u017cbowy nad poleg\u0142ymi mu funkcjonariuszami jest r\u00f3wnie\u017c zobowi\u0105zany zapewni\u0107 podleg\u0142ym policjantom w\u0142a\u015bciwe warunki wykonywania zada\u0144 i rozwoju zawodowego oraz dba\u0107 o atmosfer\u0119 pracy i dobre stosunki mi\u0119dzyludzkie. Stanowi o tym \u00a7 17 za\u0142\u0105cznika do zarz\u0105dzenia nr 805 Komendanta G\u0142\u00f3wnego Policji z dnia 31 grudnia 2003 r. \u2013 Zasady Etyki Zawodowej Policjanta.<\/p>\n\n\n\n<p>&#8211; Funkcjonariusze maj\u0105 prawo do pe\u0142nienia tej s\u0142u\u017cby w warunkach, kt\u00f3re nie b\u0119d\u0105 ur\u0105ga\u0142y ich godno\u015bci. W szczeg\u00f3lno\u015bci maj\u0105 prawo pe\u0142ni\u0107 s\u0142u\u017cb\u0119 bez strachu od wszelkiego rodzaju dyskryminacji czy mobbingu. Co istotne, ochrona ta musi by\u0107 realna, a nie tylko pozorna &#8211; zaznacza Jankowski.<\/p>\n\n\n\n<p><strong>Ochrona przed mobbingiem w wa\u0142brzyskiej policji &#8211; s\u0105 specjalne procedury<\/strong><\/p>\n\n\n\n<p>Jak si\u0119 okazuje, aby zapewni\u0107 policjantom tak\u0105 ochron\u0119 przed mobbingiem Komendant Miejski Policji w Wa\u0142brzychu wprowadzi\u0142 Wewn\u0119trzn\u0105 Procedur\u0119 Antymobbingow\u0105 dla policjant\u00f3w pe\u0142ni\u0105cych s\u0142u\u017cb\u0119 w Komendzie Miejskiej Policji w Wa\u0142brzychu z dnia 25 czerwca 2014 r. (Wewn\u0119trzna Procedura Antymobbingowa).<\/p>\n\n\n\n<p>&#8211; To ochrona pozorna, w rzeczywisto\u015bci te procedury nie zadzia\u0142a\u0142y, nie da\u0142y rzeczywistej ochrony policjantom. Byli n\u0119kani. Wyroki, w kt\u00f3rych orzekaj\u0105ce s\u0105dy dw\u00f3ch instancji uzna\u0142y fakt pope\u0142nienia przest\u0119pstw z art. 207 k.k. oraz 231 k.k., a wi\u0119c n\u0119kania i przekroczenia uprawnie\u0144 przez prze\u0142o\u017conych. W toku post\u0119powania odwo\u0142awczego przed S\u0105dem Okr\u0119gowym w \u015awidnicy jeden z oskar\u017conych zmar\u0142 &#8211; m\u00f3wi mecenas.<\/p>\n\n\n\n<p><strong>Do policjant\u00f3w z Wa\u0142brzycha zwraca\u0142 si\u0119 &#8222;Gruba \u015bwinio&#8221;, &#8222;Ty pajacu&#8221;, &#8222;Ty debilu&#8221;<\/strong><\/p>\n\n\n\n<p>Wylicza, \u017ce to by\u0142y traumatyczne wydarzenia dla funkcjonariuszy, kt\u00f3rzy doznali szeregu krzywd psychicznych, a skutki s\u0105 przez nich odczuwane do dzi\u015b. Policjanci byli wulgarnie wyzywani, natarczywie przepytywani ze znajomo\u015bci akt\u00f3w prawnych, poni\u017cani, z\u0142o\u015bliwie n\u0119kani telefonami podczas s\u0142u\u017cby i poza grafikiem s\u0142u\u017cby. Jednego z policjant\u00f3w nazwa\u0142 pajacem, a na dokumencie dostarczonym przez innego napisa\u0142 &#8222;pisz \u0142adnie gruba \u015bwinio&#8221;. N\u0119kani byli tez pracownicy cywilni. Jednej z pracownic zast\u0119pca naczelnika zarzuca\u0142 zbyt cz\u0119ste wychodzenie do toalety i kontrolowa\u0142 czas, jaki w niej sp\u0119dzi\u0142a.<\/p>\n\n\n\n<p><strong>Jak zezna\u0142 jeden z policjant\u00f3w:<\/strong><\/p>\n\n\n\n<p>&#8222;Kiedy przychodzi\u0142em na rozmow\u0119, to czu\u0142em si\u0119 jak bym by\u0142 debilem i dla mnie to by\u0142 stres. Nie potrafi\u0119 opisa\u0107, jak ten cz\u0142owiek na mnie dzia\u0142a\u0142. Dla mnie to by\u0142a trauma. My\u015bla\u0142em, \u017ce jestem debilem i nie nadaj\u0119 si\u0119 do pracy w policji&#8221;<\/p>\n\n\n\n<p>Inny policjant m\u00f3wi\u0142: &#8222;By\u0142em zniewa\u017cany s\u0142owami wulgarnymi. By\u0142em debilem, idiot\u0105. Mia\u0142em wypierd\u2026\u0107 z pokoju. Do niczego si\u0119 nie nadaj\u0119, wszystko, co zrobi\u0119, to zawsze spier..\u0119&#8221;.<\/p>\n\n\n\n<p>Kolejny policjant: &#8222;Pracowa\u0142em w tym wydziale p\u00f3\u0142tora roku i zawsze czu\u0142em si\u0119, jak g\u00f3wno. To znaczy, \u017ce jak wchodzi\u0142em albo siedzia\u0142em z zatrzymanym, to on oskar\u017cony m\u00f3wi\u0142 do mnie, co ty debilu robisz (..) Jak mnie zobaczy\u0142 na korytarzu, m\u00f3wi\u0142 do mnie \u017ce jestem t\u0142ukiem. Przychodzenie do pracy, to by\u0142a dla mnie katorga&#8221;.<\/p>\n\n\n\n<p>Nast\u0119pny funkcjonariusz: &#8222;Marcin G., zeszmaca\u0142 cz\u0142owieka. Ja czu\u0142em si\u0119, jak szmaciarz, kt\u00f3ry nie mo\u017ce nic zrobi\u0107, jak dno kompletne&#8221;.<\/p>\n\n\n\n<p>Podobnych zezna\u0144 s\u0105 dziesi\u0105tki. Jedn z policjant\u00f3w by\u0142 n\u0119kany nawet wtedy, kiedy poza grafikiem by\u0142 w szpitalu u c\u00f3rki. Innym notorycznie zlecano czynno\u015bci poza ustalonym grafikiem.<\/p>\n\n\n\n<p>&#8211; Zdolni oraz sprawni w dzia\u0142aniu m\u0142odzi policjanci, wskutek n\u0119kania ich przez prze\u0142o\u017conych, stracili poczucie w\u0142asnej warto\u015bci oraz sens w pe\u0142nion\u0105 s\u0142u\u017cb\u0119. Ich trauma odbi\u0142a si\u0119 nie tylko na \u017cyciu zawodowym tych ludzi, ale tak\u017ce na ich \u017cyciu prywatnym. Ich zachowanie zmieni\u0142o si\u0119 do tego stopnia, \u017ce nie mo\u017cna ju\u017c rozpozna\u0107 w nich os\u00f3b sprzed lat.<\/p>\n\n\n\n<p>Kiedy w wyniku wieloletniej batalii s\u0105dowej funkcjonariusze uzyskali potwierdzenie, \u017ce byli ofiarami przest\u0119pstw potwierdzonych wyrokami Sadu Rejonowego w Wa\u0142brzychu oraz S\u0105du Okr\u0119gowego w \u015awidnicy postanowili dochodzi\u0107 odpowiedniego zado\u015b\u0107uczynienia za doznane krzywdy i cierpienia &#8211; m\u00f3wi adwokat. <\/p>\n\n\n\n<p><strong>Dlaczego odm\u00f3wiono policjantom z Wa\u0142brzycha wyp\u0142aty zado\u015b\u0107ucznienia?<\/strong><\/p>\n\n\n\n<p>Do sprawy odnosi si\u0119 Marcin \u015awie\u017cy, rzecznik prasowy Komendy Miejskiej Policji w Wa\u0142brzychu. Jak m\u00f3wi, opisana sytuacja mia\u0142a miejsce w 2016 roku i jej okoliczno\u015bci zosta\u0142y kompleksowo wyja\u015bnione przez prokuratur\u0119 oraz policyjne kom\u00f3rki kontrolne.<\/p>\n\n\n\n<p>Obaj m\u0119\u017cczy\u017ani nie s\u0105 ju\u017c od dawna funkcjonariuszami naszej formacji, poniewa\u017c nie ma i nigdy nie by\u0142o przyzwolenia na tego typu zachowania. Opisane sytuacje maj\u0105 charakter incydentalny, a osoby zachowuj\u0105ce si\u0119 w stosunku do innych niezgodnie z og\u00f3lnie przyj\u0119tymi normami spo\u0142ecznymi lub naruszaj\u0105ce jakiekolwiek przepisy prawa, niegodne s\u0105 tego, by nosi\u0107 policyjny mundur i zawsze podejmowane wobec nich czynno\u015bci, zmierzaj\u0105 do wydalenia ze s\u0142u\u017cby &#8211; zaznacza Marcin \u015awie\u017cy.<\/p>\n\n\n\n<p>Jak dodaje, wewn\u0119trzne relacje na linii podw\u0142adny \u2013 prze\u0142o\u017cony s\u0105 niezmiernie wa\u017cnym elementem funkcjonowania ka\u017cdej instytucji, wi\u0119c prze\u0142o\u017ceni szybko reaguj\u0105 na ka\u017cdy sygna\u0142 i podejmuj\u0105 stosowne do okoliczno\u015bci dzia\u0142ania.<\/p>\n\n\n\n<p>&#8211; Z obwi\u0105zuj\u0105cymi do wielu lat procedurami antymobbingowymi zapoznawani s\u0105 na bie\u017c\u0105co wszyscy funkcjonariusze i w ka\u017cdym momencie mog\u0105 zg\u0142osi\u0107 problem, kt\u00f3ry zauwa\u017c\u0105. Maj\u0105 one na celu szybkie wyja\u015bnienie wszelkich okoliczno\u015bci sprawy i prowadzi\u0107 do eliminowania tego typu sytuacji w przysz\u0142o\u015bci. W tym konkretnym przypadku zawiadomienie jednak nie zosta\u0142o z\u0142o\u017cone, tylko wp\u0142yn\u0119\u0142o bezpo\u015brednio do prokuratury, kt\u00f3ra prowadzi\u0142a post\u0119powanie i zako\u0144czy\u0142o si\u0119 ono prawomocnymi wyrokami, a wymienione osoby zwolniono ze s\u0142u\u017cby &#8211; t\u0142umaczy policjant. <br><br>&#8211; Doda\u0107 nale\u017cy, \u017ce ka\u017cdy funkcjonariusz w dowolnym momencie mo\u017ce skorzysta\u0107 ze wsparcia psychologicznego, a w sytuacjach kryzysowych, pomocy niezw\u0142ocznie udzielaj\u0105 te\u017c policyjni psycholodzy. Musz\u0119 poinformowa\u0107, \u017ce Komenda Miejska Policji w Wa\u0142brzychu nie ma kompetencji prawnych do zawierania ugody w przedmiotowej sprawie., bo nie jest dysponentem \u015brodk\u00f3w &#8211; zaznacza \u015awie\u017cy.<\/p>\n\n\n\n<p>O wyp\u0142at\u0119 odszkodowa\u0144 za doznane krzywdy przez policjant\u00f3w kryminalnych z Wa\u0142brzycha, zapytali\u015bmy r\u00f3wnie\u017c Komend\u0119 Wojew\u00f3dzk\u0105 Policji we Wroc\u0142awiu. Czekamy na odpowiedzi i do sprawy wr\u00f3cimy.<\/p>\n\n\n\n<p>Tymczasem, jak komentuje adwokat &#8211; tak formalistyczne podej\u015bcie do wra\u017cliwej kwestii mobbingu w\u015br\u00f3d policjant\u00f3w powoduje, \u017ce z pola widzenia mo\u017ce znika\u0107 funkcjonariusz Policji, b\u0119d\u0105cy jednocze\u015bnie obywatelem i \u201epracownikiem\u201d oraz doznane przez niego krzywdy, kt\u00f3re mia\u0142y miejsce w toku wykonywania codziennych obowi\u0105zk\u00f3w s\u0142u\u017cbowych, ale r\u00f3wnie\u017c stawia pod znakiem zapytania mo\u017cliwo\u015b\u0107, ale te\u017c i wola, ochrona zwyk\u0142ych obywateli przed zagro\u017ceniami \u017cycia codziennego.<\/p>\n\n\n\n<p>Teraz S\u0105d Rejonowy w Wa\u0142brzychu jest w trakcie ustalania pierwszych termin\u00f3w rozpraw. Do sprawy wr\u00f3cimy.<\/p>\n\n\n\n<p>wroclaw.naszemiasto.pl<\/p>\n","protected":false},"excerpt":{"rendered":"<p>Policjanci z wydzia\u0142u kryminalnego KMP w Wa\u0142brzychu pozywaj\u0105 komend\u0119 o wyp\u0142at\u0119 zado\u015b\u0107uczynienia za krzywdy. Cz\u0119\u015b\u0107 z nich pracuje nadal w policji, inni przeszli na emerytur\u0119. S\u0105 ofiarami mobbingu ze strony by\u0142ego naczelnika i by\u0142ego ju\u017c zast\u0119pcy naczelnika wydzia\u0142u kryminalnego, kt\u00f3rzy zostali skazani prawomocnymi wyrokami s\u0105du. Za wyzwiska, poni\u017cenie i mobbingowanie \u017c\u0105daj\u0105 po 50 000 z\u0142. [&hellip;]<\/p>\n","protected":false},"author":2,"featured_media":0,"comment_status":"open","ping_status":"open","sticky":false,"template":"","format":"standard","meta":{"footnotes":""},"categories":[8],"tags":[208,12,123,13],"class_list":["post-3823","post","type-post","status-publish","format-standard","hentry","category-aktualnosci","tag-mobbing","tag-odszkodowanie","tag-policja","tag-zadoscuczynienie"],"_links":{"self":[{"href":"https:\/\/www.odszkodowania.info.pl\/index.php?rest_route=\/wp\/v2\/posts\/3823","targetHints":{"allow":["GET"]}}],"collection":[{"href":"https:\/\/www.odszkodowania.info.pl\/index.php?rest_route=\/wp\/v2\/posts"}],"about":[{"href":"https:\/\/www.odszkodowania.info.pl\/index.php?rest_route=\/wp\/v2\/types\/post"}],"author":[{"embeddable":true,"href":"https:\/\/www.odszkodowania.info.pl\/index.php?rest_route=\/wp\/v2\/users\/2"}],"replies":[{"embeddable":true,"href":"https:\/\/www.odszkodowania.info.pl\/index.php?rest_route=%2Fwp%2Fv2%2Fcomments&post=3823"}],"version-history":[{"count":1,"href":"https:\/\/www.odszkodowania.info.pl\/index.php?rest_route=\/wp\/v2\/posts\/3823\/revisions"}],"predecessor-version":[{"id":3824,"href":"https:\/\/www.odszkodowania.info.pl\/index.php?rest_route=\/wp\/v2\/posts\/3823\/revisions\/3824"}],"wp:attachment":[{"href":"https:\/\/www.odszkodowania.info.pl\/index.php?rest_route=%2Fwp%2Fv2%2Fmedia&parent=3823"}],"wp:term":[{"taxonomy":"category","embeddable":true,"href":"https:\/\/www.odszkodowania.info.pl\/index.php?rest_route=%2Fwp%2Fv2%2Fcategories&post=3823"},{"taxonomy":"post_tag","embeddable":true,"href":"https:\/\/www.odszkodowania.info.pl\/index.php?rest_route=%2Fwp%2Fv2%2Ftags&post=3823"}],"curies":[{"name":"wp","href":"https:\/\/api.w.org\/{rel}","templated":true}]}}