{"id":385,"date":"2009-05-12T11:26:09","date_gmt":"2009-05-12T10:26:09","guid":{"rendered":"http:\/\/www.odszkodowania.info.pl\/?p=385"},"modified":"2009-05-12T11:26:09","modified_gmt":"2009-05-12T10:26:09","slug":"trudno-o-odszkodowanie-od-trzynastolatka","status":"publish","type":"post","link":"https:\/\/www.odszkodowania.info.pl\/?p=385","title":{"rendered":"Trudno o odszkodowanie od trzynastolatka"},"content":{"rendered":"<p>Kto mia\u0142by za nie odpowiada\u0107. Rodzice? Sami m\u0142odzi, je\u015bli maj\u0105 maj\u0105tek? A mo\u017ce nale\u017ca\u0142oby wprowadzi\u0107 jak\u0105\u015b form\u0119 ubezpieczenia? Nie ma w\u0105tpliwo\u015bci, \u017ce najgorzej, gdyby skutki wybryk\u00f3w dzieci i nastolatk\u00f3w mia\u0142y obci\u0105\u017ca\u0107 poszkodowanych. Tak niestety jest cz\u0119sto.<\/p>\n<p>Jest szkoda, nie ma winnego<\/p>\n<p>\u201eZ przera\u017ceniem czekam wakacji, gdy\u017c boj\u0119 si\u0119 o sw\u00f3j domek na dzia\u0142ce tu\u017c przy lokalnym k\u0105pielisku (55 km od Warszawy). Tam miejscowa m\u0142odzie\u017c k\u0105pie si\u0119, sp\u0119dza czas, a co najgorsze \u2013 szaleje. Zesz\u0142ego roku zapr\u00f3szyli ogie\u0144, kt\u00f3ry strawi\u0142 mi cz\u0119\u015b\u0107 p\u0142otu, kom\u00f3rk\u0119 i cz\u0119\u015bciowo domek. Na szcz\u0119\u015bcie s\u0105siedzi ugasili po\u017car \u2013 pisze Krystyna Z., emerytka. \u2013 Straty (bez drzewek) stolarz oceni\u0142 na 20 tys. z\u0142. Znam sprawc\u00f3w, to dw\u00f3ch czternastolatk\u00f3w, ale rodzice znale\u017ali prawnika, i us\u0142ysza\u0142am, \u017ce mog\u0105 mi zap\u0142aci\u0107 najwy\u017cej 5 tys. z\u0142, kt\u00f3re w\u0142a\u015bciwie i tak mi si\u0119 nie nale\u017cy, bo rodzicom \u017cadnej winy nie jestem w stanie przypisa\u0107. Na pla\u017cy od dawien dawna wieczorami palono ogniska, a ch\u0142opaki w\u0142asnego maj\u0105tku nie maj\u0105\u201d.<\/p>\n<p>Czy rodzice nie powinni w pe\u0142ni odpowiada\u0107 za szkody wyrz\u0105dzone przez swoje dzieci?<\/p>\n<p>\u2013 Znamy problem z dochodzeniem odpowiedzialno\u015bci odszkodowawczej ma\u0142oletnich \u2013 przyznaje s\u0119dzia Robert Zegad\u0142o, sekretarz Komisji Kodyfikacyjnej Prawa Cywilnego. \u2013 Nie mamy jeszcze przygotowanych rozwi\u0105za\u0144, ale najwa\u017cniejsza jest kwestia ci\u0119\u017caru dowodu zwi\u0105zanego z ustaleniem, czy ma\u0142oletni sprawca mia\u0142 rozeznanie co do skutk\u00f3w swego czynu.<\/p>\n<p>M\u0142odzie\u017cowy immunitet<\/p>\n<p>Dzieci i m\u0142odzie\u017c s\u0105 wy\u0142\u0105czone z og\u00f3lnych zasad odpowiedzialno\u015bci (deliktowej) wyra\u017conej w art. 415 kodeksu cywilnego: \u201ekto z winy swej wyrz\u0105dzi\u0142 drugiemu szkod\u0119, obowi\u0105zany jest do jej naprawienia\u201d.<\/p>\n<p>Po pierwsze do uko\u0144czenia 13 lat nie ponosz\u0105 odpowiedzialno\u015bci odszkodowawczej w og\u00f3le (art. 426 k.c.). Nawet gdyby da\u0142o si\u0119 wykaza\u0107, \u017ce mia\u0142y w pe\u0142ni rozeznanie co do skutk\u00f3w swego czynu (\u017ce ognisko przy dzia\u0142kach to pewny po\u017car), to taki dow\u00f3d jest niedopuszczalny. Mo\u017cna go u\u017cy\u0107, gdy sprawca szkody ma 13 \u2013 18 lat (ma tzw. zdolno\u015b\u0107 deliktow\u0105), ale sprawca mo\u017ce si\u0119 broni\u0107, \u017ce nie mia\u0142 pe\u0142nego rozeznania co do skutk\u00f3w swojego czynu.<\/p>\n<p>Wprawdzie za szkody wyrz\u0105dzone przez niepe\u0142noletniego odpowiada\u0107 mo\u017ce te\u017c ten, kto jest zobowi\u0105zany do nadzoru nad nim (art. 427 k.c.) \u2013 najcz\u0119\u015bciej rodzice, ale oni mog\u0105 si\u0119 wybroni\u0107, wykazuj\u0105c, \u017ce uczynili zado\u015b\u0107 nadzorowi.<\/p>\n<p>Czysta hipoteka dziecka<\/p>\n<p>Jest wreszcie mo\u017cliwo\u015b\u0107 domagania si\u0119 naprawienia szkody od samego dziecka, je\u017celi z por\u00f3wnania maj\u0105tku poszkodowanego i sprawcy wynika, \u017ce wymagaj\u0105 tego zasady wsp\u00f3\u0142\u017cycia spo\u0142ecznego \u2013 art. 428 k.c. (to rzadki przypadek odpowiedzialno\u015bci na zasadzie s\u0142uszno\u015bci). Jest jednak istotny warunek: dziecko musi mie\u0107 osobisty maj\u0105tek, co w Polsce nale\u017cy do rzadko\u015bci.<\/p>\n<p>Doktor Marcin Orlicki z Uniwersytetu Adama Mickiewicza wskazuje, \u017ce w innych krajach te\u017c dostrzega si\u0119 problem \u201enieodpowiedzialno\u015bci\u201d odszkodowawczej. W Niemczech dyskutowany jest np. pomys\u0142, czy nie wprowadzi\u0107 obowi\u0105zkowego ubezpieczenia OC dla niepe\u0142noletnich. By z jednej strony by\u0142o \u017ar\u00f3d\u0142o, z kt\u00f3rego mo\u017cna pokrywa\u0107 szkody wyrz\u0105dzone przez m\u0142odzie\u017c, z drugiej za\u015b, by m\u0142odzi wchodzili w doros\u0142e \u017cycie z czyst\u0105 hipotek\u0105.<\/p>\n<p>Opinia: Zbigniew Banaszczyk &#8211; adwokat, cywilista z Wydzia\u0142u Prawa UW<\/p>\n<p>Z jednej strony obserwujemy szybszy intelektualny rozw\u00f3j m\u0142odzie\u017cy, a drugiej nie zawsze idzie za tym rozw\u00f3j emocjonalny (tzw. wt\u00f3rny infantylizm).<\/p>\n<p>By\u0107 mo\u017ce nale\u017ca\u0142oby podwy\u017cszy\u0107 wiek, do kt\u00f3rego dzieci nie ponosz\u0105 odpowiedzialno\u015bci za swoje czyny. Z kolei odpowiedzialno\u015b\u0107 rodzic\u00f3w mo\u017cna by rozszerzy\u0107 poprzez tw\u00f3rcze orzecznictwo, kt\u00f3re niedoci\u0105gni\u0119cia w nadzorze nad dzie\u0107mi mog\u0142oby traktowa\u0107 jako nieprzygotowanie ich do samodzielnego i odpowiedzialnego zachowania (nieodpowiednie wychowanie) np. na wczasach. Nie wystarczy rozumienie nadzoru jako niemal fizycznego kontaktu. Przy takim podej\u015bciu nie trzeba by zmienia\u0107 kodeksu.<br \/>\nRzeczpospolita<\/p>\n","protected":false},"excerpt":{"rendered":"<p>Dochodzenie rekompensaty za szkody wyrz\u0105dzone przez ma\u0142oletnich powinno by\u0107 \u0142atwiejsze \u2013 zgadzaj\u0105 si\u0119 prawnicy.<\/p>\n","protected":false},"author":2,"featured_media":0,"comment_status":"open","ping_status":"open","sticky":false,"template":"","format":"standard","meta":{"footnotes":""},"categories":[8],"tags":[12],"class_list":["post-385","post","type-post","status-publish","format-standard","hentry","category-aktualnosci","tag-odszkodowanie"],"_links":{"self":[{"href":"https:\/\/www.odszkodowania.info.pl\/index.php?rest_route=\/wp\/v2\/posts\/385","targetHints":{"allow":["GET"]}}],"collection":[{"href":"https:\/\/www.odszkodowania.info.pl\/index.php?rest_route=\/wp\/v2\/posts"}],"about":[{"href":"https:\/\/www.odszkodowania.info.pl\/index.php?rest_route=\/wp\/v2\/types\/post"}],"author":[{"embeddable":true,"href":"https:\/\/www.odszkodowania.info.pl\/index.php?rest_route=\/wp\/v2\/users\/2"}],"replies":[{"embeddable":true,"href":"https:\/\/www.odszkodowania.info.pl\/index.php?rest_route=%2Fwp%2Fv2%2Fcomments&post=385"}],"version-history":[{"count":1,"href":"https:\/\/www.odszkodowania.info.pl\/index.php?rest_route=\/wp\/v2\/posts\/385\/revisions"}],"predecessor-version":[{"id":386,"href":"https:\/\/www.odszkodowania.info.pl\/index.php?rest_route=\/wp\/v2\/posts\/385\/revisions\/386"}],"wp:attachment":[{"href":"https:\/\/www.odszkodowania.info.pl\/index.php?rest_route=%2Fwp%2Fv2%2Fmedia&parent=385"}],"wp:term":[{"taxonomy":"category","embeddable":true,"href":"https:\/\/www.odszkodowania.info.pl\/index.php?rest_route=%2Fwp%2Fv2%2Fcategories&post=385"},{"taxonomy":"post_tag","embeddable":true,"href":"https:\/\/www.odszkodowania.info.pl\/index.php?rest_route=%2Fwp%2Fv2%2Ftags&post=385"}],"curies":[{"name":"wp","href":"https:\/\/api.w.org\/{rel}","templated":true}]}}