{"id":3868,"date":"2023-11-15T14:51:03","date_gmt":"2023-11-15T13:51:03","guid":{"rendered":"https:\/\/www.odszkodowania.info.pl\/?p=3868"},"modified":"2023-11-15T14:51:04","modified_gmt":"2023-11-15T13:51:04","slug":"rekompensata-za-zrujnowane-zycie-towarzyskie-nastolatka","status":"publish","type":"post","link":"https:\/\/www.odszkodowania.info.pl\/?p=3868","title":{"rendered":"Rekompensata za zrujnowane \u017cycie towarzyskie nastolatka"},"content":{"rendered":"\n<p>Aktywnie uprawiaj\u0105cemu sport nastolatkowi, kt\u00f3ry z powodu wypadku ograniczy\u0142 kontakty z trenuj\u0105cymi kolegami, nale\u017cy si\u0119 zado\u015b\u0107uczynienie.<\/p>\n\n\n\n<p>Taki wniosek p\u0142ynie z nieprawomocnego wyroku S\u0105du Rejonowego w Pu\u0142awach w sprawie, w kt\u00f3rej ojciec potr\u0105conego przez samoch\u00f3d 14-latka domaga\u0142 si\u0119 dla niego rekompensaty wy\u017cszej, ni\u017c pierwotnie chcia\u0142 wyp\u0142aci\u0107 ubezpieczyciel kierowcy.<\/p>\n\n\n\n<p><strong>Nie m\u00f3g\u0142 gra\u0107 z kolegami<\/strong><\/p>\n\n\n\n<p>W wyniku p\u0119kni\u0119cia ko\u015bci i unieruchomienia lewej r\u0119ki ch\u0142opiec musia\u0142 zawiesi\u0107, a potem znacznie ograniczy\u0107 uprawianie sportu.<\/p>\n\n\n\n<p>Ubezpieczyciel chcia\u0142 wyp\u0142aci\u0107 oko\u0142o 5 tysi\u0119cy z\u0142otych zado\u015b\u0107uczynienia i odszkodowania obejmuj\u0105cego koszty opieki nad dzieckiem. Domaga\u0142 si\u0119 oddalenia pow\u00f3dztwa ojca, argumentuj\u0105c, \u017ce okres leczenia jego syna w rzeczywisto\u015bci by\u0142 kr\u00f3tki, a same skutki wypadku nie by\u0142y trwa\u0142e.<\/p>\n\n\n\n<p>S\u0105d ustali\u0142, \u017ce chocia\u017c ch\u0142opiec funkcjonowa\u0142 z unieruchomion\u0105 r\u0119k\u0105 trzy tygodnie, to z powodu doznanego urazu w rzeczywisto\u015bci na kilka miesi\u0119cy zosta\u0142 pozbawiony mo\u017cliwo\u015bci uprawiania sportu. Wcze\u015bniej by\u0142 dzieckiem bardzo aktywnym, uczestnicz\u0105cym mi\u0119dzy innymi w rajdach rowerowych, kt\u00f3re by\u0142y filarem jego \u017cycia towarzyskiego.<\/p>\n\n\n\n<p><strong>Sport mo\u017ce by\u0107 wa\u017cny dla nastolatka<\/strong><\/p>\n\n\n\n<p>Przy ustalaniu wysoko\u015bci rekompensaty s\u0105d wskaza\u0142, \u017ce zado\u015b\u0107uczynienie powinno mie\u0107 charakter ca\u0142o\u015bciowy oraz obejmowa\u0107 wszystkie cierpienia fizyczne i psychiczne. I to zar\u00f3wno te ju\u017c doznane, jak i te, kt\u00f3re w zwi\u0105zku ze schorzeniem mog\u0105 wyst\u0105pi\u0107 dopiero w przysz\u0142o\u015bci. Przypomnia\u0142 bowiem, \u017ce jest to \u015bwiadczenie jednorazowe. To oczywi\u015bcie, jak zastrzeg\u0142 SR, nie oznacza automatycznie, \u017ce wszystkie \u017c\u0105dania ojca powinny zosta\u0107 uwzgl\u0119dnione we wskazanej wysoko\u015bci.<\/p>\n\n\n\n<p>S\u0105d argumentowa\u0142 jednak, \u017ce parotygodniowe ograniczenie codziennej aktywno\u015bci fizycznej, w szczeg\u00f3lno\u015bci uprawiania sportu, \u201ew spos\u00f3b oczywisty rzutuje tak\u017ce na wymiar ujemnych prze\u017cy\u0107 w sferze psychicznej powoda, kt\u00f3ry \u2013 co nale\u017cy podkre\u015bli\u0107 \u2013 w dacie zdarzenia mia\u0142 14 lat i dla kt\u00f3rego sport by\u0142 jednym z filar\u00f3w codziennej aktywno\u015bci oraz baz\u0105 relacji z r\u00f3wie\u015bnikami\u201d. S\u0105d wzi\u0105\u0142 jednak pod uwag\u0119, \u017ce uraz rzeczywi\u015bcie nie by\u0142 zbyt powa\u017cny i nie spowodowa\u0142 trwa\u0142ego uszczerbku na zdrowiu, a tak\u017ce nie obj\u0105\u0142 r\u0119ki dominuj\u0105cej. S\u0105d ustalon\u0105 przez ubezpieczyciela sum\u0119 uzna\u0142 za zbyt nisk\u0105 i nakaza\u0142 wyp\u0142at\u0119 oko\u0142o 16 tysi\u0119cy z\u0142otych.<\/p>\n\n\n\n<p><strong>sygnatura akt: I C 293\/21<\/strong><\/p>\n\n\n\n<p>rp.pl<\/p>\n","protected":false},"excerpt":{"rendered":"<p>Aktywnie uprawiaj\u0105cemu sport nastolatkowi, kt\u00f3ry z powodu wypadku ograniczy\u0142 kontakty z trenuj\u0105cymi kolegami, nale\u017cy si\u0119 zado\u015b\u0107uczynienie. Taki wniosek p\u0142ynie z nieprawomocnego wyroku S\u0105du Rejonowego w Pu\u0142awach w sprawie, w kt\u00f3rej ojciec potr\u0105conego przez samoch\u00f3d 14-latka domaga\u0142 si\u0119 dla niego rekompensaty wy\u017cszej, ni\u017c pierwotnie chcia\u0142 wyp\u0142aci\u0107 ubezpieczyciel kierowcy. Nie m\u00f3g\u0142 gra\u0107 z kolegami W wyniku p\u0119kni\u0119cia [&hellip;]<\/p>\n","protected":false},"author":2,"featured_media":0,"comment_status":"open","ping_status":"open","sticky":false,"template":"","format":"standard","meta":{"footnotes":""},"categories":[8],"tags":[68,12,13],"class_list":["post-3868","post","type-post","status-publish","format-standard","hentry","category-aktualnosci","tag-dobra-osobiste","tag-odszkodowanie","tag-zadoscuczynienie"],"_links":{"self":[{"href":"https:\/\/www.odszkodowania.info.pl\/index.php?rest_route=\/wp\/v2\/posts\/3868","targetHints":{"allow":["GET"]}}],"collection":[{"href":"https:\/\/www.odszkodowania.info.pl\/index.php?rest_route=\/wp\/v2\/posts"}],"about":[{"href":"https:\/\/www.odszkodowania.info.pl\/index.php?rest_route=\/wp\/v2\/types\/post"}],"author":[{"embeddable":true,"href":"https:\/\/www.odszkodowania.info.pl\/index.php?rest_route=\/wp\/v2\/users\/2"}],"replies":[{"embeddable":true,"href":"https:\/\/www.odszkodowania.info.pl\/index.php?rest_route=%2Fwp%2Fv2%2Fcomments&post=3868"}],"version-history":[{"count":1,"href":"https:\/\/www.odszkodowania.info.pl\/index.php?rest_route=\/wp\/v2\/posts\/3868\/revisions"}],"predecessor-version":[{"id":3869,"href":"https:\/\/www.odszkodowania.info.pl\/index.php?rest_route=\/wp\/v2\/posts\/3868\/revisions\/3869"}],"wp:attachment":[{"href":"https:\/\/www.odszkodowania.info.pl\/index.php?rest_route=%2Fwp%2Fv2%2Fmedia&parent=3868"}],"wp:term":[{"taxonomy":"category","embeddable":true,"href":"https:\/\/www.odszkodowania.info.pl\/index.php?rest_route=%2Fwp%2Fv2%2Fcategories&post=3868"},{"taxonomy":"post_tag","embeddable":true,"href":"https:\/\/www.odszkodowania.info.pl\/index.php?rest_route=%2Fwp%2Fv2%2Ftags&post=3868"}],"curies":[{"name":"wp","href":"https:\/\/api.w.org\/{rel}","templated":true}]}}