{"id":3876,"date":"2023-12-11T15:00:40","date_gmt":"2023-12-11T14:00:40","guid":{"rendered":"https:\/\/www.odszkodowania.info.pl\/?p=3876"},"modified":"2023-12-13T16:04:14","modified_gmt":"2023-12-13T15:04:14","slug":"58-osob-pozywa-skarb-panstwa-za-delikt-legislacyjny-w-zwiazku-z-tragicznym-wypadkiem-pod-nowym-miastem-nad-pilica-w-ktorym-zginelo-18-osob","status":"publish","type":"post","link":"https:\/\/www.odszkodowania.info.pl\/?p=3876","title":{"rendered":"58 os\u00f3b pozywa Skarb Pa\u0144stwa za delikt legislacyjny w zwi\u0105zku z tragicznym wypadkiem pod Nowym Miastem nad Pilic\u0105, w kt\u00f3rym zgin\u0119\u0142o 18 os\u00f3b"},"content":{"rendered":"\n<p>Z ko\u0144cem 2023 roku na wokand\u0119 w S\u0105dzie Rejonowym dla Warszawy-\u015ar\u00f3dmie\u015bcia w Warszawie I Wydzia\u0142 Cywilny, trafi\u0142y sprawy zainicjowane z pow\u00f3dztwa 71 os\u00f3b przeciwko Skarbowi Pa\u0144stwa. Imponuj\u0105ca liczba os\u00f3b reprezentowanych przez <a href=\"https:\/\/kancelaria-kwiecien.pl\/\" data-type=\"link\" data-id=\"https:\/\/kancelaria-kwiecien.pl\/\">adwokat Ilon\u0119 Kwiecie\u0144<\/a>, to cz\u0142onkowie rodziny os\u00f3b zmar\u0142ych w tragicznym wypadku samochodowym w dniu 12 pa\u017adziernika 2010 roku pod Drzewic\u0105.<\/p>\n\n\n\n<p>To w\u0142a\u015bnie wtedy na drodze wojew\u00f3dzkiej 707, w odleg\u0142o\u015bci 2 kilometr\u00f3w od Miasta nad Pilic\u0105, dosz\u0142o do wstrz\u0105saj\u0105cej katastrofy drogowej, w wyniku kt\u00f3rej bus przewo\u017c\u0105cy sezonowych pracownik\u00f3w zderzy\u0142 si\u0119 z jad\u0105cym z naprzeciwka samochodem ci\u0119\u017carowym. W\u00f3wczas \u015bmier\u0107 ponios\u0142o 18 os\u00f3b.<\/p>\n\n\n\n<p>Zgodnie z ocen\u0105 pe\u0142nomocnika poszkodowanych \u2013 <a href=\"https:\/\/kancelaria-kwiecien.pl\/\" data-type=\"link\" data-id=\"https:\/\/kancelaria-kwiecien.pl\/\">adwokat Ilony Kwiecie\u0144<\/a>, w niniejszej sprawie sp\u00f3r sprowadza si\u0119 do uchybienia ustawodawcy w zakresie terminu wskazanego do podwy\u017cszenia sum gwarancyjnych z ubezpieczenia odpowiedzialno\u015bci cywilnej posiadacza pojazd\u00f3w mechanicznych, przewidzianych poprzez dyrektyw\u0119 2005\/14\/WE. Sytuacja ta doprowadzi\u0142a do tego, \u017ce po polskich drogach porusza\u0142y si\u0119 pojazdy, kt\u00f3rych posiadacze korzystali z ochrony ubezpieczeniowej na poziomie ni\u017cszym ni\u017c wymagany przez unijn\u0105 dyrektyw\u0119. Jednym z takich posiadaczy ubezpieczenia OC by\u0142 kieruj\u0105cy busa przewo\u017c\u0105cego \u0142\u0105cznie osiemna\u015bcie os\u00f3b. Jego polisa nie posiada\u0142a wy\u017cszej sumy gwarancyjnej, cho\u0107 t\u0119 przewidywa\u0142a unijna dyrektywa.<\/p>\n\n\n\n<p>To zaniechanie ustawodawcy, polegaj\u0105ce na niepe\u0142nej implementacji wspomnianej dyrektywy unijnej do polskiego porz\u0105dku prawnego doprowadzi\u0142o do tego, \u017ce bliscy os\u00f3b zmar\u0142ych w wypadku nie mogli uzyska\u0107 nale\u017cnych im sum pieni\u0119\u017cnych od ubezpieczyciela, kt\u00f3ry w toku post\u0119powania likwidacyjnego zas\u0142ania\u0142 si\u0119 wyczerpaniem sumy gwarancyjnej. To z kolei spowodowa\u0142o, \u017ce nie wszystkie osoby, kt\u00f3re straci\u0142y najbli\u017cszych w tej tragicznej katastrofie drogowej, otrzyma\u0142y zado\u015b\u0107uczynienie za krzywd\u0119 w odpowiedniej wysoko\u015bci. Niekt\u00f3rzy poszkodowani nie otrzymali \u017cadnego zado\u015b\u0107uczynienia za \u015bmier\u0107 osoby bliskiej, bowiem jak ju\u017c wspomniano, suma gwarancyjna zosta\u0142a wyczerpana na wyp\u0142aty dla poszkodowanych, kt\u00f3rzy jako pierwsi zg\u0142osili swoje roszczenie do ubezpieczyciela.<\/p>\n\n\n\n<p>Ca\u0142a sytuacja, niezwykle przykra dla os\u00f3b, kt\u00f3re straci\u0142y cz\u0142onk\u00f3w rodziny w wypadku pod Drzewic\u0105, nigdy nie mia\u0142aby miejsca, gdyby nie opiesza\u0142o\u015b\u0107 polskiego ustawodawcy. Wprowadzenie podwy\u017cszonej sumy gwarancyjnej o rok wcze\u015bniej ni\u017c w rzeczywisto\u015bci uczyni\u0142 to polski ustawodawca, pozwoli\u0142oby zado\u015b\u0107uczyni\u0107 wszystkim poszkodowanym niepowetowan\u0105 strat\u0119 poprzez wyp\u0142at\u0119 odpowiedniej kwoty zado\u015b\u0107uczynienia, jak\u0105 niew\u0105tpliwie by\u0142a tragiczna \u015bmier\u0107 osiemnastu os\u00f3b w wypadku samochodowym. W praktyce, dostosowanie si\u0119 do unijnych wytycznych o czasie, spowodowa\u0142oby, \u017ce pieni\u0119dzy z ubezpieczenia wystarczy\u0142oby dla ka\u017cdej rodziny, kt\u00f3ra utraci\u0142a w katastrofie drogowej osob\u0119 najbli\u017csz\u0105.<\/p>\n\n\n\n<p>Poszkodowani nie z\u0142o\u017cyli broni i postanowili dochodzi\u0107 swoich praw na drodze s\u0105dowej, sk\u0142adaj\u0105c \u0142\u0105cznie 10 pozw\u00f3w przed S\u0105dem Rejonowym dla Warszawy-\u015ar\u00f3dmie\u015bcia w Warszawie, pozywaj\u0105c Skarb Pa\u0144stwa, kt\u00f3ry to pe\u0142nomocnika <a href=\"https:\/\/kancelaria-kwiecien.pl\/\" data-type=\"link\" data-id=\"https:\/\/kancelaria-kwiecien.pl\/\">adwokat Ilony Kwiecie\u0144<\/a> oraz 71 pozywaj\u0105cych os\u00f3b jest winny zaistnia\u0142emu deliktowi legislacyjnemu.<\/p>\n\n\n\n<p>sygn. akt: I C 42\/23, VI C 7\/23, VI C 2591\/22, I C 14\/23, I C 2234\/22, I C 2280\/22, I C 15\/23, VI C 2586\/22, I C 16\/23, VI C 40\/23<\/p>\n\n\n\n<p>Czytaj tak\u017ce:<\/p>\n\n\n\n<p><a href=\"https:\/\/www.odszkodowania.info.pl\/?p=3498\" data-type=\"post\" data-id=\"3498\">Skarb Pa\u0144stwa jednak zap\u0142aci odszkodowanie rodzinom ofiar wypadku pod Nowym Miastem nad Pilic\u0105 \u2013 w ko\u0144cu zapad\u0142 wyrok<\/a><\/p>\n\n\n\n<p><a href=\"https:\/\/www.odszkodowania.info.pl\/?p=3159\" data-type=\"post\" data-id=\"3159\">TSUE rozstrzygnie o odszkodowaniach za wypadek sprzed 10 lat<\/a><\/p>\n\n\n\n<p><\/p>\n","protected":false},"excerpt":{"rendered":"<p>Z ko\u0144cem 2023 roku na wokand\u0119 w S\u0105dzie Rejonowym dla Warszawy-\u015ar\u00f3dmie\u015bcia w Warszawie I Wydzia\u0142 Cywilny, trafi\u0142y sprawy zainicjowane z pow\u00f3dztwa 71 os\u00f3b przeciwko Skarbowi Pa\u0144stwa. Imponuj\u0105ca liczba os\u00f3b reprezentowanych przez adwokat Ilon\u0119 Kwiecie\u0144, to cz\u0142onkowie rodziny os\u00f3b zmar\u0142ych w tragicznym wypadku samochodowym w dniu 12 pa\u017adziernika 2010 roku pod Drzewic\u0105. To w\u0142a\u015bnie wtedy na [&hellip;]<\/p>\n","protected":false},"author":2,"featured_media":0,"comment_status":"open","ping_status":"open","sticky":false,"template":"","format":"standard","meta":{"footnotes":""},"categories":[8,45],"tags":[11,12,172,13],"class_list":["post-3876","post","type-post","status-publish","format-standard","hentry","category-aktualnosci","category-artykul-glowny","tag-marshal","tag-odszkodowanie","tag-tsue","tag-zadoscuczynienie"],"_links":{"self":[{"href":"https:\/\/www.odszkodowania.info.pl\/index.php?rest_route=\/wp\/v2\/posts\/3876","targetHints":{"allow":["GET"]}}],"collection":[{"href":"https:\/\/www.odszkodowania.info.pl\/index.php?rest_route=\/wp\/v2\/posts"}],"about":[{"href":"https:\/\/www.odszkodowania.info.pl\/index.php?rest_route=\/wp\/v2\/types\/post"}],"author":[{"embeddable":true,"href":"https:\/\/www.odszkodowania.info.pl\/index.php?rest_route=\/wp\/v2\/users\/2"}],"replies":[{"embeddable":true,"href":"https:\/\/www.odszkodowania.info.pl\/index.php?rest_route=%2Fwp%2Fv2%2Fcomments&post=3876"}],"version-history":[{"count":2,"href":"https:\/\/www.odszkodowania.info.pl\/index.php?rest_route=\/wp\/v2\/posts\/3876\/revisions"}],"predecessor-version":[{"id":3879,"href":"https:\/\/www.odszkodowania.info.pl\/index.php?rest_route=\/wp\/v2\/posts\/3876\/revisions\/3879"}],"wp:attachment":[{"href":"https:\/\/www.odszkodowania.info.pl\/index.php?rest_route=%2Fwp%2Fv2%2Fmedia&parent=3876"}],"wp:term":[{"taxonomy":"category","embeddable":true,"href":"https:\/\/www.odszkodowania.info.pl\/index.php?rest_route=%2Fwp%2Fv2%2Fcategories&post=3876"},{"taxonomy":"post_tag","embeddable":true,"href":"https:\/\/www.odszkodowania.info.pl\/index.php?rest_route=%2Fwp%2Fv2%2Ftags&post=3876"}],"curies":[{"name":"wp","href":"https:\/\/api.w.org\/{rel}","templated":true}]}}