{"id":39,"date":"2009-02-16T12:41:31","date_gmt":"2009-02-16T11:41:31","guid":{"rendered":"http:\/\/www.odszkodowania.info.pl\/?p=39"},"modified":"2009-02-16T12:41:31","modified_gmt":"2009-02-16T11:41:31","slug":"ubezpieczenia-do-remontu","status":"publish","type":"post","link":"https:\/\/www.odszkodowania.info.pl\/?p=39","title":{"rendered":"Ubezpieczenia do remontu"},"content":{"rendered":"<div id=\"artykul\">&#8211; Dystans, jaki dzieli polski rynek ubezpieczeniowy od europejskiego jest wci\u0105\u017c du\u017cy, ale to tylko \u015bwiadczy o jego ogromnych mo\u017cliwo\u015bciach &#8211; m\u00f3wi\u0142 wczoraj w Sejmie pose\u0142 J\u00f3zef Zych (PSL), zast\u0119pca przewodnicz\u0105cego sejmowej komisji nadzwyczajnej do spraw zmian w kodyfikacjach. To ona ma przygotowa\u0107 zmiany w <a class=\"\u00a0\" href=\"http:\/\/gospodarka.gazeta.pl\/pieniadze\/0,52984.html\">ubezpieczeniach<\/a>.<\/p>\n<p>W pierwszej kolejno\u015bci &#8211; zdaniem ubezpieczycieli &#8211; Sejm powinien si\u0119 zaj\u0105\u0107 Indywidualnymi Kontami Emerytalnymi. Dzisiaj w IKE odk\u0142ada jedynie 873 tys. Polak\u00f3w. W sumie od\u0142o\u017cyli tam jedynie 1,73 mld z\u0142.<\/p>\n<div>\n<div id=\"banP62\"><script type=\"text\/javascript\">putBan(62);<\/script><\/div>\n<\/div>\n<p>Skoro Polak\u00f3w nie przekonuje to, \u017ce <a class=\"\u00a0\" href=\"http:\/\/gospodarka.gazeta.pl\/pieniadze\/0,29570.html\">emerytury<\/a> z I i II filara b\u0119d\u0105 niskie (ok. 50-60 proc. ostatniej pensji), rz\u0105d postanowi\u0142 ich do dodatkowego oszcz\u0119dzania na staro\u015b\u0107 zach\u0119ci\u0107. W ubieg\u0142ym miesi\u0105cu Sejm zwi\u0119kszy\u0142 m.in. limit wp\u0142at na IKE zwolniony z podatku Belki (z 4 tys. wzr\u00f3s\u0142 do 9 tys. z\u0142 rocznie) i pozwoli\u0142 na wyp\u0142acanie cz\u0119\u015bci oszcz\u0119dno\u015bci przed przej\u015bciem na emerytur\u0119.<\/p>\n<p>&#8211; Podniesienie limitu wp\u0142at na IKE nie jest wystarczaj\u0105c\u0105 zach\u0119t\u0105. Nie zach\u0119ci os\u00f3b o ni\u017cszych dochodach, bo one i tak nie wykorzystuj\u0105 dzisiejszych limit\u00f3w &#8211; m\u00f3wi Andrzej Maci\u0105\u017cek z zarz\u0105du Polskiej Izby Ubezpiecze\u0144.<\/p>\n<p>Ubezpieczyciele obawiaj\u0105 si\u0119 te\u017c, \u017ce mo\u017cliwo\u015bci wyp\u0142aty cz\u0119\u015bci \u015brodk\u00f3w z <a class=\"\u00a0\" href=\"http:\/\/gospodarka.gazeta.pl\/pieniadze\/0,29508.html\">konta<\/a> emerytalnego doprowadzi do nadu\u017cy\u0107. Proponuj\u0105 stworzenie katalogu przypadk\u00f3w, w kt\u00f3rych cz\u0119\u015bciowe wycofanie oszcz\u0119dno\u015bci z IKE by\u0142oby dopuszczalne.<\/p>\n<p>\u017beby zach\u0119ci\u0107 do dodatkowego odk\u0142adania na emerytur\u0119, firmy ubezpieczeniowe chc\u0105 wprowadzenia ulgi podatkowej dla os\u00f3b oszcz\u0119dzaj\u0105cych w IKE. Innym mo\u017cliwym rozwi\u0105zaniem by\u0142oby opodatkowanie \u015bwiadcze\u0144 z IKE, a nie samych sk\u0142adek, jak to ma miejsce dzisiaj. Tak ju\u017c jest w przypadku I i II filara emerytalnego.<\/p>\n<p>Zmiany czekaj\u0105 te\u017c <a class=\"\u00a0\" href=\"http:\/\/gospodarka.gazeta.pl\/pieniadze\/0,52984.html\">ubezpieczenia<\/a> rolnik\u00f3w. Ju\u017c dzisiaj ka\u017cdy, kto korzysta z unijnych dop\u0142at, musi ubezpieczy\u0107 swoje uprawy i co najmniej po\u0142ow\u0119 uprawianej ziemi. Mimo \u017ce do sk\u0142adek dop\u0142aca pa\u0144stwo, mniej ni\u017c 2 proc. rolnik\u00f3w wykupuje polisy. Pozosta\u0142ym w razie kontroli grozi kara w wysoko\u015bci 2 euro od ka\u017cdego hektara. Jednak i one nie s\u0105 egzekwowane.<\/p>\n<p>&#8211; Jak si\u0119 wprowadza obowi\u0105zkowe ubezpieczenia, trzeba bra\u0107 pod uwag\u0119 mo\u017cliwo\u015bci rolnik\u00f3w &#8211; m\u00f3wi Zych. Jego zdaniem tylko wi\u0119kszy udzia\u0142 pa\u0144stwa w wyp\u0142acie odszkodowa\u0144 m\u00f3g\u0142by ich przekona\u0107 do kupowania polis.<\/p>\n<p>Kolejn\u0105 pal\u0105c\u0105 kwesti\u0105, kt\u00f3r\u0105 b\u0119d\u0105 musieli zaj\u0105\u0107 si\u0119 pos\u0142owie, jest stworzenie systemu zapobiegania skutkom kl\u0119sk \u017cywio\u0142owych. Propozycje s\u0105 dwie &#8211; obowi\u0105zkowe <a class=\"\u00a0\" href=\"http:\/\/gospodarka.gazeta.pl\/pieniadze\/0,52984.html\">ubezpieczenie<\/a> od powodzi i huraganu oraz utworzenie pa\u0144stwowego Funduszu Katastroficznego. Mia\u0142by on wyp\u0142aca\u0107 odszkodowania, w sytuacji gdy straty przekroczy\u0142yby pewien zapisany w ustawie poziom.<\/div>\n<div id=\"source\"><span>\u0179r\u00f3d\u0142o: <\/span>Gazeta Wyborcza<\/div>\n<div><\/div>\n","protected":false},"excerpt":{"rendered":"<p>Sejm szykuje zmiany w ubezpieczeniach. &#8211; Na pierwszy ogie\u0144 powinny p\u00f3j\u015b\u0107 polisy emerytalne, rolnicze i od kl\u0119sk \u017cywio\u0142owych &#8211; m\u00f3wi\u0105 zgodnie firmy ubezpieczeniowe <\/p>\n","protected":false},"author":2,"featured_media":0,"comment_status":"open","ping_status":"open","sticky":false,"template":"","format":"standard","meta":{"footnotes":""},"categories":[8],"tags":[12],"class_list":["post-39","post","type-post","status-publish","format-standard","hentry","category-aktualnosci","tag-odszkodowanie"],"_links":{"self":[{"href":"https:\/\/www.odszkodowania.info.pl\/index.php?rest_route=\/wp\/v2\/posts\/39","targetHints":{"allow":["GET"]}}],"collection":[{"href":"https:\/\/www.odszkodowania.info.pl\/index.php?rest_route=\/wp\/v2\/posts"}],"about":[{"href":"https:\/\/www.odszkodowania.info.pl\/index.php?rest_route=\/wp\/v2\/types\/post"}],"author":[{"embeddable":true,"href":"https:\/\/www.odszkodowania.info.pl\/index.php?rest_route=\/wp\/v2\/users\/2"}],"replies":[{"embeddable":true,"href":"https:\/\/www.odszkodowania.info.pl\/index.php?rest_route=%2Fwp%2Fv2%2Fcomments&post=39"}],"version-history":[{"count":2,"href":"https:\/\/www.odszkodowania.info.pl\/index.php?rest_route=\/wp\/v2\/posts\/39\/revisions"}],"predecessor-version":[{"id":41,"href":"https:\/\/www.odszkodowania.info.pl\/index.php?rest_route=\/wp\/v2\/posts\/39\/revisions\/41"}],"wp:attachment":[{"href":"https:\/\/www.odszkodowania.info.pl\/index.php?rest_route=%2Fwp%2Fv2%2Fmedia&parent=39"}],"wp:term":[{"taxonomy":"category","embeddable":true,"href":"https:\/\/www.odszkodowania.info.pl\/index.php?rest_route=%2Fwp%2Fv2%2Fcategories&post=39"},{"taxonomy":"post_tag","embeddable":true,"href":"https:\/\/www.odszkodowania.info.pl\/index.php?rest_route=%2Fwp%2Fv2%2Ftags&post=39"}],"curies":[{"name":"wp","href":"https:\/\/api.w.org\/{rel}","templated":true}]}}