{"id":3921,"date":"2024-04-16T22:10:34","date_gmt":"2024-04-16T21:10:34","guid":{"rendered":"https:\/\/www.odszkodowania.info.pl\/?p=3921"},"modified":"2024-04-16T22:10:35","modified_gmt":"2024-04-16T21:10:35","slug":"zazadala-odszkodowania-od-miasta-w-odpowiedzi-dostala-3-mln-zl-kary","status":"publish","type":"post","link":"https:\/\/www.odszkodowania.info.pl\/?p=3921","title":{"rendered":"Za\u017c\u0105da\u0142a odszkodowania od miasta. W odpowiedzi dosta\u0142a 3 mln z\u0142 kary"},"content":{"rendered":"\n<p>Pani Iwona wyst\u0105pi\u0142a do w\u0142adz \u0141odzi o odszkodowanie za zniszczone podczas budowy kanalizacji ogrodzenie. \u017b\u0105da\u0142a 34 tys. z\u0142. W odpowiedzi dosta\u0142a pismo z informacj\u0105, \u017ce parkan od lat stoi w pasie drogowym i na\u0142o\u017cono na ni\u0105 kar\u0119. Kwota szokuje. To ponad 3 mln z\u0142. Materia\u0142 &#8222;Interwencji&#8221;.<\/p>\n\n\n\n<p>Pani Iwona mieszka na rogatkach \u0141odzi. Trzy lata temu miasto budowa\u0142o kanalizacj\u0119 w jej okolicy. Po zako\u0144czeniu rob\u00f3t przed jej domem na drog\u0119 wysypano kruszywo. To doprowadzi\u0142o do licznych uszkodze\u0144 ogrodzenia z klinkieru. Kobieta za\u017c\u0105da\u0142a od urz\u0119dnik\u00f3w rekompensaty za czyszczenie i napraw\u0119 p\u0142otu.<\/p>\n\n\n\n<p>&#8211; By\u0142y ka\u0142u\u017ce, glina i samochody pryska\u0142y p\u0142ot, dochodzi\u0142o do uszkodze\u0144. Kamienie wypryskiwa\u0142y spod k\u00f3\u0142. Za czyszczenie i renowacj\u0119 zap\u0142aci\u0142am 34 tysi\u0105ce z\u0142. Pisali\u015bmy kilkukrotnie pisma do Zarz\u0105du Dr\u00f3g o zmian\u0119 nawierzchni drogi, bez \u017cadnego efektu &#8211; opowiada Iwona Owczarek.<\/p>\n\n\n\n<p>&#8211; P\u0142ot w tym miejscu stoi od 70 lat, co pani pi\u0119knie ma udokumentowane zdj\u0119ciami rodzinnymi nie\u017cyj\u0105cego m\u0119\u017ca, dziadka, te\u015bcia, pradziadka &#8211; m\u00f3wi Liliana Bogusiak-J\u00f3\u017awiak, dziennikarka &#8222;Expressu Ilustrowanego&#8221; w \u0141odzi.<\/p>\n\n\n\n<p>&#8211; Na pocz\u0105tku by\u0142 drewniany plot, potem ogrodzenie z siatki, nast\u0119pnie by\u0142y s\u0142upki wylewane i prz\u0119s\u0142a, a od 2003 roku jest ogrodzenie klinkierowe &#8211; dodaje Iwona Owczarek.<\/p>\n\n\n\n<p><strong>Za\u017c\u0105da\u0142a odszkodowania od miasta \u0141\u00f3d\u017a. W odpowiedzi dosta\u0142a 3 mln z\u0142 kary<\/strong><\/p>\n\n\n\n<p>Zarz\u0105d Dr\u00f3g i Transportu Urz\u0119du Miasta \u0141odzi, kt\u00f3ry otrzyma\u0142 faktur\u0119, zamiast pochyli\u0107 si\u0119 nad problemem, oskar\u017cy\u0142 w\u0142a\u015bcicielk\u0119 ogrodzenia, \u017ce stoi ono cz\u0119\u015bciowo w pasie drogowym. I za\u017c\u0105da\u0142 od niej kary: 3 milion\u00f3w 62 tysi\u0119cy z\u0142otych.<\/p>\n\n\n\n<p>&#8211; Budowa\u0142y si\u0119 wok\u00f3\u0142 osiedla i na wszystkich mapach ten p\u0142ot by\u0142 naniesiony, ka\u017cdy urz\u0119dnik wiedzia\u0142 o jego przebiegu i istnieniu. Nag\u0142a decyzja i kara jest kuriozalna. Kara ponad 3 miliony z\u0142otych ma charakter represyjny. Urz\u0105d kwestionuje zaj\u0119cie 35 metr\u00f3w kwadratowych. Nale\u017cy to podzieli\u0107 na d\u0142ugo\u015b\u0107 ogrodzenia i wtedy wyjdzie zaj\u0119ta d\u0142ugo\u015b\u0107. To s\u0105 centymetry &#8211; uwa\u017ca Rafa\u0142 Purtak, specjalista prawa budowlanego.<\/p>\n\n\n\n<p>&#8211; Mimo \u017ce by\u0142a robiona kanalizacja, o\u015bwietlenie drogi, geodeci mierzyli, nikt nie zwr\u00f3ci\u0142 uwagi, \u017ce p\u0142ot nie stoi prawid\u0142owo &#8211; argumentuje pani Iwona.<\/p>\n\n\n\n<p>&#8211; Mieszkam tu 75 lat, tu si\u0119 urodzi\u0142am i tu mieszkam, ten p\u0142ot by\u0142 drewniany, sta\u0142 d\u0142ugo i stoi. On zawsze by\u0142 w tym samym miejscu, zawsze tak sta\u0142 i stoi &#8211; zaznacza s\u0105siadka Daniela Krupa.<\/p>\n\n\n\n<p>Ekipa &#8222;Interwencji&#8221; rozmawia\u0142a z rzecznikiem Zarz\u0105du Dr\u00f3g i Transportu:<\/p>\n\n\n\n<p>Reporter: W tym miejscu ogrodzenie by\u0142o od 70 lat.<\/p>\n\n\n\n<p>Tomasz Andrzejewski, rzecznik Zarz\u0105du Dr\u00f3g i Transportu w \u0141odzi: Bardzo mo\u017cliwe, \u017ce ono w pasie drogi znajduje si\u0119 tyle czasu.<\/p>\n\n\n\n<p>Reporter: Jak to mo\u017cliwe, \u017ce nie wiedzieli\u015bcie przez tyle lat, \u017ce ogrodzenie jest w pasie drogowym?<\/p>\n\n\n\n<p>Rzecznik: Nie weryfikowali\u015bmy tego. Nie by\u0142o takiej potrzeby.<\/p>\n\n\n\n<p>Reporter: Sk\u0105d taka kwota kary?<\/p>\n\n\n\n<p>Rzecznik: Kwota wynika z okresu pi\u0119ciu lat, na kt\u00f3ry wstecz mo\u017cna nak\u0142ada\u0107 op\u0142aty za zaj\u0119cie pasa drogowego oraz za przestrze\u0144.<\/p>\n\n\n\n<p>Reporter: Uwa\u017ca pan, \u017ce urz\u0119dnicy zachowali si\u0119 przyzwoicie w tej sprawie?<\/p>\n\n\n\n<p>Rzecznik: Zachowali\u015bmy si\u0119 zgodnie z obowi\u0105zuj\u0105cymi przepisami.<\/p>\n\n\n\n<p><strong>Urz\u0119dnicy na\u0142o\u017cyli 3 mln z\u0142 kary za \u017ale postawione ogrodzenie<\/strong><\/p>\n\n\n\n<p>&#8211; Przepisy ustawy o drogach publicznych wyra\u017anie wskazuj\u0105 na to, \u017ce w sytuacji kiedy jaki\u015b obiekt zlokalizowany jest w drodze publicznej, ale by\u0142 zlokalizowany, zanim ustawa wesz\u0142a w \u017cycie, czyli przed latami osiemdziesi\u0105tymi, to mo\u017ce pozosta\u0107 i nie ma podstaw do tego, aby na w\u0142a\u015bciciela nak\u0142ada\u0107 kar\u0119 &#8211; m\u00f3wi Marta Krajewska, radca prawny, pe\u0142nomocnik pani Iwony.<\/p>\n\n\n\n<p>Sprawa o zwrot pieni\u0119dzy za napraw\u0119 i czyszczenie uszkodzonego ogrodzenia trafi\u0142a do \u0142\u00f3dzkiego s\u0105du i czeka na opini\u0119 bieg\u0142ego. Pani Iwona zaskar\u017cy\u0142a r\u00f3wnie\u017c decyzj\u0119 urz\u0119dnik\u00f3w nak\u0142adaj\u0105c\u0105 na ni\u0105 kar\u0119 ponad trzech milion\u00f3w z\u0142otych do Samorz\u0105dowego Kolegium Odwo\u0142awczego.<\/p>\n\n\n\n<p>&#8211; Sk\u0142ad orzekaj\u0105cy orzek\u0142 o uchyleniu decyzji pierwszej instancji i przekazaniu sprawy do ponownego rozpoznania sprawy. Nie by\u0142o wystarczaj\u0105cych dowod\u00f3w, nie by\u0142o stuprocentowej pewno\u015bci, \u017ce mamy do czynienia z zaj\u0119ciem pasa drogowego bez zezwolenia &#8211; informuje Marek Wo\u017aniak, prezes Samorz\u0105dowego Kolegium Odwo\u0142awczego w \u0141odzi.<\/p>\n\n\n\n<p>&#8211; Nie jestem w stanie zap\u0142aci\u0107 kary trzech milion\u00f3w. Urz\u0105d powinien si\u0119 zastanowi\u0107, jakie kary wydaje. Wed\u0142ug mnie to arogancja i z\u0142e podej\u015bcie do ludzi &#8211; ocenia Iwona Owczarek.<\/p>\n\n\n\n<p>polstatnews.pl<\/p>\n","protected":false},"excerpt":{"rendered":"<p>Pani Iwona wyst\u0105pi\u0142a do w\u0142adz \u0141odzi o odszkodowanie za zniszczone podczas budowy kanalizacji ogrodzenie. \u017b\u0105da\u0142a 34 tys. z\u0142. W odpowiedzi dosta\u0142a pismo z informacj\u0105, \u017ce parkan od lat stoi w pasie drogowym i na\u0142o\u017cono na ni\u0105 kar\u0119. Kwota szokuje. To ponad 3 mln z\u0142. Materia\u0142 &#8222;Interwencji&#8221;. Pani Iwona mieszka na rogatkach \u0141odzi. Trzy lata temu [&hellip;]<\/p>\n","protected":false},"author":2,"featured_media":0,"comment_status":"open","ping_status":"open","sticky":false,"template":"","format":"standard","meta":{"footnotes":""},"categories":[8],"tags":[12],"class_list":["post-3921","post","type-post","status-publish","format-standard","hentry","category-aktualnosci","tag-odszkodowanie"],"_links":{"self":[{"href":"https:\/\/www.odszkodowania.info.pl\/index.php?rest_route=\/wp\/v2\/posts\/3921","targetHints":{"allow":["GET"]}}],"collection":[{"href":"https:\/\/www.odszkodowania.info.pl\/index.php?rest_route=\/wp\/v2\/posts"}],"about":[{"href":"https:\/\/www.odszkodowania.info.pl\/index.php?rest_route=\/wp\/v2\/types\/post"}],"author":[{"embeddable":true,"href":"https:\/\/www.odszkodowania.info.pl\/index.php?rest_route=\/wp\/v2\/users\/2"}],"replies":[{"embeddable":true,"href":"https:\/\/www.odszkodowania.info.pl\/index.php?rest_route=%2Fwp%2Fv2%2Fcomments&post=3921"}],"version-history":[{"count":1,"href":"https:\/\/www.odszkodowania.info.pl\/index.php?rest_route=\/wp\/v2\/posts\/3921\/revisions"}],"predecessor-version":[{"id":3922,"href":"https:\/\/www.odszkodowania.info.pl\/index.php?rest_route=\/wp\/v2\/posts\/3921\/revisions\/3922"}],"wp:attachment":[{"href":"https:\/\/www.odszkodowania.info.pl\/index.php?rest_route=%2Fwp%2Fv2%2Fmedia&parent=3921"}],"wp:term":[{"taxonomy":"category","embeddable":true,"href":"https:\/\/www.odszkodowania.info.pl\/index.php?rest_route=%2Fwp%2Fv2%2Fcategories&post=3921"},{"taxonomy":"post_tag","embeddable":true,"href":"https:\/\/www.odszkodowania.info.pl\/index.php?rest_route=%2Fwp%2Fv2%2Ftags&post=3921"}],"curies":[{"name":"wp","href":"https:\/\/api.w.org\/{rel}","templated":true}]}}