{"id":3933,"date":"2024-05-11T11:22:53","date_gmt":"2024-05-11T10:22:53","guid":{"rendered":"https:\/\/www.odszkodowania.info.pl\/?p=3933"},"modified":"2024-05-11T11:22:54","modified_gmt":"2024-05-11T10:22:54","slug":"uniewinniony-nie-dostanie-odszkodowania-za-lata-procesu-sprawa-komornika-z-mlawy","status":"publish","type":"post","link":"https:\/\/www.odszkodowania.info.pl\/?p=3933","title":{"rendered":"Uniewinniony, nie dostanie odszkodowania za lata procesu. Sprawa komornika z M\u0142awy"},"content":{"rendered":"\n<p>Uniewinniony prawomocnie komornik z M\u0142awy nie dostanie odszkodowania za dziewi\u0119\u0107 lat trwaj\u0105cego procesu.<\/p>\n\n\n\n<p>Przepisy prawa karnego przewiduj\u0105 mo\u017cliwo\u015b\u0107 domagania si\u0119 odszkodowania od Skarbu Pa\u0144stwa za nies\u0142uszne oskar\u017cenie. Ale tylko je\u015bli w toku procesu oskar\u017cony zosta\u0142 pozbawiony wolno\u015bci (np. tymczasowo aresztowany lub zatrzymany). Tak w\u0142a\u015bnie sta\u0142o si\u0119 np. w sprawie by\u0142ego prezydenta Olsztyna, Czes\u0142awa Ma\u0142kowskiego. Ale ju\u017c nie Jerzego Berdygi (zgodzi\u0142 si\u0119 na podanie imienia i nazwiska \u2013 red), komornika z M\u0142awy, w kt\u00f3rego sprawie interweniowa\u0142 w 2019 r. jako \u00f3wczesny RPO prof. Adam Bodnar.<\/p>\n\n\n\n<p><strong>D\u0142ugie procesy i strata dla uniewinnionych. Przepisy do zmiany<\/strong><\/p>\n\n\n\n<p>Ta nier\u00f3wno\u015b\u0107 wobec prawa dotyka wiele os\u00f3b uniewinnionych po latach proces\u00f3w. Adam Bodnar, obecnie minister sprawiedliwo\u015bci, mo\u017ce to z\u0142e prawo zmieni\u0107.<\/p>\n\n\n\n<p>Prawomocny wyrok zapad\u0142 w Warszawskim S\u0105dzie Okr\u0119gowym po dziewi\u0119ciu latach. Przez cztery z nich Jerzy Berdyga by\u0142 bez pracy. Prezes warszawskiego S\u0105du Apelacyjnego sprzeciwi\u0142 si\u0119 bowiem podj\u0119ciu przez oskar\u017conego innego (ni\u017c dot\u0105d wykonywane) zaj\u0119cia czy zatrudnienia. Nie m\u00f3g\u0142 wi\u0119c on zarabia\u0107 nawet jako pracownik fizyczny.<\/p>\n\n\n\n<p>\u2014 Zarzuty postawiono mi w roku 2003. Akt oskar\u017cenia by\u0142 dwa lata p\u00f3\u017aniej. S\u0105d Rejonowy dla Warszawy-Mokotowa skaza\u0142 mnie w 2011 r., a S\u0105d Okr\u0119gowy te\u017c w Warszawie mnie ca\u0142kowicie uniewinni\u0142 25 stycznia 2012 r. By\u0142em kilka lat zawieszony. Zar\u00f3wno przez samorz\u0105d komorniczy, jak i przez ministra sprawiedliwo\u015bci \u2014 opowiada Jerzy Berdyga.<\/p>\n\n\n\n<p>\u2014 Przez te wszystkie lata Jerzy Berdyga by\u0142 traktowany w lokalnym \u015brodowisku jak przest\u0119pca. Klienci stracili do niego zaufanie. Ma to szczeg\u00f3lne znaczenie w przypadku niewielkiego miasta, jakim jest M\u0142awa, gdzie w powszechnej \u015bwiadomo\u015bci pozostaje fakt oskar\u017cenia o przest\u0119pstwo. A kiedy po latach w ko\u0144cu pan Berdyga zosta\u0142 oczyszczony ze wszystkich zarzut\u00f3w i uniewinniony, to ma\u0142o kto ju\u017c na to zwr\u00f3ci\u0142 uwag\u0119 \u2014 podkre\u015bla z rozmowie z \u201eRzeczpospolit\u0105\u201d mecenas Lech Obara, pe\u0142nomocnik Jerzego Berdygi.<\/p>\n\n\n\n<p>Profesor Bodnar skierowa\u0142 do \u00f3wczesnego ministra sprawiedliwo\u015bci Zbigniewa Ziobry apel o zmian\u0119 przepis\u00f3w uprawniaj\u0105cych do dochodzenia odszkodowania za szkody spowodowane nies\u0142usznym oskar\u017ceniem. Zwr\u00f3ci\u0142 w nim uwag\u0119, \u017ce w \u015bwietle obowi\u0105zuj\u0105cego w Polsce prawa \u201ebrak jest praktycznej mo\u017cliwo\u015bci uzyskania odszkodowania i zado\u015b\u0107uczynienia w przypadku nieuzasadnionego oskar\u017cenia\u201d, co stanowi luk\u0119 prawn\u0105 \u201eniedaj\u0105c\u0105 si\u0119 pogodzi\u0107 z art. 77 (Prawo do wynagrodzenia szkody) Konstytucji RP\u201d. Uniewinnieni, kt\u00f3rzy nie znale\u017ali si\u0119 w toku procesu \u201eza kratami\u201d, nie maj\u0105 dzi\u015b w Polsce prawa do odszkodowania.<\/p>\n\n\n\n<p><strong>Sprawa komornika Berdygi. Nadgorliwo\u015b\u0107 prokuratora<\/strong><\/p>\n\n\n\n<p>Kancelaria mec. Lecha Obary w Olsztynie w imieniu Jerzego Berdygi wytoczy\u0142a wi\u0119c proces cywilny przeciwko Skarbowi Pa\u0144stwa o odszkodowanie. Domaga si\u0119 ok. 850 tys. z\u0142otych. Lech Obara zwraca uwag\u0119, \u017ce w sprawie m\u0142awskiego komornika prokurator wykaza\u0142 si\u0119 \u201enadzwyczajn\u0105 gorliwo\u015bci\u0105\u201d.<\/p>\n\n\n\n<p>\u2014 Oceniamy to jako \u201ed\u0105\u017cenie do skazania za wszelk\u0105 cen\u0119, wbrew okoliczno\u015bciom, jakie pojawiaj\u0105 si\u0119 w sprawie i kt\u00f3re przemawiaj\u0105 za tym, \u017ce znamiona przest\u0119pstwa w danej sprawie jednak si\u0119 nie zrealizowa\u0142y. Takie prowadzenie procesu uzna\u0107 nale\u017cy za bezprawne \u2014 podkre\u015bla Lech Obara.<br>Inicjatywa legislacyjna: Bodnar wyst\u0119powa\u0142 do parlamentu<\/p>\n\n\n\n<p>W 2020 r. prof. Adam Bodnar wyst\u0105pi\u0142 do senackiej Komisji Ustawodawczej o odpowiedni\u0105 inicjatyw\u0119 legislacyjn\u0105. Zdaniem \u00f3wczesnego rzecznika, dzi\u015b ministra sprawiedliwo\u015bci, zasadne by\u0142oby zastosowanie jednakowych standard\u00f3w odpowiedzialno\u015bci Skarbu Pa\u0144stwa i w kodeksie post\u0119powania karnego, i w kodeksie cywilnym. W obu tych regulacjach powinny si\u0119 one opiera\u0107 na standardzie \u201enies\u0142uszno\u015bci wyroku\u201d.<\/p>\n\n\n\n<p>\u2014 Dzi\u015b pojawia si\u0119 ogromna szansa, by prof. Adam Bodnar jako minister sprawiedliwo\u015bci m\u00f3g\u0142 zrealizowa\u0107 postulaty, o kt\u00f3re walczy\u0142 jako rzecznik praw obywatelskich \u2014 podkre\u015bla radca prawny Szymon Topa z olszty\u0144skiej kancelarii.<\/p>\n\n\n\n<p>Interpelacj\u0119 w tej sprawie na wniosek Centrum Praw Wykluczonych Stowarzyszenia Patria Nostra z\u0142o\u017cy\u0142 16 kwietnia pose\u0142 KO Stanis\u0142aw Gorczyca.<\/p>\n\n\n\n<p>rp.pl<\/p>\n","protected":false},"excerpt":{"rendered":"<p>Uniewinniony prawomocnie komornik z M\u0142awy nie dostanie odszkodowania za dziewi\u0119\u0107 lat trwaj\u0105cego procesu. Przepisy prawa karnego przewiduj\u0105 mo\u017cliwo\u015b\u0107 domagania si\u0119 odszkodowania od Skarbu Pa\u0144stwa za nies\u0142uszne oskar\u017cenie. Ale tylko je\u015bli w toku procesu oskar\u017cony zosta\u0142 pozbawiony wolno\u015bci (np. tymczasowo aresztowany lub zatrzymany). Tak w\u0142a\u015bnie sta\u0142o si\u0119 np. w sprawie by\u0142ego prezydenta Olsztyna, Czes\u0142awa Ma\u0142kowskiego. Ale [&hellip;]<\/p>\n","protected":false},"author":2,"featured_media":0,"comment_status":"open","ping_status":"open","sticky":false,"template":"","format":"standard","meta":{"footnotes":""},"categories":[8],"tags":[211,12,13],"class_list":["post-3933","post","type-post","status-publish","format-standard","hentry","category-aktualnosci","tag-komornik","tag-odszkodowanie","tag-zadoscuczynienie"],"_links":{"self":[{"href":"https:\/\/www.odszkodowania.info.pl\/index.php?rest_route=\/wp\/v2\/posts\/3933","targetHints":{"allow":["GET"]}}],"collection":[{"href":"https:\/\/www.odszkodowania.info.pl\/index.php?rest_route=\/wp\/v2\/posts"}],"about":[{"href":"https:\/\/www.odszkodowania.info.pl\/index.php?rest_route=\/wp\/v2\/types\/post"}],"author":[{"embeddable":true,"href":"https:\/\/www.odszkodowania.info.pl\/index.php?rest_route=\/wp\/v2\/users\/2"}],"replies":[{"embeddable":true,"href":"https:\/\/www.odszkodowania.info.pl\/index.php?rest_route=%2Fwp%2Fv2%2Fcomments&post=3933"}],"version-history":[{"count":1,"href":"https:\/\/www.odszkodowania.info.pl\/index.php?rest_route=\/wp\/v2\/posts\/3933\/revisions"}],"predecessor-version":[{"id":3934,"href":"https:\/\/www.odszkodowania.info.pl\/index.php?rest_route=\/wp\/v2\/posts\/3933\/revisions\/3934"}],"wp:attachment":[{"href":"https:\/\/www.odszkodowania.info.pl\/index.php?rest_route=%2Fwp%2Fv2%2Fmedia&parent=3933"}],"wp:term":[{"taxonomy":"category","embeddable":true,"href":"https:\/\/www.odszkodowania.info.pl\/index.php?rest_route=%2Fwp%2Fv2%2Fcategories&post=3933"},{"taxonomy":"post_tag","embeddable":true,"href":"https:\/\/www.odszkodowania.info.pl\/index.php?rest_route=%2Fwp%2Fv2%2Ftags&post=3933"}],"curies":[{"name":"wp","href":"https:\/\/api.w.org\/{rel}","templated":true}]}}