{"id":3950,"date":"2024-06-11T09:46:32","date_gmt":"2024-06-11T08:46:32","guid":{"rendered":"https:\/\/www.odszkodowania.info.pl\/?p=3950"},"modified":"2024-06-11T09:46:34","modified_gmt":"2024-06-11T08:46:34","slug":"23-miliony-zlotych-zadoscuczynienia-za-23-lata-niewolniczej-pracy-na-fermie-w-lisowicach","status":"publish","type":"post","link":"https:\/\/www.odszkodowania.info.pl\/?p=3950","title":{"rendered":"23 miliony z\u0142otych zado\u015b\u0107uczynienia za 23 lata niewolniczej pracy na fermie w Lisowicach"},"content":{"rendered":"\n<p>Jak podaje lca.pl, pe\u0142nomocnik Miko\u0142aja Jerofiejewa domaga si\u0119 23 milion\u00f3w z\u0142otych odszkodowania za 23 lata przymusowego pobytu na fermie drobiu u ma\u0142\u017ce\u0144stwa Alicji i Jana \u015a. Prokurator \u017c\u0105da sze\u015bciu lat pozbawienia wolno\u015bci dla oskar\u017conej, natomiast obro\u0144ca Alicji \u015a. wnioskuje o jej ca\u0142kowite uniewinnienie, nazywaj\u0105c akt oskar\u017cenia ba\u015bniow\u0105 histori\u0105. W poniedzia\u0142ek 10 czerwca Kazimierz Le\u017cak, s\u0119dzia S\u0105du Okr\u0119gowego w Legnicy, zamkn\u0105\u0142 przew\u00f3d s\u0105dowy, a strony wyg\u0142osi\u0142y mowy ko\u0144cowe. Wyrok zostanie og\u0142oszony za dwa tygodnie.<\/p>\n\n\n\n<p>Jak informuje lca.pl, prokurator Mariusz Kluczy\u0144ski stwierdzi\u0142, \u017ce dowody w tej sprawie jednoznacznie wskazuj\u0105 na handel lud\u017ami. Opisa\u0142 handel lud\u017ami jako przechowywanie, przyj\u0119cie i wykorzystywanie cz\u0142owieka z u\u017cyciem przemocy i gr\u00f3\u017ab bezprawnych. Kluczy\u0144ski podkre\u015bli\u0142, \u017ce Jerofiejew, pozbawiony dokument\u00f3w, funkcjonowa\u0142 na fermie drobiu bez podstawowych praw i by\u0142 wykorzystywany do pracy przymusowej. Prokurator wni\u00f3s\u0142 o sze\u015b\u0107 lat pozbawienia wolno\u015bci dla Alicji \u015a. oraz 100 tysi\u0119cy z\u0142otych zado\u015b\u0107uczynienia dla pokrzywdzonego.<\/p>\n\n\n\n<p>Pe\u0142nomocnik poszkodowanego, Dominik G\u00f3ra, \u017c\u0105da\u0142 23 milion\u00f3w z\u0142otych zado\u015b\u0107uczynienia za 23 lata pobytu na fermie oraz 344 tys. 537 z\u0142 odszkodowania za utracony doch\u00f3d. Jak podaje lca.pl, G\u00f3ra zaznaczy\u0142, \u017ce w XXI wieku omawianie takiej sprawy jest przera\u017caj\u0105ce i por\u00f3wna\u0142 j\u0105 do niewolnictwa. G\u00f3ra argumentowa\u0142, \u017ce Jerofiejew zosta\u0142 zwabiony na ferm\u0119 obietnic\u0105 wynagrodzenia i darmowego utrzymania, po czym by\u0142 wykorzystywany do ci\u0119\u017ckiej pracy.<\/p>\n\n\n\n<p>Obro\u0144ca Alicji \u015a., Marcin Harasimowicz, odwo\u0142a\u0142 si\u0119 do s\u0142ownika j\u0119zyka polskiego, by podwa\u017cy\u0107 zarzuty przechowywania pokrzywdzonego. Jak informuje lca.pl, Harasimowicz twierdzi\u0142, \u017ce Jerofiejew m\u00f3g\u0142 porusza\u0107 si\u0119 swobodnie i nie by\u0142 uprowadzony ani ukrywany. Zakwestionowa\u0142 r\u00f3wnie\u017c podstaw\u0119 prawn\u0105 zarzutu handlu lud\u017ami, podkre\u015blaj\u0105c, \u017ce przepis ten pojawi\u0142 si\u0119 w kodeksie karnym dopiero w 2010 roku. Obro\u0144ca nazwa\u0142 ca\u0142\u0105 spraw\u0119 ba\u015bniow\u0105 histori\u0105, a zeznania \u015bwiadk\u00f3w oraz opini\u0119 psychologa uzna\u0142 za niewiarygodne.<\/p>\n\n\n\n<p>Jak podaje lca.pl, Miko\u0142aj Jerofiejew przyjecha\u0142 do Polski w 1989 roku i pozosta\u0142 po wycofaniu wojsk radzieckich w 1993 roku. W 1997 roku trafi\u0142 na ferm\u0119 drobiu w Lisowicach, gdzie przez 23 lata by\u0142 wykorzystywany do niewolniczej pracy. Uda\u0142o mu si\u0119 uciec dzi\u0119ki pomocy empatycznych ludzi, a w 2021 roku prokuratura postawi\u0142a ma\u0142\u017ce\u0144stwu \u015a. zarzut handlu lud\u017ami. Jan \u015a. zmar\u0142 przed ko\u0144cem procesu, a Alicji \u015a. grozi kara wi\u0119zienia.<\/p>\n\n\n\n<p>LC<\/p>\n","protected":false},"excerpt":{"rendered":"<p>Jak podaje lca.pl, pe\u0142nomocnik Miko\u0142aja Jerofiejewa domaga si\u0119 23 milion\u00f3w z\u0142otych odszkodowania za 23 lata przymusowego pobytu na fermie drobiu u ma\u0142\u017ce\u0144stwa Alicji i Jana \u015a. Prokurator \u017c\u0105da sze\u015bciu lat pozbawienia wolno\u015bci dla oskar\u017conej, natomiast obro\u0144ca Alicji \u015a. wnioskuje o jej ca\u0142kowite uniewinnienie, nazywaj\u0105c akt oskar\u017cenia ba\u015bniow\u0105 histori\u0105. W poniedzia\u0142ek 10 czerwca Kazimierz Le\u017cak, s\u0119dzia [&hellip;]<\/p>\n","protected":false},"author":2,"featured_media":0,"comment_status":"open","ping_status":"open","sticky":false,"template":"","format":"standard","meta":{"footnotes":""},"categories":[8],"tags":[12,13],"class_list":["post-3950","post","type-post","status-publish","format-standard","hentry","category-aktualnosci","tag-odszkodowanie","tag-zadoscuczynienie"],"_links":{"self":[{"href":"https:\/\/www.odszkodowania.info.pl\/index.php?rest_route=\/wp\/v2\/posts\/3950","targetHints":{"allow":["GET"]}}],"collection":[{"href":"https:\/\/www.odszkodowania.info.pl\/index.php?rest_route=\/wp\/v2\/posts"}],"about":[{"href":"https:\/\/www.odszkodowania.info.pl\/index.php?rest_route=\/wp\/v2\/types\/post"}],"author":[{"embeddable":true,"href":"https:\/\/www.odszkodowania.info.pl\/index.php?rest_route=\/wp\/v2\/users\/2"}],"replies":[{"embeddable":true,"href":"https:\/\/www.odszkodowania.info.pl\/index.php?rest_route=%2Fwp%2Fv2%2Fcomments&post=3950"}],"version-history":[{"count":1,"href":"https:\/\/www.odszkodowania.info.pl\/index.php?rest_route=\/wp\/v2\/posts\/3950\/revisions"}],"predecessor-version":[{"id":3951,"href":"https:\/\/www.odszkodowania.info.pl\/index.php?rest_route=\/wp\/v2\/posts\/3950\/revisions\/3951"}],"wp:attachment":[{"href":"https:\/\/www.odszkodowania.info.pl\/index.php?rest_route=%2Fwp%2Fv2%2Fmedia&parent=3950"}],"wp:term":[{"taxonomy":"category","embeddable":true,"href":"https:\/\/www.odszkodowania.info.pl\/index.php?rest_route=%2Fwp%2Fv2%2Fcategories&post=3950"},{"taxonomy":"post_tag","embeddable":true,"href":"https:\/\/www.odszkodowania.info.pl\/index.php?rest_route=%2Fwp%2Fv2%2Ftags&post=3950"}],"curies":[{"name":"wp","href":"https:\/\/api.w.org\/{rel}","templated":true}]}}