{"id":3953,"date":"2024-06-11T19:36:13","date_gmt":"2024-06-11T18:36:13","guid":{"rendered":"https:\/\/www.odszkodowania.info.pl\/?p=3953"},"modified":"2024-06-11T19:36:15","modified_gmt":"2024-06-11T18:36:15","slug":"byly-policjant-walczy-w-sadzie-o-odszkodowanie-falszywe-oskarzenia-zniszczyly-mu-kariere","status":"publish","type":"post","link":"https:\/\/www.odszkodowania.info.pl\/?p=3953","title":{"rendered":"By\u0142y policjant walczy w\u00a0s\u0105dzie o\u00a0odszkodowanie. Fa\u0142szywe oskar\u017cenia zniszczy\u0142y mu karier\u0119"},"content":{"rendered":"\n<p>B\u0142\u0119dne decyzje prokurator Agnieszki Nowickiej kosztowa\u0142y ju\u017c Skarb Pa\u0144stwa dwa miliony z\u0142otych. Te pieni\u0105dze nie zmieni\u0105 jednak tego, \u017ce ofiary jej oskar\u017ce\u0144 maj\u0105 poczucie, i\u017c z\u0142amano im \u017cycie. W\u015br\u00f3d nich jest by\u0142y policjant, kt\u00f3ry na podstawie absurdalnych, niezweryfikowanych zarzut\u00f3w skruszonego gangstera trafi\u0142 do aresztu na ponad p\u00f3\u0142 roku.<\/p>\n\n\n\n<p>Prokurator Anna Ockert w s\u0105dzie walczy w sprawie o zado\u015b\u0107uczynienie dla by\u0142ego policjanta Roberta Kolasy. Jej kole\u017canka, prokurator Agnieszka Nowicka, oskar\u017ca\u0142a Kolas\u0119 o przemyt papieros\u00f3w. &#8211; Nigdy nie by\u0142em w Szwecji. To jest najgorsze, \u017ce bez \u017cadnych dowod\u00f3w, wy\u0142\u0105cznie na pom\u00f3wieniach, trafi\u0142em do wi\u0119zienia na ponad siedem miesi\u0119cy &#8211; zaznacza by\u0142y policjant.<\/p>\n\n\n\n<p>Dzielnicowy, zamiast by\u0107 w pracy, mia\u0142 p\u0142ywa\u0107 promem po Ba\u0142tyku &#8211; zezna\u0142 tak rzekomo skruszony przest\u0119pca, ale prokurator Nowicka tego nie sprawdzi\u0142a. Na oczach koleg\u00f3w z pracy wola\u0142a aresztowa\u0107 policjanta. &#8211; De facto zniszczy\u0142a mi \u017cycie osobiste &#8211; wyznaje by\u0142y policjant.<\/p>\n\n\n\n<p>Teraz Kolasa domaga si\u0119 od pa\u0144stwa sprawiedliwej zap\u0142aty. &#8211; Odszkodowania w kwocie miliona z\u0142otych i zado\u015b\u0107uczynienia w kwocie 700 tysi\u0119cy z\u0142otych &#8211; informuje Wojciech Urbaniak, adwokat i pe\u0142nomocnik Roberta Kolasy. &#8211; W naszej ocenie kwota ta jest niewsp\u00f3\u0142mierna do faktycznych cierpie\u0144 &#8211; argumentowa\u0142a na sali rozpraw Ockert.<\/p>\n\n\n\n<p><strong>&#8222;Nie zosta\u0142a do dzi\u015b rozliczona&#8221;<\/strong><\/p>\n\n\n\n<p>O odzyskanie twarzy walczy nie tylko pan Robert. W tym samym pozna\u0144skim s\u0105dzie, dwie sale obok, zapad\u0142 w\u0142a\u015bnie wyrok w sprawie kolejnej ofiary prokurator Nowickiej. Opieraj\u0105c si\u0119 na zmy\u015blonych zeznaniach gangstera, prokurator Nowicka aresztowa\u0142a pana Marka dwa razy. Raz na pi\u0119tna\u015bcie miesi\u0119cy. &#8211; Nie wiem, czy za ten areszt tymczasowy kto\u015b pana przeprosi\u0142. Je\u017celi nie, to ja wprawdzie niewinny jestem tego aresztu, ale Skarb Pa\u0144stwa pana przeprasza &#8211; m\u00f3wi\u0142 w trakcie rozprawy s\u0119dzia Andrzej Klimowicz.<\/p>\n\n\n\n<p>Dochodzenia prokurator Nowickiej s\u0142ono kosztuj\u0105. W przypadku pana Marka s\u0105d orzek\u0142 w sumie 260 tysi\u0119cy z\u0142otych. &#8211; To jest dla nas tragedia, nawet dla tych ludzi. Dla tych prokurator\u00f3w, dla s\u0119dzi\u00f3w, dla policji. Tu si\u0119 ka\u017cdy za ka\u017cdego musi wstydzi\u0107 &#8211; uwa\u017ca nies\u0142usznie aresztowany.<\/p>\n\n\n\n<p>Pan Robert z kolei musia\u0142 odej\u015b\u0107 z policji i zosta\u0142 rolnikiem. &#8211; Osiem lat czekam na sprawiedliwo\u015b\u0107 &#8211; wyznaje m\u0119\u017cczyzna. &#8211; My wykonujemy swoje zadanie. Wykonujemy je tak, jak na to pozwala materia\u0142 &#8211; przekonuje prokurator Anna Ockert.<\/p>\n\n\n\n<p>B\u0142\u0119dy prokurator Nowickiej kosztowa\u0142y ju\u017c dwa miliony z\u0142otych. &#8211; Bardzo du\u017cy wysi\u0142ek wk\u0142ada w to, co wykonuje. Tak\u0105 ma opini\u0119: rzetelnego, pracowitego prokuratora &#8211; zapewnia jednak \u0141ukasz Wawrzyniak z Prokuratury Okr\u0119gowej w Poznaniu. &#8211; Jedn\u0105 skaz\u0105 jest to, co robi\u0142a prokurator Nowicka. Drug\u0105 skaz\u0105 jest to, \u017ce nie zosta\u0142a do dzi\u015b rozliczona, a mamy przecie\u017c nowe w\u0142adze prokuratury &#8211; zwraca uwag\u0119 Piotr \u017bytnicki z &#8222;Gazety Wyborczej&#8221;.<\/p>\n\n\n\n<p>tvn24.pl<\/p>\n","protected":false},"excerpt":{"rendered":"<p>B\u0142\u0119dne decyzje prokurator Agnieszki Nowickiej kosztowa\u0142y ju\u017c Skarb Pa\u0144stwa dwa miliony z\u0142otych. Te pieni\u0105dze nie zmieni\u0105 jednak tego, \u017ce ofiary jej oskar\u017ce\u0144 maj\u0105 poczucie, i\u017c z\u0142amano im \u017cycie. W\u015br\u00f3d nich jest by\u0142y policjant, kt\u00f3ry na podstawie absurdalnych, niezweryfikowanych zarzut\u00f3w skruszonego gangstera trafi\u0142 do aresztu na ponad p\u00f3\u0142 roku. Prokurator Anna Ockert w s\u0105dzie walczy w [&hellip;]<\/p>\n","protected":false},"author":2,"featured_media":0,"comment_status":"open","ping_status":"open","sticky":false,"template":"","format":"standard","meta":{"footnotes":""},"categories":[8],"tags":[12,123,178],"class_list":["post-3953","post","type-post","status-publish","format-standard","hentry","category-aktualnosci","tag-odszkodowanie","tag-policja","tag-prokuratura"],"_links":{"self":[{"href":"https:\/\/www.odszkodowania.info.pl\/index.php?rest_route=\/wp\/v2\/posts\/3953","targetHints":{"allow":["GET"]}}],"collection":[{"href":"https:\/\/www.odszkodowania.info.pl\/index.php?rest_route=\/wp\/v2\/posts"}],"about":[{"href":"https:\/\/www.odszkodowania.info.pl\/index.php?rest_route=\/wp\/v2\/types\/post"}],"author":[{"embeddable":true,"href":"https:\/\/www.odszkodowania.info.pl\/index.php?rest_route=\/wp\/v2\/users\/2"}],"replies":[{"embeddable":true,"href":"https:\/\/www.odszkodowania.info.pl\/index.php?rest_route=%2Fwp%2Fv2%2Fcomments&post=3953"}],"version-history":[{"count":1,"href":"https:\/\/www.odszkodowania.info.pl\/index.php?rest_route=\/wp\/v2\/posts\/3953\/revisions"}],"predecessor-version":[{"id":3954,"href":"https:\/\/www.odszkodowania.info.pl\/index.php?rest_route=\/wp\/v2\/posts\/3953\/revisions\/3954"}],"wp:attachment":[{"href":"https:\/\/www.odszkodowania.info.pl\/index.php?rest_route=%2Fwp%2Fv2%2Fmedia&parent=3953"}],"wp:term":[{"taxonomy":"category","embeddable":true,"href":"https:\/\/www.odszkodowania.info.pl\/index.php?rest_route=%2Fwp%2Fv2%2Fcategories&post=3953"},{"taxonomy":"post_tag","embeddable":true,"href":"https:\/\/www.odszkodowania.info.pl\/index.php?rest_route=%2Fwp%2Fv2%2Ftags&post=3953"}],"curies":[{"name":"wp","href":"https:\/\/api.w.org\/{rel}","templated":true}]}}