{"id":3966,"date":"2024-07-15T09:29:57","date_gmt":"2024-07-15T08:29:57","guid":{"rendered":"https:\/\/www.odszkodowania.info.pl\/?p=3966"},"modified":"2024-07-15T09:29:58","modified_gmt":"2024-07-15T08:29:58","slug":"zaplacimy-odszkodowanie-polska-przegrala-przed-etpcz","status":"publish","type":"post","link":"https:\/\/www.odszkodowania.info.pl\/?p=3966","title":{"rendered":"Zap\u0142acimy odszkodowanie. Polska przegra\u0142a przed ETPCz"},"content":{"rendered":"\n<p>Europejski Trybuna\u0142 Praw Cz\u0142owieka orzek\u0142 w czwartek, \u017ce Polska naruszy\u0142a prawo do \u017cycia prywatnego osoby transp\u0142ciowej, podczas jej pobytu w wi\u0119zieniu. Skarb Pa\u0144stwa b\u0119dzie jej teraz musia\u0142 wyp\u0142aci\u0107 8 tys. euro odszkodowania, czyli ok. 34 tys. z\u0142.<\/p>\n\n\n\n<p>Spraw\u0119 do ETPCz wnios\u0142a osoba transp\u0142ciowa, kt\u00f3ra przysz\u0142a na \u015bwiat w 1992 roku. Skar\u017c\u0105ca podkre\u015bli\u0142a, \u017ce po urodzeniu zosta\u0142a okre\u015blona jako m\u0119\u017cczyzna, ale od dziecka identyfikowa\u0142a si\u0119 jako kobieta. Zosta\u0142a prawnie uznana za kobiet\u0119 w marcu 2023 r.<\/p>\n\n\n\n<p>W latach 2013-2024 odbywa\u0142a kar\u0119 pozbawienia wolno\u015bci za kradzie\u017c, rabunek i w\u0142amanie. W 2018 roku, podczas pobytu w zak\u0142adzie karnym w Piotrkowie Trybunalskim, skar\u017c\u0105ca zacz\u0119\u0142a si\u0119 samookalecza\u0107 i zaatakowa\u0142a stra\u017cnika wi\u0119ziennego. Z powodu powa\u017cnego urazu zosta\u0142a przewieziona do szpitala. Tam lekarz specjalista &#8211; psychiatra seksuolog &#8211; zaleci\u0142 jej terapi\u0119 hormonaln\u0105 zast\u0119pcz\u0105, jako cz\u0119\u015b\u0107 procesu zmiany p\u0142ci.<\/p>\n\n\n\n<p>&#8222;Brak natychmiastowego podj\u0119cia tego leczenia stwarza\u0142 powa\u017cne zagro\u017cenie dla zdrowia, skutkuj\u0105c znacznym pogorszeniem jego jako\u015bci. Bieg\u0142y stwierdzi\u0142, \u017ce takie leczenie b\u0119dzie mia\u0142o pozytywny wp\u0142yw na jej \u017cycie i zdrowie oraz pomo\u017ce w rehabilitacji&#8221; &#8211; czytamy w czwartkowym wyroku.<\/p>\n\n\n\n<p>W 2020 roku skar\u017c\u0105c\u0105 przeniesiono do wi\u0119zienia w Siedlcach. Tam poprosi\u0142a o zgod\u0119 na otrzymanie lek\u00f3w spoza zak\u0142adu karnego. Jednak kierownik oddzia\u0142u medycznego nie zgodzi\u0142 si\u0119 na jej wniosek, argumentuj\u0105c, \u017ce podanie m\u0119\u017cczy\u017anie hormon\u00f3w \u017ce\u0144skich w wi\u0119zieniu bez konsultacji lekarskich jest ryzykowne. Ta decyzja uniemo\u017cliwi\u0142a osadzonej kontynuowanie terapii hormonalnej, mimo i\u017c, jak podkre\u015bla\u0142 polski rz\u0105d przed trybuna\u0142em, w\u0142adze wi\u0119zienia czeka\u0142y na konsultacje lekarskie.<br><strong><br>Polska ma zap\u0142aci\u0107 skar\u017c\u0105cej 8 tys. euro odszkodowania<\/strong><\/p>\n\n\n\n<p>Hormony sko\u0144czy\u0142y si\u0119 18 lipca. Pom\u00f3g\u0142 w\u00f3wczas ETPCz, nakazuj\u0105c, w ramach \u015brodk\u00f3w tymczasowych, zapewnienie lek\u00f3w, kt\u00f3re dostarczono 31 lipca. Prawie dwutygodniowa przerwa zaburzy\u0142a jednak terapi\u0119 hormonaln\u0105.<\/p>\n\n\n\n<p>Trybuna\u0142 w Strasburgu orzek\u0142 w czwartek, \u017ce Polska naruszy\u0142a prawo do \u017cycia prywatnego skar\u017c\u0105cej. &#8222;Decyzja w\u0142adz wi\u0119ziennych dotycz\u0105ca dost\u0119pu do leczenia hormonalnego dotyka\u0142a kwestii swobody skar\u017c\u0105cej w zakresie okre\u015blania swojej to\u017csamo\u015bci p\u0142ciowej, b\u0119d\u0105cej jednym z najbardziej podstawowych element\u00f3w samostanowienia&#8221; &#8211; podkre\u015bli\u0142 ETPCz. Jak zauwa\u017cy\u0142, bior\u0105c pod uwag\u0119 liczne i bolesne interwencje zwi\u0105zane ze zmian\u0105 p\u0142ci oraz poziom zaanga\u017cowania i przekonania wymagany do osi\u0105gni\u0119cia zmiany roli spo\u0142ecznej, nie mo\u017cna sugerowa\u0107, \u017ce decyzja o poddaniu si\u0119 takiemu zabiegowi by\u0142a kaprysem lub zosta\u0142a podj\u0119ta arbitralnie.<\/p>\n\n\n\n<p>wp.pl<\/p>\n","protected":false},"excerpt":{"rendered":"<p>Europejski Trybuna\u0142 Praw Cz\u0142owieka orzek\u0142 w czwartek, \u017ce Polska naruszy\u0142a prawo do \u017cycia prywatnego osoby transp\u0142ciowej, podczas jej pobytu w wi\u0119zieniu. Skarb Pa\u0144stwa b\u0119dzie jej teraz musia\u0142 wyp\u0142aci\u0107 8 tys. euro odszkodowania, czyli ok. 34 tys. z\u0142. Spraw\u0119 do ETPCz wnios\u0142a osoba transp\u0142ciowa, kt\u00f3ra przysz\u0142a na \u015bwiat w 1992 roku. Skar\u017c\u0105ca podkre\u015bli\u0142a, \u017ce po urodzeniu [&hellip;]<\/p>\n","protected":false},"author":2,"featured_media":0,"comment_status":"open","ping_status":"open","sticky":false,"template":"","format":"standard","meta":{"footnotes":""},"categories":[8],"tags":[126,12,13],"class_list":["post-3966","post","type-post","status-publish","format-standard","hentry","category-aktualnosci","tag-etpc","tag-odszkodowanie","tag-zadoscuczynienie"],"_links":{"self":[{"href":"https:\/\/www.odszkodowania.info.pl\/index.php?rest_route=\/wp\/v2\/posts\/3966","targetHints":{"allow":["GET"]}}],"collection":[{"href":"https:\/\/www.odszkodowania.info.pl\/index.php?rest_route=\/wp\/v2\/posts"}],"about":[{"href":"https:\/\/www.odszkodowania.info.pl\/index.php?rest_route=\/wp\/v2\/types\/post"}],"author":[{"embeddable":true,"href":"https:\/\/www.odszkodowania.info.pl\/index.php?rest_route=\/wp\/v2\/users\/2"}],"replies":[{"embeddable":true,"href":"https:\/\/www.odszkodowania.info.pl\/index.php?rest_route=%2Fwp%2Fv2%2Fcomments&post=3966"}],"version-history":[{"count":1,"href":"https:\/\/www.odszkodowania.info.pl\/index.php?rest_route=\/wp\/v2\/posts\/3966\/revisions"}],"predecessor-version":[{"id":3967,"href":"https:\/\/www.odszkodowania.info.pl\/index.php?rest_route=\/wp\/v2\/posts\/3966\/revisions\/3967"}],"wp:attachment":[{"href":"https:\/\/www.odszkodowania.info.pl\/index.php?rest_route=%2Fwp%2Fv2%2Fmedia&parent=3966"}],"wp:term":[{"taxonomy":"category","embeddable":true,"href":"https:\/\/www.odszkodowania.info.pl\/index.php?rest_route=%2Fwp%2Fv2%2Fcategories&post=3966"},{"taxonomy":"post_tag","embeddable":true,"href":"https:\/\/www.odszkodowania.info.pl\/index.php?rest_route=%2Fwp%2Fv2%2Ftags&post=3966"}],"curies":[{"name":"wp","href":"https:\/\/api.w.org\/{rel}","templated":true}]}}