{"id":3981,"date":"2024-09-04T09:03:39","date_gmt":"2024-09-04T08:03:39","guid":{"rendered":"https:\/\/www.odszkodowania.info.pl\/?p=3981"},"modified":"2024-09-04T09:04:17","modified_gmt":"2024-09-04T08:04:17","slug":"jego-historia-to-scenariusz-na-film-wygral-w-sadzie-ale-dalej-musi-walczyc-o-rekordowe-odszkodowanie-moge-nie-dozyc","status":"publish","type":"post","link":"https:\/\/www.odszkodowania.info.pl\/?p=3981","title":{"rendered":"Jego historia to scenariusz na film. Wygra\u0142 w s\u0105dzie, ale dalej musi walczy\u0107 o rekordowe odszkodowanie. &#8222;Mog\u0119 nie do\u017cy\u0107&#8221;"},"content":{"rendered":"\n<p>By\u0142y wa\u0142brzyski przedsi\u0119biorca Marek Kubala wci\u0105\u017c jest got\u00f3w zrezygnowa\u0107 z niema\u0142ych odsetek naliczanych po wyroku, je\u015bli pozwane s\u0105dy i prokuratura zgodz\u0105 si\u0119 na porozumienie. Z ich strony takiej woli jednak nie ma. Dlatego Kubala liczy, \u017ce do ugody doprowadzi minister sprawiedliwo\u015bci Adam Bodnar, z kt\u00f3rym spotka\u0142 si\u0119 w lipcu. Za nies\u0142uszne aresztowanie, kt\u00f3re doprowadzi\u0142o jego firm\u0119 do bankructwa, s\u0105d przyzna\u0142 mu ponad 22 mln z\u0142 odszkodowania. Od wyroku kwota ta wzros\u0142a o ponad milion.<\/p>\n\n\n\n<p>\u2013 Oczekuj\u0119, \u017ce minister sprawiedliwo\u015bci, kt\u00f3ry ma w\u0142adz\u0119 nadrz\u0119dn\u0105 nad prezesami s\u0105d\u00f3w, doprowadzi do tego, \u017ce do tej ugody dojdzie \u2013 m\u00f3wi Onetowi Marek Kubala, by\u0142y przedsi\u0119biorca z Wa\u0142brzycha, kt\u00f3remu w po\u0142owie kwietnia s\u0105d w Sieradzu przyzna\u0142 ponad 22 mln z\u0142 odszkodowania. Wyrok zapad\u0142 po 23 latach od jego nies\u0142usznego aresztowania.<\/p>\n\n\n\n<p>Kubala zaraz po og\u0142oszeniu wyroku, 15 kwietnia, zapowiedzia\u0142, \u017ce nie b\u0119dzie si\u0119 odwo\u0142ywa\u0142, cho\u0107 walczy\u0142 o wi\u0119cej, o ponad 30 mln z\u0142. T\u0142umaczy\u0142 jednak, \u017ce 23-letnia s\u0105dowa batalia zrujnowa\u0142a mu zdrowie i teraz wybiera spokojne \u017cycie, a nie wi\u0119ksze pieni\u0105dze.<\/p>\n\n\n\n<p>Pieni\u0105dze nie mog\u0105 by\u0107 mu jednak wyp\u0142acone, bo od wyroku odwo\u0142a\u0142a si\u0119 Prokuratoria Generalna (instytucja powo\u0142ana za rz\u0105d\u00f3w PiS do obrony interes\u00f3w Skarbu Pa\u0144stwa) broni\u0105c\u0105 pozwanych, czyli S\u0105d Okr\u0119gowy w \u015awidnicy, S\u0105d Rejonowy w Wa\u0142brzychu i Prokuratur\u0119 Rejonow\u0105 w Wa\u0142brzychu. Uzna\u0142a, \u017ce Kubali nie nale\u017cy si\u0119 ani z\u0142ot\u00f3wka. Wobec tego by\u0142y przedsi\u0119biorca przedstawi\u0142 propozycj\u0119 ugody.<\/p>\n\n\n\n<p>\u2013 Mog\u0119 nie do\u017cy\u0107 apelacji, bo przez to, co si\u0119 dzieje, m\u00f3j stan zdrowia ca\u0142y czas si\u0119 pogarsza \u2013 s\u0142ysz\u0119.<\/p>\n\n\n\n<p>\u2013 Nie dopuszczam my\u015bli, \u017ce do tej ugody nie dojdzie, bo w\u00f3wczas wszystkie obietnice i zapewnienia o przywr\u00f3ceniu praworz\u0105dno\u015bci, przestrzeganiu praw cz\u0142owieka i reformie s\u0105downictwa okaza\u0142yby si\u0119 kompletnie pozbawione wiarygodno\u015bci \u2013 dodaje.<\/p>\n\n\n\n<p><strong>Propozycja ugody, spotkanie z ministrem<\/strong><\/p>\n\n\n\n<p>Nie znaj\u0105c jeszcze odpowiedzi na swoj\u0105 propozycj\u0119, pod koniec lipca spotka\u0142 si\u0119 z ministrem sprawiedliwo\u015bci Adamem Bodnarem, kt\u00f3remu tak\u017ce przedstawi\u0142 propozycj\u0119 ugody. M\u00f3wi\u0142: sprawa powinna zako\u0144czy\u0107 si\u0119 na pierwszej instancji, wyrok powinien by\u0107 uszanowany, nie chc\u0119 kolejnych lat sp\u0119dzi\u0107 na walce w s\u0105dzie, mam do\u015b\u0107 \u017cycia w nieustannym stresie, jestem jeszcze got\u00f3w na pewne ust\u0119pstwa, chc\u0119 si\u0119 dogada\u0107.<\/p>\n\n\n\n<p>\u2013 Moja propozycja ugody jest najlepszym rozwi\u0105zaniem dla obu stron. Ja wr\u00f3c\u0119 do normalnego \u017cycia, a Skarb Pa\u0144stwa nie b\u0119dzie nara\u017cony na dodatkowe straty, bo codziennie od wyroku s\u0105 naliczane odsetki, od 15 kwietnia to ju\u017c jest dodatkowy milion \u2013 s\u0142ysz\u0119 od Kubali.<\/p>\n\n\n\n<p>\u2013 Minister powiedzia\u0142, \u017ce pochyli si\u0119 nad spraw\u0105. A ja wyt\u0142umaczy\u0142em mu, \u017ce Prokuratoria Generalna, kt\u00f3ra odwo\u0142a\u0142a si\u0119 od wyroku, w kwestii zawarcia ugody nie jest stron\u0105 \u2013 dodaje.<\/p>\n\n\n\n<p><strong>Pozwani nie chc\u0105 ugody. &#8222;Buta i arogancja&#8221;<\/strong><\/p>\n\n\n\n<p>Ju\u017c po spotkaniu z Bodnarem Kubala dowiedzia\u0142 si\u0119, \u017ce pozwani odrzucili jego propozycj\u0119 ugody.<\/p>\n\n\n\n<p>\u2013 Od dyrektora biura politycznego ministra sprawiedliwo\u015bci otrzyma\u0142em natomiast informacj\u0119, \u017ce Adam Bodnar musi przeprowadzi\u0107 konsultacj\u0119 z prezesami s\u0105d\u00f3w, kt\u00f3rzy s\u0105 stronami do zawarcia ugody \u2013 s\u0142ysz\u0119.<\/p>\n\n\n\n<p>\u2013 Dla mnie bulwersuj\u0105ce jest to, \u017ce pozwane s\u0105dy, kt\u00f3re doprowadzi\u0142y do mojej gehenny i narazi\u0142y nas wszystkich obywateli na wielomilionowe straty, nie s\u0105 w stanie usi\u0105\u015b\u0107 do rozm\u00f3w i podj\u0105\u0107 pr\u00f3by zawarcia ugody. Przegrali proces, a dalej id\u0105 na zwarcie. To niezwyk\u0142a buta i arogancja \u2013 m\u00f3wi Kubala.<\/p>\n\n\n\n<p>By\u0142y wa\u0142brzyski przedsi\u0119biorca jeszcze raz chce si\u0119 spotka\u0107 z Adamem Bodnarem, ale te\u017c z prezesami pozwanych s\u0105d\u00f3w i przedstawicielem pozwanej prokuratury, aby porozmawia\u0107 na temat zawarcia ugody. Wniosek w tej sprawie skierowa\u0142 do ministra sprawiedliwo\u015bci kilka dni temu.<\/p>\n\n\n\n<p>\u2013 Decyzja w sprawie porozumienia nie le\u017cy ju\u017c w gestii pozwanych, tylko ministra sprawiedliwo\u015bci i ministra finans\u00f3w. Czekam na jakikolwiek ruch z ich strony \u2013 zaznacza Kubala. Decyzja w jego sprawie powinna zapa\u015b\u0107 we wrze\u015bniu.<\/p>\n\n\n\n<p><strong>Jego historia to scenariusz na film<\/strong><\/p>\n\n\n\n<p>Marek Kubala to by\u0142y w\u0142a\u015bciciel salonu seata w Wa\u0142brzychu, kt\u00f3ry w grudniu 2000 r. zosta\u0142 aresztowany pod zarzutem uszczuplenia podatku celnego o 350 tys. z\u0142, przemytu samochod\u00f3w ze Stan\u00f3w Zjednoczonych, przebijania numer\u00f3w i fa\u0142szowania dokumentacji. Po 11 latach zosta\u0142 uniewinniony.<\/p>\n\n\n\n<p>Gdy po miesi\u0105cu wyszed\u0142 z aresztu, z jego firmy nie by\u0142o co zbiera\u0107. Banki wypowiedzia\u0142y umowy, a on zosta\u0142 z milionowymi d\u0142ugami.<\/p>\n\n\n\n<p>W s\u0105dzie nie korzysta\u0142 z pomocy adwokata. Broni\u0142 si\u0119 sam. Sp\u0119dzi\u0142 mn\u00f3stwo czasu na czytaniu akt i prawniczych ksi\u0105\u017cek. \u2013 To by\u0142 klucz do sukcesu, bo gdybym mia\u0142 adwokata, to bym to przegra\u0142. \u017baden adwokat nie po\u015bwi\u0119ci\u0142by tyle czasu na moj\u0105 spraw\u0119, co ja sam \u2013 przekonywa\u0142.<\/p>\n\n\n\n<p>W wywiadzie dla Onetu m\u00f3wi\u0142: \u2013 Gdy trafi\u0142em do wi\u0119zienia, by\u0142em tak zestresowany, \u017ce nie mog\u0142em je\u015b\u0107 i pi\u0107. Gazety pisa\u0142y o mnie na pierwszych stronach, \u017ce jestem przest\u0119pc\u0105, szefem zorganizowanej grupy, bo taki by\u0142 przekaz prokuratury. Nies\u0142uszne aresztowanie i medialna nagonka, kt\u00f3r\u0105 na mnie zrobili, spowodowa\u0142a ca\u0142kowity upadek mojej firmy. Teraz s\u0105d przyzna\u0142 mi racj\u0119. Wcze\u015bniej s\u0105dy przez lata, nawet gdy zosta\u0142em uniewinniony, traktowa\u0142y mnie jak przest\u0119pc\u0119.<\/p>\n\n\n\n<p>\u2013 By\u0142 taki czas, gdy wszyscy wytykali mnie palcami. By\u0142em bankrutem z \u0142atk\u0105 przest\u0119pcy. Najpierw popad\u0142em w depresj\u0119, a potem uciek\u0142em w alkoholizm. Pi\u0142em w samotno\u015bci. W domu, w parku, z dala od ludzi. Tak odnajdywa\u0142em spok\u00f3j. Trwa\u0142o to jakie\u015b dwa lata. Pewnego dnia, gdy spojrza\u0142em w lustro, by\u0142em ca\u0142y opuchni\u0119ty. Nie mog\u0142em si\u0119 pozna\u0107. Wygl\u0105da\u0142em tragicznie. Wiedzia\u0142em, \u017ce je\u015bli dalej b\u0119d\u0119 pi\u0142, to przegram proces. To by\u0142 moment, kiedy powiedzia\u0142em &#8222;do\u015b\u0107&#8221; \u2013 opowiada\u0142.<\/p>\n\n\n\n<p>onet.pl<\/p>\n","protected":false},"excerpt":{"rendered":"<p>By\u0142y wa\u0142brzyski przedsi\u0119biorca Marek Kubala wci\u0105\u017c jest got\u00f3w zrezygnowa\u0107 z niema\u0142ych odsetek naliczanych po wyroku, je\u015bli pozwane s\u0105dy i prokuratura zgodz\u0105 si\u0119 na porozumienie. Z ich strony takiej woli jednak nie ma. Dlatego Kubala liczy, \u017ce do ugody doprowadzi minister sprawiedliwo\u015bci Adam Bodnar, z kt\u00f3rym spotka\u0142 si\u0119 w lipcu. Za nies\u0142uszne aresztowanie, kt\u00f3re doprowadzi\u0142o jego [&hellip;]<\/p>\n","protected":false},"author":2,"featured_media":0,"comment_status":"open","ping_status":"open","sticky":false,"template":"","format":"standard","meta":{"footnotes":""},"categories":[8],"tags":[12,178,13],"class_list":["post-3981","post","type-post","status-publish","format-standard","hentry","category-aktualnosci","tag-odszkodowanie","tag-prokuratura","tag-zadoscuczynienie"],"_links":{"self":[{"href":"https:\/\/www.odszkodowania.info.pl\/index.php?rest_route=\/wp\/v2\/posts\/3981","targetHints":{"allow":["GET"]}}],"collection":[{"href":"https:\/\/www.odszkodowania.info.pl\/index.php?rest_route=\/wp\/v2\/posts"}],"about":[{"href":"https:\/\/www.odszkodowania.info.pl\/index.php?rest_route=\/wp\/v2\/types\/post"}],"author":[{"embeddable":true,"href":"https:\/\/www.odszkodowania.info.pl\/index.php?rest_route=\/wp\/v2\/users\/2"}],"replies":[{"embeddable":true,"href":"https:\/\/www.odszkodowania.info.pl\/index.php?rest_route=%2Fwp%2Fv2%2Fcomments&post=3981"}],"version-history":[{"count":1,"href":"https:\/\/www.odszkodowania.info.pl\/index.php?rest_route=\/wp\/v2\/posts\/3981\/revisions"}],"predecessor-version":[{"id":3982,"href":"https:\/\/www.odszkodowania.info.pl\/index.php?rest_route=\/wp\/v2\/posts\/3981\/revisions\/3982"}],"wp:attachment":[{"href":"https:\/\/www.odszkodowania.info.pl\/index.php?rest_route=%2Fwp%2Fv2%2Fmedia&parent=3981"}],"wp:term":[{"taxonomy":"category","embeddable":true,"href":"https:\/\/www.odszkodowania.info.pl\/index.php?rest_route=%2Fwp%2Fv2%2Fcategories&post=3981"},{"taxonomy":"post_tag","embeddable":true,"href":"https:\/\/www.odszkodowania.info.pl\/index.php?rest_route=%2Fwp%2Fv2%2Ftags&post=3981"}],"curies":[{"name":"wp","href":"https:\/\/api.w.org\/{rel}","templated":true}]}}