{"id":4038,"date":"2025-04-03T17:15:49","date_gmt":"2025-04-03T16:15:49","guid":{"rendered":"https:\/\/www.odszkodowania.info.pl\/?p=4038"},"modified":"2025-04-03T17:15:52","modified_gmt":"2025-04-03T16:15:52","slug":"tomasz-p-z-firmy-legatis-skazany-na-wiezienie-za-oszustwa-i-przywlaszczenia","status":"publish","type":"post","link":"https:\/\/www.odszkodowania.info.pl\/?p=4038","title":{"rendered":"Tomasz P. z firmy Legatis skazany na wi\u0119zienie za oszustwa i przyw\u0142aszczenia"},"content":{"rendered":"\n<p>Tomasz P., znany z dzia\u0142alno\u015bci firmy Legatis, zosta\u0142 prawomocnie skazany przez S\u0105d Rejonowy Lublin-Zach\u00f3d, III Wydzia\u0142 Karny, za przest\u0119pstwa zwi\u0105zane z oszustwami i przyw\u0142aszczeniem mienia. Spraw\u0119 szczeg\u00f3\u0142owo opisywali\u015bmy wielokrotnie na naszych \u0142amach.<\/p>\n\n\n\n<p>W toku post\u0119powania s\u0105dowego ustalono, \u017ce Tomasz P. w latach 2018-2019 dopu\u015bci\u0142 si\u0119 licznych przest\u0119pstw finansowych. Przyw\u0142aszcza\u0142 powierzone mu pieni\u0105dze w kwotach od kilkuset do kilkudziesi\u0119ciu tysi\u0119cy z\u0142otych. Ponadto, wykorzystuj\u0105c trudn\u0105 sytuacj\u0119 os\u00f3b poszkodowanych w wypadkach komunikacyjnych oraz rodzin zmar\u0142ych, nak\u0142ania\u0142 je do podpisywania um\u00f3w na tzw. abonamenty prawne, kt\u00f3rych miesi\u0119czny koszt wynosi\u0142 299,99 z\u0142. Jak wskaza\u0142 s\u0105d, dzia\u0142ania te mia\u0142y charakter zaplanowany, a Tomasz P. dzia\u0142a\u0142 z pe\u0142n\u0105 \u015bwiadomo\u015bci\u0105 i premedytacj\u0105.<\/p>\n\n\n\n<p>Tomasz P. nie zgodzi\u0142 si\u0119 z wyrokiem s\u0105du pierwszej instancji i z\u0142o\u017cy\u0142 odwo\u0142anie za po\u015brednictwem swoich pe\u0142nomocnik\u00f3w. Jednak w 2023 roku S\u0105d Okr\u0119gowy w Lublinie podtrzyma\u0142 wcze\u015bniejszy wyrok, kt\u00f3ry sta\u0142 si\u0119 prawomocny, jednoznacznie uznaj\u0105c win\u0119 Tomasza P. i skazuj\u0105c go na kar\u0119 pozbawienia wolno\u015bci.<\/p>\n\n\n\n<p>Co istotne, Tomasz P. nadal podejmuje dzia\u0142ania prawne przeciwko osobom komentuj\u0105cym jego dzia\u0142alno\u015b\u0107 w Internecie. Jednak\u017ce liczne orzeczenia s\u0105d\u00f3w potwierdzaj\u0105, i\u017c prowadzona przez niego dzia\u0142alno\u015b\u0107 by\u0142a niezgodna z prawem.<\/p>\n\n\n\n<p>Pocz\u0105tkowo Tomasz P. dzia\u0142a\u0142 g\u0142\u00f3wnie na terenie Lublina, a nast\u0119pnie rozszerzy\u0142 swoj\u0105 dzia\u0142alno\u015b\u0107 r\u00f3wnie\u017c na Warszaw\u0119. Aktualnie, wed\u0142ug naszych informacji, zameldowany jest w Szczecinie. Nie zmienia to jednak faktu, \u017ce prawomocny wyrok s\u0105du ogranicza mu dalsz\u0105 mo\u017cliwo\u015b\u0107 prowadzenia nielegalnej dzia\u0142alno\u015bci.<\/p>\n\n\n\n\t\t<div class=\"wppdfemb-frame-container-1\" style=\"-webkit-overflow-scrolling:auto;\">\n\t\t\t<iframe class=\"pdfembed-iframe nonfullscreen wppdf-emb-iframe-1\"\n\t\t\t\tsrc=\"https:\/\/www.odszkodowania.info.pl\/?pdfemb-data=eyJwZGZJRCI6NDAzNiwidXJsIjoiaHR0cHM6XC9cL3d3dy5vZHN6a29kb3dhbmlhLmluZm8ucGxcL3dwLWNvbnRlbnRcL3VwbG9hZHNcL1NSX0x1Ymxpbl9JSUlfS184NTFfMTkucGRmIiwiaW5kZXgiOjF9\"\n\t\t\t\t\t\t\t\tdata-pdf-id=\"4036\"\n\t\t\t\tdata-pdf-index=\"1\"\n\t\t\t\tstyle=\"border:none;width:100%;max-width:100%;height:100vh;\"\n\t\t\t\tscrolling=\"yes\">\n\t\t\t<\/iframe>\n\t\t<\/div>\n\n\t\t\n\n\n\t\t<div class=\"wppdfemb-frame-container-2\" style=\"-webkit-overflow-scrolling:auto;\">\n\t\t\t<iframe class=\"pdfembed-iframe nonfullscreen wppdf-emb-iframe-2\"\n\t\t\t\tsrc=\"https:\/\/www.odszkodowania.info.pl\/?pdfemb-data=eyJwZGZJRCI6NDAzNywidXJsIjoiaHR0cHM6XC9cL3d3dy5vZHN6a29kb3dhbmlhLmluZm8ucGxcL3dwLWNvbnRlbnRcL3VwbG9hZHNcL1NPX0x1Ymxpbl9WX0thXzI5N18tMjMucGRmIiwiaW5kZXgiOjJ9\"\n\t\t\t\t\t\t\t\tdata-pdf-id=\"4037\"\n\t\t\t\tdata-pdf-index=\"2\"\n\t\t\t\tstyle=\"border:none;width:100%;max-width:100%;height:100vh;\"\n\t\t\t\tscrolling=\"yes\">\n\t\t\t<\/iframe>\n\t\t<\/div>\n\n\t\t\n\n\n<p><a href=\"https:\/\/www.odszkodowania.info.pl\/?p=3017\">LEGATIS: Pracownicy i klienci skar\u017c\u0105 si\u0119 na kancelari\u0119 prawn\u0105 z Lublina<\/a><\/p>\n\n\n\n<p><a href=\"https:\/\/www.odszkodowania.info.pl\/?p=3167\">Tomasz P. prezes Legatis oskar\u017cony o oszustwa<\/a><\/p>\n\n\n\n<p>LC<\/p>\n","protected":false},"excerpt":{"rendered":"<p>Tomasz P., znany z dzia\u0142alno\u015bci firmy Legatis, zosta\u0142 prawomocnie skazany przez S\u0105d Rejonowy Lublin-Zach\u00f3d, III Wydzia\u0142 Karny, za przest\u0119pstwa zwi\u0105zane z oszustwami i przyw\u0142aszczeniem mienia. Spraw\u0119 szczeg\u00f3\u0142owo opisywali\u015bmy wielokrotnie na naszych \u0142amach. W toku post\u0119powania s\u0105dowego ustalono, \u017ce Tomasz P. w latach 2018-2019 dopu\u015bci\u0142 si\u0119 licznych przest\u0119pstw finansowych. Przyw\u0142aszcza\u0142 powierzone mu pieni\u0105dze w kwotach od [&hellip;]<\/p>\n","protected":false},"author":2,"featured_media":0,"comment_status":"open","ping_status":"open","sticky":false,"template":"","format":"standard","meta":{"footnotes":""},"categories":[8],"tags":[155,12],"class_list":["post-4038","post","type-post","status-publish","format-standard","hentry","category-aktualnosci","tag-legatis","tag-odszkodowanie"],"_links":{"self":[{"href":"https:\/\/www.odszkodowania.info.pl\/index.php?rest_route=\/wp\/v2\/posts\/4038","targetHints":{"allow":["GET"]}}],"collection":[{"href":"https:\/\/www.odszkodowania.info.pl\/index.php?rest_route=\/wp\/v2\/posts"}],"about":[{"href":"https:\/\/www.odszkodowania.info.pl\/index.php?rest_route=\/wp\/v2\/types\/post"}],"author":[{"embeddable":true,"href":"https:\/\/www.odszkodowania.info.pl\/index.php?rest_route=\/wp\/v2\/users\/2"}],"replies":[{"embeddable":true,"href":"https:\/\/www.odszkodowania.info.pl\/index.php?rest_route=%2Fwp%2Fv2%2Fcomments&post=4038"}],"version-history":[{"count":1,"href":"https:\/\/www.odszkodowania.info.pl\/index.php?rest_route=\/wp\/v2\/posts\/4038\/revisions"}],"predecessor-version":[{"id":4039,"href":"https:\/\/www.odszkodowania.info.pl\/index.php?rest_route=\/wp\/v2\/posts\/4038\/revisions\/4039"}],"wp:attachment":[{"href":"https:\/\/www.odszkodowania.info.pl\/index.php?rest_route=%2Fwp%2Fv2%2Fmedia&parent=4038"}],"wp:term":[{"taxonomy":"category","embeddable":true,"href":"https:\/\/www.odszkodowania.info.pl\/index.php?rest_route=%2Fwp%2Fv2%2Fcategories&post=4038"},{"taxonomy":"post_tag","embeddable":true,"href":"https:\/\/www.odszkodowania.info.pl\/index.php?rest_route=%2Fwp%2Fv2%2Ftags&post=4038"}],"curies":[{"name":"wp","href":"https:\/\/api.w.org\/{rel}","templated":true}]}}