{"id":4044,"date":"2025-04-11T19:34:45","date_gmt":"2025-04-11T18:34:45","guid":{"rendered":"https:\/\/www.odszkodowania.info.pl\/?p=4044"},"modified":"2025-04-11T19:35:39","modified_gmt":"2025-04-11T18:35:39","slug":"rozbito-gang-wyludzajacy-miliony-z-odszkodowan-na-fikcyjnych-kolizjach","status":"publish","type":"post","link":"https:\/\/www.odszkodowania.info.pl\/?p=4044","title":{"rendered":"Rozbito gang wy\u0142udzaj\u0105cy miliony z odszkodowa\u0144 na fikcyjnych kolizjach"},"content":{"rendered":"\n<p>Grupa oszust\u00f3w fa\u0142szowa\u0142a dokumenty i pozorowa\u0142a kolizje drogowe. Wy\u0142udzi\u0142a od firm ubezpieczeniowych przesz\u0142o 2 mln z\u0142, a osoby, kt\u00f3rych dane wykorzystywano do wy\u0142udze\u0144, o niczym nie wiedzia\u0142y. Szajka zosta\u0142a rozbita przez Centralne Biuro \u015aledcze Policji.<\/p>\n\n\n\n<p>\u0141\u0105cznie 16 podejrzanych, kt\u00f3rzy naci\u0105gn\u0119li ubezpieczycieli na ponad 60 fikcyjnych zdarze\u0144 drogowych \u2013 to efekt dzia\u0142a\u0144 Centralnego Biura \u015aledczego Policji i podlaskiego pionu Prokuratury Krajowej ds. Przest\u0119pczo\u015bci Zorganizowanej. Rozbito zorganizowan\u0105 grup\u0119 przest\u0119pcz\u0105, kt\u00f3ra wykorzystuj\u0105c podstawione samochody, wy\u0142udza\u0142a odszkodowania od firm ubezpieczeniowych.<\/p>\n\n\n\n<p>\u2013 Zatrzymanych zosta\u0142o 12 os\u00f3b, a zarzuty us\u0142ysza\u0142o \u0142\u0105cznie 16 podejrzanych. Dotycz\u0105 mi\u0119dzy innymi udzia\u0142u w zorganizowanej grupie przest\u0119pczej i wy\u0142udzania odszkodowa\u0144 w zwi\u0105zku z pos\u0142ugiwaniem si\u0119 sfa\u0142szowanymi dokumentami \u2013 m\u00f3wi \u201eRzeczpospolitej\u201d podkom. Krzysztof Wrze\u015bniowski, rzecznik CB\u015aP.<\/p>\n\n\n\n<p>Zak\u0142ady ubezpiecze\u0144 w 2023 r. wykry\u0142y blisko 38 tys. przypadk\u00f3w wy\u0142udze\u0144 odszkodowa\u0144 i \u015bwiadcze\u0144. To o 18 proc. wi\u0119cej ni\u017c rok wcze\u015bniej. Teraz \u015bledczy ujawnili grup\u0119, kt\u00f3ra dzia\u0142a\u0142a w latach 2013-2016. \u2013 g\u0142\u00f3wnie na Mazowszu, sporadycznie w innych cz\u0119\u015bciach kraju. Proceder wyszed\u0142 na jaw dopiero niedawno, przy okazji rozpracowywania innych przest\u0119pstw.<\/p>\n\n\n\n<p><strong>Fikcyjne kolizje na dane niczego nie\u015bwiadomych kierowc\u00f3w<\/strong><\/p>\n\n\n\n<p>Jak wygl\u0105da\u0142 mechanizm? \u2013 Podejrzani tworzyli fikcyjne kolizje i wykorzystywali personalia kierowc\u00f3w, kt\u00f3rzy wstawiali samochody do warsztat\u00f3w kontrolowanych przez grup\u0119 przest\u0119pcz\u0105 \u2013 wskazuj\u0105 \u015bledczy.<\/p>\n\n\n\n<p>Cz\u0142onkowie szajki celowo powodowali st\u0142uczki, lekko uszkadzaj\u0105c auta i pozoruj\u0105c ich zderzenie np. ze zwierz\u0119tami. Jednak w wi\u0119kszo\u015bci przypadk\u00f3w nie zadawali sobie trudu i kolizje \u201eprodukowali\u201d wy\u0142\u0105cznie na papierze. Wykorzystywali przy tym personalia nie\u015bwiadomych tego kierowc\u00f3w, kt\u00f3rzy wstawiali samochody do warsztatu, np. w celu wykonania rutynowej us\u0142ugi albo przegl\u0105du.<\/p>\n\n\n\n<p>\u2013 Sprawcy wystawiali faktury na dane tego kierowcy, wskazuj\u0105c, \u017ce korzysta\u0142 on z samochodu zast\u0119pczego, poniewa\u017c jego w\u0142asny pojazd zosta\u0142 rozbity w kolizji drogowej \u2013 m\u00f3wi podkom. Wrze\u015bniowski.<\/p>\n\n\n\n<figure class=\"wp-block-pullquote\"><blockquote><p>Podejrzani po\u015bwiadczyli nieprawd\u0119 w kilkudziesi\u0119ciu fakturach VAT, wystawionych przez kontrolowane przez nich firmy, za zakup cz\u0119\u015bci zamiennych. Do tego preparowali umowy na wynajem pojazd\u00f3w zast\u0119pczych.<br>podkom. Krzysztof Wrze\u015bniowski, rzecznik CB\u015aP<\/p><\/blockquote><\/figure>\n\n\n\n<p>Do firm ubezpieczeniowych by\u0142y wi\u0119c zg\u0142aszane zupe\u0142nie fikcyjne zdarzenia. Osoby, kt\u00f3rych dane zg\u0142aszano szkody, nie mia\u0142y o tym nawet poj\u0119cia. Wy\u0142udzenia by\u0142y mo\u017cliwe dzi\u0119ki powi\u0105zanym z gangiem warsztatom.<\/p>\n\n\n\n<p>\u2013 Podejrzani po\u015bwiadczyli nieprawd\u0119 w kilkudziesi\u0119ciu fakturach VAT, wystawionych przez kontrolowane przez nich firmy, za zakup cz\u0119\u015bci zamiennych. Do tego preparowali umowy na wynajem pojazd\u00f3w zast\u0119pczych \u2013 wskazuje podkom. Wrze\u015bniowski.<\/p>\n\n\n\n<p>\u201eW ka\u017cdym zdarzeniu wykorzystano natomiast puste, sfa\u0142szowane faktury VAT, kt\u00f3re dotyczy\u0142y zakupu cz\u0119\u015bci zamiennych. Nast\u0119pnie na tej podstawie wystawiano finaln\u0105 faktur\u0119 zwi\u0105zan\u0105 z bezgot\u00f3wkow\u0105 likwidacj\u0105 szkody\u201d \u2013 podaje z kolei Prokuratur Krajowa. W grupie \u2013 jak ustalili \u015bledczy \u2013 dzia\u0142a\u0142y osoby, kt\u00f3re wcze\u015bniej by\u0142y zatrudnione w znanych towarzystwach ubezpieczeniowych, co u\u0142atwia\u0142o zar\u00f3wno preparowanie dokument\u00f3w, jak i obej\u015bcie procedur kontrolnych.<\/p>\n\n\n\n<p><strong>Zabezpieczono maj\u0105tek sprawc\u00f3w o \u0142\u0105cznej warto\u015bci blisko 3 mln z\u0142<\/strong><\/p>\n\n\n\n<p>Dzia\u0142ania grupy mog\u0142y spowodowa\u0107 straty dla co najmniej siedmiu towarzystw ubezpieczeniowych w wysoko\u015bci nie mniejszej ni\u017c 2 mln z\u0142, a policjanci zabezpieczyli maj\u0105tek nale\u017c\u0105cy do sprawc\u00f3w o \u0142\u0105cznej warto\u015bci blisko 3 mln z\u0142. Wobec podejrzanych prokurator zastosowa\u0142 doz\u00f3r policyjny po\u0142\u0105czony z zakazem kontaktowania si\u0119 z okre\u015blonymi osobami (innymi podejrzanymi i \u015bwiadkami) oraz zakaz opuszczania kraju po\u0142\u0105czony z zatrzymaniem paszportu. Ze strony Policji spraw\u0119 prowadz\u0105 funkcjonariusze wyspecjalizowanego Wydzia\u0142u do Zwalczania Zorganizowanej Przest\u0119pczo\u015bci Ekonomicznej Zarz\u0105du CB\u015aP w Olsztynie.<\/p>\n\n\n\n<p>Zak\u0142ady ubezpiecze\u0144 wykry\u0142y w 2023 r. blisko 38 tys. przypadk\u00f3w wy\u0142udze\u0144 odszkodowa\u0144 i \u015bwiadcze\u0144 \u2013 o jedn\u0105 pi\u0105t\u0105 wi\u0119cej ni\u017c rok wcze\u015bniej.<\/p>\n\n\n\n<p>rp.pl<\/p>\n","protected":false},"excerpt":{"rendered":"<p>Grupa oszust\u00f3w fa\u0142szowa\u0142a dokumenty i pozorowa\u0142a kolizje drogowe. Wy\u0142udzi\u0142a od firm ubezpieczeniowych przesz\u0142o 2 mln z\u0142, a osoby, kt\u00f3rych dane wykorzystywano do wy\u0142udze\u0144, o niczym nie wiedzia\u0142y. Szajka zosta\u0142a rozbita przez Centralne Biuro \u015aledcze Policji. \u0141\u0105cznie 16 podejrzanych, kt\u00f3rzy naci\u0105gn\u0119li ubezpieczycieli na ponad 60 fikcyjnych zdarze\u0144 drogowych \u2013 to efekt dzia\u0142a\u0144 Centralnego Biura \u015aledczego Policji [&hellip;]<\/p>\n","protected":false},"author":2,"featured_media":0,"comment_status":"open","ping_status":"open","sticky":false,"template":"","format":"standard","meta":{"footnotes":""},"categories":[8],"tags":[12,123],"class_list":["post-4044","post","type-post","status-publish","format-standard","hentry","category-aktualnosci","tag-odszkodowanie","tag-policja"],"_links":{"self":[{"href":"https:\/\/www.odszkodowania.info.pl\/index.php?rest_route=\/wp\/v2\/posts\/4044","targetHints":{"allow":["GET"]}}],"collection":[{"href":"https:\/\/www.odszkodowania.info.pl\/index.php?rest_route=\/wp\/v2\/posts"}],"about":[{"href":"https:\/\/www.odszkodowania.info.pl\/index.php?rest_route=\/wp\/v2\/types\/post"}],"author":[{"embeddable":true,"href":"https:\/\/www.odszkodowania.info.pl\/index.php?rest_route=\/wp\/v2\/users\/2"}],"replies":[{"embeddable":true,"href":"https:\/\/www.odszkodowania.info.pl\/index.php?rest_route=%2Fwp%2Fv2%2Fcomments&post=4044"}],"version-history":[{"count":2,"href":"https:\/\/www.odszkodowania.info.pl\/index.php?rest_route=\/wp\/v2\/posts\/4044\/revisions"}],"predecessor-version":[{"id":4046,"href":"https:\/\/www.odszkodowania.info.pl\/index.php?rest_route=\/wp\/v2\/posts\/4044\/revisions\/4046"}],"wp:attachment":[{"href":"https:\/\/www.odszkodowania.info.pl\/index.php?rest_route=%2Fwp%2Fv2%2Fmedia&parent=4044"}],"wp:term":[{"taxonomy":"category","embeddable":true,"href":"https:\/\/www.odszkodowania.info.pl\/index.php?rest_route=%2Fwp%2Fv2%2Fcategories&post=4044"},{"taxonomy":"post_tag","embeddable":true,"href":"https:\/\/www.odszkodowania.info.pl\/index.php?rest_route=%2Fwp%2Fv2%2Ftags&post=4044"}],"curies":[{"name":"wp","href":"https:\/\/api.w.org\/{rel}","templated":true}]}}