{"id":4087,"date":"2025-09-24T18:02:12","date_gmt":"2025-09-24T17:02:12","guid":{"rendered":"https:\/\/www.odszkodowania.info.pl\/?p=4087"},"modified":"2025-09-24T18:02:14","modified_gmt":"2025-09-24T17:02:14","slug":"nielegalnie-zmodyfikowal-pojazd-po-wypadku-nie-dostanie-nic-z-ac","status":"publish","type":"post","link":"https:\/\/www.odszkodowania.info.pl\/?p=4087","title":{"rendered":"Nielegalnie zmodyfikowa\u0142 pojazd po wypadku nie dostanie nic z AC"},"content":{"rendered":"\n<p>BMW Alpina B7 to auto warte milion z\u0142otych. Taki w\u0142a\u015bnie samoch\u00f3d roztrzaska\u0142 Sebastian M. (34 l.) w wypadku na autostradzie A1 pod Piotrkowem Trybunalskim. W\u0142a\u015bcicielem pojazdu by\u0142 Jaros\u0142aw M., ojciec Sebastiana. I cho\u0107 wyst\u0105pi\u0142 o odszkodowanie, b\u0119dzie si\u0119 musia\u0142 obej\u015b\u0107 smakiem. Jak nieoficjalnie ustali\u0142 &#8222;Fakt&#8221;, ubezpieczyciel oddali\u0142 jego roszczenia, bo w aucie Sebastian M. dokona\u0142 nielegalnych przer\u00f3bek i pojazd utraci\u0142 homologacj\u0119.<\/p>\n\n\n\n<p>Wrak jest obecnie w dyspozycji S\u0105du Rejonowego w Piotrkowie Trybunalskim. &#8222;Fakt&#8221; ustali\u0142, \u017ce tu\u017c po wypadku w pa\u017adzierniku 2023 r. Jaros\u0142aw M. ojciec oskar\u017conego Sebastiana M. wyst\u0105pi\u0142 do ubezpieczyciela z wnioskiem o wyp\u0142at\u0119 szkody z polisy. Prawnicy \u0142\u00f3dzkiego przedsi\u0119biorcy podnosili, \u017ce skoro w drodze wyj\u0105tku rodziny pokrzywdzonych w wypadku ubiegaj\u0105 si\u0119 o odszkodowania z polisy biznesmena, jemu r\u00f3wnie\u017c nale\u017cy si\u0119 wyp\u0142ata odszkodowania za zniszczone auto.<\/p>\n\n\n\n<p>Sprawa o wyp\u0142at\u0119 szkody toczy\u0142a si\u0119 przez dwa lata. Jak si\u0119 dowiedzia\u0142 &#8222;Fakt&#8221; od osoby znaj\u0105cej kulisy sprawy, ubezpieczyciel powo\u0142ywa\u0142 si\u0119 na ustalenia katowickiej Prokuratury Okr\u0119gowej, z kt\u00f3rych wynika, \u017ce Sebastian M. dokona\u0142 modyfikacji w poje\u017adzie. Auto utraci\u0142o fabryczn\u0105 homologacj\u0119. Z tego powodu ubezpieczyciel odmawia\u0142 wyp\u0142aty odszkodowania za zniszczone auto.<\/p>\n\n\n\n<p>Do wypadku dosz\u0142o 16 wrze\u015bnia 2023 r. Sebastian M. jecha\u0142 z zawrotn\u0105 pr\u0119dko\u015bci\u0105 ponad 300 km na godz. Wypad\u0142 z drogi i uderzy\u0142 w prawid\u0142ow\u0105 jad\u0105c\u0105 rodzin\u0119 z Myszkowa. Martyna (\u202037 l.), jej m\u0105\u017c Patryk (\u202039 l.) i ich syn Oliwier (\u20204 l.) sp\u0142on\u0119li uwi\u0119zieni w aucie. Sebastian M. po wypadku ukrywa\u0142 si\u0119 w Dubaju. Po deportacji do Polski us\u0142ysza\u0142 zarzuty spowodowania \u015bmiertelnego wypadku. Jego proces zacz\u0105\u0142 si\u0119 we wrze\u015bniu br. przed S\u0105dem Rejonowym w Piotrkowie Trybunalskim.<\/p>\n\n\n\n<p>Jaros\u0142aw M. wzi\u0105\u0142 luksusowe BMW w leasing 23 wrze\u015bnia 2020 r. Jednak to Sebastian M. korzysta\u0142 z pojazdu wartego milion z\u0142otych. Po wypadku biegli powo\u0142ani przez Prokuratur\u0119 Okr\u0119gow\u0105 w Katowicach stwierdzili, \u017ce na zlecenie Sebastiana M. auto zosta\u0142o zmodyfikowane. Grzebano w uk\u0142adzie sterownik\u00f3w silnika, dzi\u0119ki czemu zniesiono fabryczny ogranicznik pr\u0119dko\u015bci (300 km na godz.) i zwi\u0119kszono maszynie moc. Dodatkowo Sebastian M. na sta\u0142e zamontowa\u0142 te\u017c nielegalnie w samochodzie antyradar.<\/p>\n\n\n\n<p>W \u015bledztwie ustalono, \u017ce tak zmodyfikowany samoch\u00f3d nie by\u0142 obj\u0119ty homologacj\u0105 producenta. Gdy autoryzowany serwis usun\u0105\u0142 wgrane modyfikacje silnika, oskar\u017cony Sebastian M. przeprowadzi\u0142 ponownie zmiany. Zmodyfikowane auto dopuszczono do ruchu na podstawie danych ze \u015bwiadectwa homologacji producenta pojazdu z 2019 r., a to nie odpowiada\u0142o rzeczywistym parametrom.<\/p>\n\n\n\n<p><strong>Wypadek na A1. Dwie polisy i wyp\u0142ata odszkodowa\u0144<\/strong><\/p>\n\n\n\n<p>Po wypadku do ubezpieczyciela (Compensa TU S.A. Vienna Insurance Group) wp\u0142yn\u0119\u0142y dwa wnioski o wyp\u0142at\u0119 odszkodowa\u0144 z polisy Jaros\u0142awa M. Jeden dotyczy\u0142 wyp\u0142aty odszkodowania rodzinom ofiar wypadku. Ubezpieczyciel r\u00f3wnie\u017c i w tej sprawie pocz\u0105tkowo odmawia\u0142 roszcze\u0144. Powodem by\u0142a niejasna w\u00f3wczas sytuacja prawna, kto ostatecznie jest sprawc\u0105 wypadku. Wed\u0142ug pierwszych ustale\u0144 policji winnym by\u0142 zmar\u0142y kierowca. Gdy przyby\u0142o dowod\u00f3w, uznano, \u017ce sprawc\u0105 jest Sebastian M. Niejasne kwestie sprawstwa wypadku by\u0142y powodem do wstrzymania wyp\u0142aty dla rodzin pokrzywdzonych. Po nag\u0142o\u015bnieniu sprawy przez media, w listopadzie 2023 r. ubezpieczyciel poinformowa\u0142, \u017ce dokona\u0142 powt\u00f3rnej analizy sprawy i w drodze nadzwyczajnego trybu ostatecznie wyp\u0142aci\u0142 rodzinom zado\u015b\u0107uczynienie.<\/p>\n\n\n\n<p>R\u00f3wnolegle Compensa rozpatrywa\u0142a wyp\u0142at\u0119 szkody dla Jaros\u0142awa M. za zniszczone BMW. Spraw\u0119 w imieniu Jaros\u0142awa M. prowadzi\u0142a jedna z warszawskich kancelarii. Ostatecznie adwokaci nic nie wsk\u00f3rali. \u2014 Dla ubezpieczyciela wyp\u0142ata odszkodowania jest zamkni\u0119ta. Szkoda nie zosta\u0142a uznana z powodu nielegalnych przer\u00f3bek pojazdu \u2014 m\u00f3wi &#8222;Faktowi&#8221; osoba znaj\u0105ca kulisy sprawy.<\/p>\n\n\n\n<p><strong>Proces Sebastiana M. Wrak BMW dowodem rzeczowym<\/strong><\/p>\n\n\n\n<p>Compensa zas\u0142ania si\u0119 przepisami i nie odpowiedzia\u0142a na pytania &#8222;Faktu&#8221;. \u2014 Jako ubezpieczyciel jeste\u015bmy zobowi\u0105zani do zachowania tajemnicy ubezpieczeniowej i nie udzielamy informacji na temat prowadzonych post\u0119powa\u0144 i decyzji \u2014 poinformowa\u0142o &#8222;Fakt&#8221; biuro prasowe Compensa TU S.A. Vienna Insurance Group.<\/p>\n\n\n\n<p>Wrak auta jest nadal dowodem rzeczowym w dyspozycji S\u0105du Rejonowego w Piotrkowie Trybunalskim. S\u0105d ostatecznie zdecyduje co dalej z pojazdem, kiedy i czy wrak zostanie wydany posiadaczowi. Przepisy wskazuj\u0105, \u017ce auto mo\u017ce wr\u00f3ci\u0107 do w\u0142a\u015bciciela, kt\u00f3ry na sw\u00f3j koszt b\u0119dzie musia\u0142 zutylizowa\u0107 pojazd. Mo\u017ce te\u017c sprzeda\u0107 go na cz\u0119\u015bci.<\/p>\n\n\n\n<p>fakt.pl<\/p>\n","protected":false},"excerpt":{"rendered":"<p>BMW Alpina B7 to auto warte milion z\u0142otych. Taki w\u0142a\u015bnie samoch\u00f3d roztrzaska\u0142 Sebastian M. (34 l.) w wypadku na autostradzie A1 pod Piotrkowem Trybunalskim. W\u0142a\u015bcicielem pojazdu by\u0142 Jaros\u0142aw M., ojciec Sebastiana. I cho\u0107 wyst\u0105pi\u0142 o odszkodowanie, b\u0119dzie si\u0119 musia\u0142 obej\u015b\u0107 smakiem. Jak nieoficjalnie ustali\u0142 &#8222;Fakt&#8221;, ubezpieczyciel oddali\u0142 jego roszczenia, bo w aucie Sebastian M. dokona\u0142 [&hellip;]<\/p>\n","protected":false},"author":2,"featured_media":0,"comment_status":"open","ping_status":"open","sticky":false,"template":"","format":"standard","meta":{"footnotes":""},"categories":[8],"tags":[41,12,179],"class_list":["post-4087","post","type-post","status-publish","format-standard","hentry","category-aktualnosci","tag-ac","tag-odszkodowanie","tag-wypadek-komunikacyjny"],"_links":{"self":[{"href":"https:\/\/www.odszkodowania.info.pl\/index.php?rest_route=\/wp\/v2\/posts\/4087","targetHints":{"allow":["GET"]}}],"collection":[{"href":"https:\/\/www.odszkodowania.info.pl\/index.php?rest_route=\/wp\/v2\/posts"}],"about":[{"href":"https:\/\/www.odszkodowania.info.pl\/index.php?rest_route=\/wp\/v2\/types\/post"}],"author":[{"embeddable":true,"href":"https:\/\/www.odszkodowania.info.pl\/index.php?rest_route=\/wp\/v2\/users\/2"}],"replies":[{"embeddable":true,"href":"https:\/\/www.odszkodowania.info.pl\/index.php?rest_route=%2Fwp%2Fv2%2Fcomments&post=4087"}],"version-history":[{"count":1,"href":"https:\/\/www.odszkodowania.info.pl\/index.php?rest_route=\/wp\/v2\/posts\/4087\/revisions"}],"predecessor-version":[{"id":4088,"href":"https:\/\/www.odszkodowania.info.pl\/index.php?rest_route=\/wp\/v2\/posts\/4087\/revisions\/4088"}],"wp:attachment":[{"href":"https:\/\/www.odszkodowania.info.pl\/index.php?rest_route=%2Fwp%2Fv2%2Fmedia&parent=4087"}],"wp:term":[{"taxonomy":"category","embeddable":true,"href":"https:\/\/www.odszkodowania.info.pl\/index.php?rest_route=%2Fwp%2Fv2%2Fcategories&post=4087"},{"taxonomy":"post_tag","embeddable":true,"href":"https:\/\/www.odszkodowania.info.pl\/index.php?rest_route=%2Fwp%2Fv2%2Ftags&post=4087"}],"curies":[{"name":"wp","href":"https:\/\/api.w.org\/{rel}","templated":true}]}}