{"id":4096,"date":"2025-11-17T14:47:37","date_gmt":"2025-11-17T13:47:37","guid":{"rendered":"https:\/\/www.odszkodowania.info.pl\/?p=4096"},"modified":"2025-11-17T14:47:39","modified_gmt":"2025-11-17T13:47:39","slug":"rekompensata-za-nieudany-makijaz-permanentny-brwi","status":"publish","type":"post","link":"https:\/\/www.odszkodowania.info.pl\/?p=4096","title":{"rendered":"Rekompensata za nieudany makija\u017c permanentny brwi"},"content":{"rendered":"\n<p>Kaliski s\u0105d przyzna\u0142 rekompensat\u0119 klientce, kt\u00f3ra podda\u0142a si\u0119 zabiegowi wykonania makija\u017cu permanentnego, bo &#8211; mimo \u017ce oczekiwa\u0142a naturalnego efektu &#8211; z gabinetu wysz\u0142a z czarnymi i nier\u00f3wnymi brwiami. Przy ustaleniu jej wysoko\u015bci s\u0105d wzi\u0105\u0142 pod uwag\u0119 m.in. koszty zabieg\u00f3w usuwania mikropigmentacji.<\/p>\n\n\n\n<p>Sprawa, kt\u00f3ra zawis\u0142a na wokandzie S\u0105du Rejonowego w Kaliszu, by\u0142a pok\u0142osiem nieprawid\u0142owo wykonanego makija\u017cu permanentnego brwi. Poszkodowana w niej klientka, zwracaj\u0105c si\u0119 do do\u015bwiadczonej linergistki, oczekiwa\u0142a delikatnego efektu, kt\u00f3ry podkre\u015bli\u0142by jej naturaln\u0105 urod\u0119. Zagwarantowa\u0107 mia\u0142o jej to dobranie techniki ombre, jednak zamiast tego z gabinetu wysz\u0142a z grubymi, asymetrycznymi, nier\u00f3wnymi i czarnymi brwiami.<\/p>\n\n\n\n<p>Pocz\u0105tkowo przekonywano j\u0105, \u017ce na ostateczny, delikatniejszy efekt trzeba poczeka\u0107 kilka tygodni. Jednak \u2013 jak ustali\u0142 p\u00f3\u017aniej s\u0105d \u2013 makija\u017c nadawa\u0142 si\u0119 tylko do usuni\u0119cia, a nie do wykonania standardowo przys\u0142uguj\u0105cej po wygojeniu brwi korekty, przed\u0142u\u017caj\u0105cej trwa\u0142o\u015b\u0107 efektu i wyr\u00f3wnuj\u0105cej ewentualne ubytki czy asymetrie. Obawy klientki potwierdzono te\u017c w opiniach uzyskanych przez ni\u0105 w dw\u00f3ch niezale\u017cnych gabinetach, w kt\u00f3rych specjali\u015bci ocenili, \u017ce makija\u017c zosta\u0142 wykonany nieprawid\u0142owo.<\/p>\n\n\n\n<p><strong>Klientka zmuszona do chodzenia z czarnymi i nier\u00f3wnymi brwiami, pr\u00f3bowa\u0142a ratowa\u0107 si\u0119 makija\u017cem i zabiegami laserowymi<\/strong><\/p>\n\n\n\n<p>Dla klientki, kt\u00f3rej reklamacji us\u0142ugi nie przyj\u0119to, rozpocz\u0119\u0142a si\u0119 d\u0142ugotrwa\u0142a i bolesna walka o odzyskanie nie tylko straconych pieni\u0119dzy, ale te\u017c uzyskanie rekompensaty za swoje cierpienia. W swoim pozwie opisywa\u0142a ona, jaki wp\u0142yw ca\u0142a sytuacja wywar\u0142a na jej codzienne \u017cycie. Podkre\u015bla\u0142a, \u017ce czu\u0142a si\u0119 oszpecona i brzydka, a ka\u017cde wyj\u015bcie bez samodzielnego poprawiania sta\u0142ego makija\u017cu nie wchodzi\u0142o w gr\u0119.<\/p>\n\n\n\n<p>Pracuj\u0105c w przychodni lekarskiej, ka\u017cdego dnia musia\u0142a konfrontowa\u0107 si\u0119 z reakcjami ludzi na sw\u00f3j wygl\u0105d. Pr\u00f3buj\u0105c odwr\u00f3ci\u0107 skutki nieudanej inwestycji, podda\u0142a si\u0119 ona m.in. zabiegom laserowym, kt\u00f3rych celem by\u0142o usuni\u0119cie niechcianego koloru, jednak w efekcie sk\u00f3ra wybarwi\u0142a si\u0119 na kolor \u0142ososiowo-pomara\u0144czowy. Konieczne by\u0142y te\u017c zabiegi ig\u0142owe, kt\u00f3re mia\u0142y poprawi\u0107 jej wygl\u0105d i pom\u00f3c w jej rewitalizacji.<\/p>\n\n\n\n<p><strong>S\u0105d: dosz\u0142o do uszczerbku na wizerunku, klientce nie udzielono pomocy, b\u00f3lu podczas usuwania makija\u017cu permanentnego nie da si\u0119 z\u0142agodzi\u0107<\/strong><\/p>\n\n\n\n<p>S\u0105d, kt\u00f3ry rozpatrzy\u0142 spraw\u0119, wzi\u0105\u0142 pod uwag\u0119 m.in. koszty, jakie klientka ponie\u015b\u0107 musia\u0142a na drodze do uzyskania danego wygl\u0105du sk\u00f3ry, kt\u00f3rej stan w przysz\u0142o\u015bci kwalifikowa\u0142by j\u0105 do ponownego \u2013 prawid\u0142owego ju\u017c \u2013 wykonania makija\u017cu permanentnego. SR potwierdzi\u0142, \u017ce linergistka \u2013 mimo sta\u017cu zawodowego \u2013 nie mia\u0142a umiej\u0119tno\u015bci pracy z dobran\u0105 technik\u0105 ombre, w efekcie czego wykonane przez ni\u0105 brwi by\u0142y zbyt grube, ciemne i mocne.<\/p>\n\n\n\n<p>\u2013 W zwi\u0105zku z dzia\u0142aniami pozwanej dosz\u0142o do uszczerbku wizerunku pow\u00f3dki \u2013 uzasadni\u0142 s\u0105d. Specjalistka nie zaproponowa\u0142a swojej klientce jednak \u017cadnej pomocy ani w usuni\u0119ciu skutk\u00f3w swoich dzia\u0142a\u0144, ich naprawy, wi\u0119c ta musia\u0142a szuka\u0107 ratunku na w\u0142asn\u0105 r\u0119k\u0119. \u2013 Pow\u00f3dka bardzo bole\u015bnie odczu\u0142a usuwanie makija\u017cu permanentnego. Nie da si\u0119 z\u0142agodzi\u0107 niczym tego b\u00f3lu i dyskomfortu podczas usuwania \u2013 wskaza\u0142 s\u0105d.<\/p>\n\n\n\n<p>Zado\u015b\u0107uczynienie nie mo\u017ce premiowa\u0107 os\u00f3b o s\u0142abszej konstrukcji psychicznej ani by\u0107 krzywdz\u0105ce dla tych kumuluj\u0105cych w sobie emocje<\/p>\n\n\n\n<p>Swoje ustalenia opar\u0142 on na opinii bieg\u0142ych w dziedzinie kosmetologii estetycznej i makija\u017cu permanentnego, kt\u00f3rzy nie mieli w\u0105tpliwo\u015bci w kwestii jako\u015bci wykonanej us\u0142ugi. Poniewa\u017c klientka by\u0142a przed zabiegiem obj\u0119ta okresowym leczeniem psychiatrycznym (nie cierpia\u0142a jednak na \u017cadn\u0105 chorob\u0119 psychiczn\u0105, kt\u00f3ra uniemo\u017cliwi\u0142aby wykonanie makija\u017cu), konieczne by\u0142o r\u00f3wnie\u017c uzyskanie opinii bieg\u0142ych w tym zakresie. Ustalono jednak, \u017ce nieudany zabieg i jego efekt nie wp\u0142yn\u0119\u0142y negatywnie na zaostrzenie objaw\u00f3w w znacznym stopniu i nie wywo\u0142a\u0142y d\u0142ugotrwa\u0142ego uszczerbku na jej zdrowiu.<\/p>\n\n\n\n<p>S\u0105d nie mia\u0142 jednak w\u0105tpliwo\u015bci, \u017ce klientce nale\u017cy si\u0119 rekompensata. Rozwa\u017caj\u0105c jednak kwot\u0119 zado\u015b\u0107uczynienia, kt\u00f3re \u2013 opr\u00f3cz odszkodowania \u2013 nale\u017cy jej przyzna\u0107, podkre\u015bli\u0142, \u017ce musi ona wystarczy\u0107 do z\u0142agodzenia doznanych cierpie\u0144. A zarazem takie, kt\u00f3re \u201enie premiuje os\u00f3b o s\u0142abszej konstrukcji psychicznej, reaguj\u0105cych intensywniej na sytuacje traumatyczne lub te\u017c nie prowadzi do pokrzywdzenia os\u00f3b o osobowo\u015bci zamkni\u0119tej, kumuluj\u0105cej w sobie wewn\u0119trzne emocje\u201d. I ostatecznie przyzna\u0142 klientce 18,5 tys. z\u0142 rekompensaty.<\/p>\n\n\n\n<p>Wyrok jest prawomocny.<\/p>\n\n\n\n<p>sygnatura akt: I C 413\/23<\/p>\n\n\n\n<p>rp.pl<\/p>\n","protected":false},"excerpt":{"rendered":"<p>Kaliski s\u0105d przyzna\u0142 rekompensat\u0119 klientce, kt\u00f3ra podda\u0142a si\u0119 zabiegowi wykonania makija\u017cu permanentnego, bo &#8211; mimo \u017ce oczekiwa\u0142a naturalnego efektu &#8211; z gabinetu wysz\u0142a z czarnymi i nier\u00f3wnymi brwiami. Przy ustaleniu jej wysoko\u015bci s\u0105d wzi\u0105\u0142 pod uwag\u0119 m.in. koszty zabieg\u00f3w usuwania mikropigmentacji. Sprawa, kt\u00f3ra zawis\u0142a na wokandzie S\u0105du Rejonowego w Kaliszu, by\u0142a pok\u0142osiem nieprawid\u0142owo wykonanego makija\u017cu [&hellip;]<\/p>\n","protected":false},"author":2,"featured_media":0,"comment_status":"open","ping_status":"open","sticky":false,"template":"","format":"standard","meta":{"footnotes":""},"categories":[8],"tags":[12,13],"class_list":["post-4096","post","type-post","status-publish","format-standard","hentry","category-aktualnosci","tag-odszkodowanie","tag-zadoscuczynienie"],"_links":{"self":[{"href":"https:\/\/www.odszkodowania.info.pl\/index.php?rest_route=\/wp\/v2\/posts\/4096","targetHints":{"allow":["GET"]}}],"collection":[{"href":"https:\/\/www.odszkodowania.info.pl\/index.php?rest_route=\/wp\/v2\/posts"}],"about":[{"href":"https:\/\/www.odszkodowania.info.pl\/index.php?rest_route=\/wp\/v2\/types\/post"}],"author":[{"embeddable":true,"href":"https:\/\/www.odszkodowania.info.pl\/index.php?rest_route=\/wp\/v2\/users\/2"}],"replies":[{"embeddable":true,"href":"https:\/\/www.odszkodowania.info.pl\/index.php?rest_route=%2Fwp%2Fv2%2Fcomments&post=4096"}],"version-history":[{"count":1,"href":"https:\/\/www.odszkodowania.info.pl\/index.php?rest_route=\/wp\/v2\/posts\/4096\/revisions"}],"predecessor-version":[{"id":4097,"href":"https:\/\/www.odszkodowania.info.pl\/index.php?rest_route=\/wp\/v2\/posts\/4096\/revisions\/4097"}],"wp:attachment":[{"href":"https:\/\/www.odszkodowania.info.pl\/index.php?rest_route=%2Fwp%2Fv2%2Fmedia&parent=4096"}],"wp:term":[{"taxonomy":"category","embeddable":true,"href":"https:\/\/www.odszkodowania.info.pl\/index.php?rest_route=%2Fwp%2Fv2%2Fcategories&post=4096"},{"taxonomy":"post_tag","embeddable":true,"href":"https:\/\/www.odszkodowania.info.pl\/index.php?rest_route=%2Fwp%2Fv2%2Ftags&post=4096"}],"curies":[{"name":"wp","href":"https:\/\/api.w.org\/{rel}","templated":true}]}}