{"id":420,"date":"2009-05-21T21:20:00","date_gmt":"2009-05-21T20:20:00","guid":{"rendered":"http:\/\/www.odszkodowania.info.pl\/?p=420"},"modified":"2009-05-21T21:20:00","modified_gmt":"2009-05-21T20:20:00","slug":"latwiej-o-zasilek-pogrzebowy-po-zaginionym","status":"publish","type":"post","link":"https:\/\/www.odszkodowania.info.pl\/?p=420","title":{"rendered":"\u0141atwiej o zasi\u0142ek pogrzebowy po zaginionym"},"content":{"rendered":"<p>Od jutra bliscy os\u00f3b zaginionych, kt\u00f3rych cia\u0142a zosta\u0142y odnalezione po d\u0142u\u017cszym czasie, nie b\u0119d\u0105 pozbawieni prawa do zasi\u0142ku pogrzebowego. W\u0142a\u015bnie wchodzi bowiem w \u017cycie ustawa z 3 kwietnia 2009 r. o zmianie ustawy o emeryturach i rentach z Funduszu Ubezpiecze\u0144 Spo\u0142ecznych (DzU nr 69, poz. 596).<\/p>\n<p>Do art. 81 ustawy emerytalnej dodano szczeg\u00f3lne zasady nabywania prawa do zasi\u0142ku pogrzebowego, w sytuacji gdy cia\u0142o zaginionego odnajduje si\u0119 po okresie d\u0142u\u017cszym ni\u017c 12 miesi\u0119cy od jego \u015bmierci. A w\u0142a\u015bnie po takim czasie, zgodnie z dotychczasowymi przepisami, prawo do ubiegania si\u0119 o zasi\u0142ek pogrzebowy wygasa. Nie mog\u0142y wi\u0119c z niego korzysta\u0107 rodziny zaginionych, kt\u00f3rych cia\u0142a odnajdywa\u0142y si\u0119 po d\u0142u\u017cszym czasie. Teraz, je\u015bli dotrzymanie tego terminu nie b\u0119dzie mo\u017cliwe z powodu p\u00f3\u017aniejszego odnalezienia zw\u0142ok lub zidentyfikowania osoby zmar\u0142ej, prawo do zasi\u0142ku pogrzebowego wyga\u015bnie po up\u0142ywie 12 miesi\u0119cy od daty sporz\u0105dzenia aktu zgonu. Do potwierdzenia tej daty b\u0119dzie potrzebne za\u015bwiadczenie z policji lub prokuratury albo odpis zupe\u0142ny aktu zgonu. Opr\u00f3cz tego nale\u017cy z\u0142o\u017cy\u0107 wniosek na druku ZUS Z-12, rachunki za pogrzeb, dokumenty potwierdzaj\u0105ce pokrewie\u0144stwo lub powinowactwo.<\/p>\n<p>Zasi\u0142ek pogrzebowy przys\u0142uguje osobie, kt\u00f3ra pokry\u0142a koszty pogrzebu. Nie tylko rodzinie, ale te\u017c pracodawcy, domowi pomocy spo\u0142ecznej, gminie, powiatowi, ko\u015bcio\u0142owi lub zwi\u0105zkowi wyznaniowemu, je\u017celi to one je pokry\u0142y.<\/p>\n<p>Od 1 marca do 31 maja zasi\u0142ek wynosi 6193,10 z\u0142.<br \/>\nRzeczpospolita<\/p>\n","protected":false},"excerpt":{"rendered":"<p>Okres 12 miesi\u0119cy na z\u0142o\u017cenie wniosku do ZUS b\u0119dzie si\u0119 liczy\u0107 od daty odnalezienia zw\u0142ok, a nie od dnia \u015bmierci.<\/p>\n","protected":false},"author":2,"featured_media":0,"comment_status":"open","ping_status":"open","sticky":false,"template":"","format":"standard","meta":{"footnotes":""},"categories":[8,1],"tags":[12,19],"class_list":["post-420","post","type-post","status-publish","format-standard","hentry","category-aktualnosci","category-brak-kategorii","tag-odszkodowanie","tag-zus"],"_links":{"self":[{"href":"https:\/\/www.odszkodowania.info.pl\/index.php?rest_route=\/wp\/v2\/posts\/420","targetHints":{"allow":["GET"]}}],"collection":[{"href":"https:\/\/www.odszkodowania.info.pl\/index.php?rest_route=\/wp\/v2\/posts"}],"about":[{"href":"https:\/\/www.odszkodowania.info.pl\/index.php?rest_route=\/wp\/v2\/types\/post"}],"author":[{"embeddable":true,"href":"https:\/\/www.odszkodowania.info.pl\/index.php?rest_route=\/wp\/v2\/users\/2"}],"replies":[{"embeddable":true,"href":"https:\/\/www.odszkodowania.info.pl\/index.php?rest_route=%2Fwp%2Fv2%2Fcomments&post=420"}],"version-history":[{"count":1,"href":"https:\/\/www.odszkodowania.info.pl\/index.php?rest_route=\/wp\/v2\/posts\/420\/revisions"}],"predecessor-version":[{"id":421,"href":"https:\/\/www.odszkodowania.info.pl\/index.php?rest_route=\/wp\/v2\/posts\/420\/revisions\/421"}],"wp:attachment":[{"href":"https:\/\/www.odszkodowania.info.pl\/index.php?rest_route=%2Fwp%2Fv2%2Fmedia&parent=420"}],"wp:term":[{"taxonomy":"category","embeddable":true,"href":"https:\/\/www.odszkodowania.info.pl\/index.php?rest_route=%2Fwp%2Fv2%2Fcategories&post=420"},{"taxonomy":"post_tag","embeddable":true,"href":"https:\/\/www.odszkodowania.info.pl\/index.php?rest_route=%2Fwp%2Fv2%2Ftags&post=420"}],"curies":[{"name":"wp","href":"https:\/\/api.w.org\/{rel}","templated":true}]}}