{"id":4341,"date":"2026-09-04T15:28:18","date_gmt":"2026-09-04T14:28:18","guid":{"rendered":"https:\/\/www.odszkodowania.info.pl\/?p=4341"},"modified":"2026-09-04T15:28:21","modified_gmt":"2026-09-04T14:28:21","slug":"knf-11-mln-zl-kary-dla-agro-ubezpieczenia-chodzi-o-skladki-oc-niewystarczajace-do-pokrycia-zobowiazan","status":"publish","type":"post","link":"https:\/\/www.odszkodowania.info.pl\/?p=4341","title":{"rendered":"KNF: 1,1 mln z\u0142 kary dla AGRO Ubezpieczenia. Chodzi o sk\u0142adki OC niewystarczaj\u0105ce do pokrycia zobowi\u0105za\u0144"},"content":{"rendered":"\n<p class=\"wp-block-paragraph\">Komisja Nadzoru Finansowego na\u0142o\u017cy\u0142a na AGRO Ubezpieczenia Towarzystwo Ubezpiecze\u0144 Wzajemnych kar\u0119 w wysoko\u015bci 1,1 mln z\u0142 w zwi\u0105zku ze sposobem ustalania sk\u0142adek w obowi\u0105zkowym ubezpieczeniu OC posiadaczy pojazd\u00f3w mechanicznych.<\/p>\n\n\n\n<p class=\"wp-block-paragraph\">Informacj\u0119 o ostatecznej decyzji KNF opublikowano 3 wrze\u015bnia 2026 r. Sama decyzja zosta\u0142a wydana 28 sierpnia.<\/p>\n\n\n\n<p class=\"wp-block-paragraph\">Sprawa jest interesuj\u0105ca nie tylko z punktu widzenia rynku ubezpieczeniowego. Pokazuje bowiem bezpo\u015bredni zwi\u0105zek pomi\u0119dzy cen\u0105 polisy OC a zdolno\u015bci\u0105 zak\u0142adu ubezpiecze\u0144 do p\u00f3\u017aniejszego wyp\u0142acania nale\u017cnych odszkodowa\u0144.<\/p>\n\n\n\n<p class=\"wp-block-paragraph\"><strong>Sk\u0142adka musi wystarczy\u0107 na przysz\u0142e odszkodowania<\/strong><\/p>\n\n\n\n<p class=\"wp-block-paragraph\">KNF zakwestionowa\u0142a spos\u00f3b kalkulacji sk\u0142adek stosowany przez AGRO Ubezpieczenia w latach 2022\u20132024.<\/p>\n\n\n\n<p class=\"wp-block-paragraph\">Wed\u0142ug organu sk\u0142adki w grupie obejmuj\u0105cej obowi\u0105zkowe OC komunikacyjne by\u0142y ustalane na poziomie, kt\u00f3ry nie zapewnia\u0142 co najmniej wykonania wszystkich zobowi\u0105za\u0144 wynikaj\u0105cych z um\u00f3w ubezpieczenia oraz pokrycia koszt\u00f3w prowadzenia dzia\u0142alno\u015bci.<\/p>\n\n\n\n<p class=\"wp-block-paragraph\">To podstawowa zasada ekonomiczna funkcjonowania ubezpiecze\u0144.<\/p>\n\n\n\n<p class=\"wp-block-paragraph\">Zak\u0142ad pobiera sk\u0142adki dzisiaj, ale z uzyskanych \u015brodk\u00f3w musi by\u0107 zdolny finansowa\u0107 r\u00f3wnie\u017c szkody, kt\u00f3rych skutki b\u0119d\u0105 rozliczane w przysz\u0142o\u015bci.<\/p>\n\n\n\n<p class=\"wp-block-paragraph\">Dotyczy to zw\u0142aszcza ci\u0119\u017ckich szk\u00f3d osobowych, w kt\u00f3rych z jednej polisy przez wiele lat mog\u0105 by\u0107 wyp\u0142acane wysokie renty.<\/p>\n\n\n\n<p class=\"wp-block-paragraph\"><strong>Po ponownym rozpatrzeniu kara zosta\u0142a obni\u017cona<\/strong><\/p>\n\n\n\n<p class=\"wp-block-paragraph\">Wcze\u015bniej KNF ustali\u0142a kar\u0119 na poziomie 1,3 mln z\u0142.<\/p>\n\n\n\n<p class=\"wp-block-paragraph\">Po ponownym rozpatrzeniu sprawy wysoko\u015b\u0107 sankcji zosta\u0142a zmniejszona do 1,1 mln z\u0142.<\/p>\n\n\n\n<p class=\"wp-block-paragraph\">Decyzja jest ostateczna w administracyjnym toku instancji. Zak\u0142ad mo\u017ce jednak podda\u0107 j\u0105 kontroli Wojew\u00f3dzkiego S\u0105du Administracyjnego.<\/p>\n\n\n\n<p class=\"wp-block-paragraph\"><strong>Tanie OC nie mo\u017ce odbywa\u0107 si\u0119 kosztem bezpiecze\u0144stwa poszkodowanych<\/strong><\/p>\n\n\n\n<p class=\"wp-block-paragraph\">Konkurencja pomi\u0119dzy ubezpieczycielami powoduje presj\u0119 na utrzymywanie atrakcyjnych cen polis.<\/p>\n\n\n\n<p class=\"wp-block-paragraph\">W obowi\u0105zkowym OC istnieje jednak granica, poni\u017cej kt\u00f3rej agresywna polityka cenowa mo\u017ce zagrozi\u0107 prawid\u0142owemu wykonywaniu przysz\u0142ych zobowi\u0105za\u0144.<\/p>\n\n\n\n<p class=\"wp-block-paragraph\">Z punktu widzenia osoby kupuj\u0105cej OC wysoko\u015b\u0107 sk\u0142adki jest oczywi\u015bcie istotna.<\/p>\n\n\n\n<p class=\"wp-block-paragraph\">Z punktu widzenia poszkodowanego najwa\u017cniejsze jest jednak to, aby zak\u0142ad odpowiedzialny za szkod\u0119 dysponowa\u0142 \u015brodkami pozwalaj\u0105cymi wyp\u0142aci\u0107 pe\u0142ne odszkodowanie, zado\u015b\u0107uczynienie i ewentualne wieloletnie renty.<\/p>\n\n\n\n<p class=\"wp-block-paragraph\"><strong>Koszt szk\u00f3d komunikacyjnych systematycznie ro\u015bnie<\/strong><\/p>\n\n\n\n<p class=\"wp-block-paragraph\">Decyzja KNF jest szczeg\u00f3lnie interesuj\u0105ca w zestawieniu z aktualnymi danymi rynku ubezpieczeniowego.<\/p>\n\n\n\n<p class=\"wp-block-paragraph\">\u015arednia warto\u015b\u0107 szkody z OC komunikacyjnego wynosi ju\u017c oko\u0142o 12,2 tys. z\u0142 i nadal ro\u015bnie.<\/p>\n\n\n\n<p class=\"wp-block-paragraph\">Coraz dro\u017csze s\u0105 cz\u0119\u015bci samochodowe, robocizna i naprawy nowoczesnych pojazd\u00f3w. W ci\u0119\u017ckich szkodach osobowych rosn\u0105 r\u00f3wnie\u017c koszty leczenia, rehabilitacji, opieki oraz wysoko\u015b\u0107 \u015bwiadcze\u0144 kompensacyjnych.<\/p>\n\n\n\n<p class=\"wp-block-paragraph\">Ubezpieczyciel musi wi\u0119c kalkulowa\u0107 cen\u0119 polisy z uwzgl\u0119dnieniem rzeczywistych przysz\u0142ych koszt\u00f3w.<\/p>\n\n\n\n<p class=\"wp-block-paragraph\"><strong>Nadz\u00f3r nad taryfami chroni r\u00f3wnie\u017c osoby poszkodowane<\/strong><\/p>\n\n\n\n<p class=\"wp-block-paragraph\">Sp\u00f3r mo\u017ce pozornie dotyczy\u0107 wy\u0142\u0105cznie rachunku ekonomicznego zak\u0142adu ubezpiecze\u0144.<\/p>\n\n\n\n<p class=\"wp-block-paragraph\">W rzeczywisto\u015bci ma znacznie szersze znaczenie.<\/p>\n\n\n\n<p class=\"wp-block-paragraph\">Odpowiednie finansowanie zobowi\u0105za\u0144 ubezpieczyciela jest jednym z element\u00f3w systemu ochrony poszkodowanych. Polisa OC ma bowiem spe\u0142nia\u0107 swoj\u0105 funkcj\u0119 nie tylko w dniu jej sprzeda\u017cy, ale przede wszystkim wtedy, gdy dojdzie do wypadku i powstanie obowi\u0105zek zap\u0142aty \u015bwiadcze\u0144.<\/p>\n\n\n\n<p class=\"wp-block-paragraph\">Decyzja dotycz\u0105ca AGRO Ubezpieczenia przypomina wi\u0119c, \u017ce konkurencja cenowa na rynku obowi\u0105zkowego OC nie mo\u017ce odbywa\u0107 si\u0119 kosztem zdolno\u015bci do pokrywania szk\u00f3d.<\/p>\n\n\n\n<p class=\"wp-block-paragraph\">\u0179r\u00f3d\u0142o: Komisja Nadzoru Finansowego, decyzja z 28 sierpnia 2026 r., informacja opublikowana 3 wrze\u015bnia 2026 r.<\/p>\n\n\n\n<p class=\"wp-block-paragraph\"><\/p>\n","protected":false},"excerpt":{"rendered":"<p>Komisja Nadzoru Finansowego na\u0142o\u017cy\u0142a na AGRO Ubezpieczenia Towarzystwo Ubezpiecze\u0144 Wzajemnych kar\u0119 w wysoko\u015bci 1,1 mln z\u0142 w zwi\u0105zku ze sposobem ustalania sk\u0142adek w obowi\u0105zkowym ubezpieczeniu OC posiadaczy pojazd\u00f3w mechanicznych. Informacj\u0119 o ostatecznej decyzji KNF opublikowano 3 wrze\u015bnia 2026 r. Sama decyzja zosta\u0142a wydana 28 sierpnia. Sprawa jest interesuj\u0105ca nie tylko z punktu widzenia rynku ubezpieczeniowego. [&hellip;]<\/p>\n","protected":false},"author":2,"featured_media":0,"comment_status":"open","ping_status":"open","sticky":false,"template":"","format":"standard","meta":{"footnotes":""},"categories":[8],"tags":[26,22],"class_list":["post-4341","post","type-post","status-publish","format-standard","hentry","category-aktualnosci","tag-knf","tag-oc"],"yoast_head":"<!-- This site is optimized with the Yoast SEO plugin v28.4 - https:\/\/yoast.com\/product\/yoast-seo-wordpress\/ -->\n<title>KNF: 1,1 mln z\u0142 kary dla AGRO Ubezpieczenia. Chodzi o sk\u0142adki OC niewystarczaj\u0105ce do pokrycia zobowi\u0105za\u0144 - odszkodowania.info.pl<\/title>\n<meta name=\"robots\" content=\"index, follow, max-snippet:-1, max-image-preview:large, max-video-preview:-1\" \/>\n<link rel=\"canonical\" href=\"https:\/\/www.odszkodowania.info.pl\/?p=4341\" \/>\n<meta property=\"og:locale\" content=\"pl_PL\" \/>\n<meta property=\"og:type\" content=\"article\" \/>\n<meta property=\"og:title\" content=\"KNF: 1,1 mln z\u0142 kary dla AGRO Ubezpieczenia. Chodzi o sk\u0142adki OC niewystarczaj\u0105ce do pokrycia zobowi\u0105za\u0144 - odszkodowania.info.pl\" \/>\n<meta property=\"og:description\" content=\"Komisja Nadzoru Finansowego na\u0142o\u017cy\u0142a na AGRO Ubezpieczenia Towarzystwo Ubezpiecze\u0144 Wzajemnych kar\u0119 w wysoko\u015bci 1,1 mln z\u0142 w zwi\u0105zku ze sposobem ustalania sk\u0142adek w obowi\u0105zkowym ubezpieczeniu OC posiadaczy pojazd\u00f3w mechanicznych. Informacj\u0119 o ostatecznej decyzji KNF opublikowano 3 wrze\u015bnia 2026 r. Sama decyzja zosta\u0142a wydana 28 sierpnia. Sprawa jest interesuj\u0105ca nie tylko z punktu widzenia rynku ubezpieczeniowego. [&hellip;]\" \/>\n<meta property=\"og:url\" content=\"https:\/\/www.odszkodowania.info.pl\/?p=4341\" \/>\n<meta property=\"og:site_name\" content=\"odszkodowania.info.pl\" \/>\n<meta property=\"article:publisher\" content=\"https:\/\/www.facebook.com\/odszkodowaniainfopl\" \/>\n<meta property=\"article:published_time\" content=\"2026-09-04T14:28:18+00:00\" \/>\n<meta property=\"article:modified_time\" content=\"2026-09-04T14:28:21+00:00\" \/>\n<meta name=\"author\" content=\"LC\" \/>\n<meta name=\"twitter:card\" content=\"summary_large_image\" \/>\n<meta name=\"twitter:label1\" content=\"Napisane przez\" \/>\n\t<meta name=\"twitter:data1\" content=\"LC\" \/>\n\t<meta name=\"twitter:label2\" content=\"Szacowany czas czytania\" \/>\n\t<meta name=\"twitter:data2\" content=\"3 minuty\" \/>\n<script type=\"application\/ld+json\" class=\"yoast-schema-graph\">{\"@context\":\"https:\\\/\\\/schema.org\",\"@graph\":[{\"@type\":\"Article\",\"@id\":\"https:\\\/\\\/www.odszkodowania.info.pl\\\/?p=4341#article\",\"isPartOf\":{\"@id\":\"https:\\\/\\\/www.odszkodowania.info.pl\\\/?p=4341\"},\"author\":{\"name\":\"LC\",\"@id\":\"https:\\\/\\\/www.odszkodowania.info.pl\\\/#\\\/schema\\\/person\\\/81089a51b1129e06b224025d97ae2297\"},\"headline\":\"KNF: 1,1 mln z\u0142 kary dla AGRO Ubezpieczenia. Chodzi o sk\u0142adki OC niewystarczaj\u0105ce do pokrycia zobowi\u0105za\u0144\",\"datePublished\":\"2026-09-04T14:28:18+00:00\",\"dateModified\":\"2026-09-04T14:28:21+00:00\",\"mainEntityOfPage\":{\"@id\":\"https:\\\/\\\/www.odszkodowania.info.pl\\\/?p=4341\"},\"wordCount\":563,\"commentCount\":0,\"publisher\":{\"@id\":\"https:\\\/\\\/www.odszkodowania.info.pl\\\/#organization\"},\"keywords\":[\"KNF\",\"OC\"],\"articleSection\":[\"Aktualno\u015bci\"],\"inLanguage\":\"pl-PL\",\"potentialAction\":[{\"@type\":\"CommentAction\",\"name\":\"Comment\",\"target\":[\"https:\\\/\\\/www.odszkodowania.info.pl\\\/?p=4341#respond\"]}]},{\"@type\":\"WebPage\",\"@id\":\"https:\\\/\\\/www.odszkodowania.info.pl\\\/?p=4341\",\"url\":\"https:\\\/\\\/www.odszkodowania.info.pl\\\/?p=4341\",\"name\":\"KNF: 1,1 mln z\u0142 kary dla AGRO Ubezpieczenia. Chodzi o sk\u0142adki OC niewystarczaj\u0105ce do pokrycia zobowi\u0105za\u0144 - odszkodowania.info.pl\",\"isPartOf\":{\"@id\":\"https:\\\/\\\/www.odszkodowania.info.pl\\\/#website\"},\"datePublished\":\"2026-09-04T14:28:18+00:00\",\"dateModified\":\"2026-09-04T14:28:21+00:00\",\"breadcrumb\":{\"@id\":\"https:\\\/\\\/www.odszkodowania.info.pl\\\/?p=4341#breadcrumb\"},\"inLanguage\":\"pl-PL\",\"potentialAction\":[{\"@type\":\"ReadAction\",\"target\":[\"https:\\\/\\\/www.odszkodowania.info.pl\\\/?p=4341\"]}]},{\"@type\":\"BreadcrumbList\",\"@id\":\"https:\\\/\\\/www.odszkodowania.info.pl\\\/?p=4341#breadcrumb\",\"itemListElement\":[{\"@type\":\"ListItem\",\"position\":1,\"name\":\"Strona g\u0142\u00f3wna\",\"item\":\"https:\\\/\\\/www.odszkodowania.info.pl\\\/\"},{\"@type\":\"ListItem\",\"position\":2,\"name\":\"KNF: 1,1 mln z\u0142 kary dla AGRO Ubezpieczenia. Chodzi o sk\u0142adki OC niewystarczaj\u0105ce do pokrycia zobowi\u0105za\u0144\"}]},{\"@type\":\"WebSite\",\"@id\":\"https:\\\/\\\/www.odszkodowania.info.pl\\\/#website\",\"url\":\"https:\\\/\\\/www.odszkodowania.info.pl\\\/\",\"name\":\"odszkodowania.info.pl\",\"description\":\"Wszystko o odszkodowaniach\",\"publisher\":{\"@id\":\"https:\\\/\\\/www.odszkodowania.info.pl\\\/#organization\"},\"potentialAction\":[{\"@type\":\"SearchAction\",\"target\":{\"@type\":\"EntryPoint\",\"urlTemplate\":\"https:\\\/\\\/www.odszkodowania.info.pl\\\/?s={search_term_string}\"},\"query-input\":{\"@type\":\"PropertyValueSpecification\",\"valueRequired\":true,\"valueName\":\"search_term_string\"}}],\"inLanguage\":\"pl-PL\"},{\"@type\":\"Organization\",\"@id\":\"https:\\\/\\\/www.odszkodowania.info.pl\\\/#organization\",\"name\":\"odszkodowania.info.pl\",\"url\":\"https:\\\/\\\/www.odszkodowania.info.pl\\\/\",\"logo\":{\"@type\":\"ImageObject\",\"inLanguage\":\"pl-PL\",\"@id\":\"https:\\\/\\\/www.odszkodowania.info.pl\\\/#\\\/schema\\\/logo\\\/image\\\/\",\"url\":\"https:\\\/\\\/www.odszkodowania.info.pl\\\/wp-content\\\/uploads\\\/logo-2.png\",\"contentUrl\":\"https:\\\/\\\/www.odszkodowania.info.pl\\\/wp-content\\\/uploads\\\/logo-2.png\",\"width\":621,\"height\":111,\"caption\":\"odszkodowania.info.pl\"},\"image\":{\"@id\":\"https:\\\/\\\/www.odszkodowania.info.pl\\\/#\\\/schema\\\/logo\\\/image\\\/\"},\"sameAs\":[\"https:\\\/\\\/www.facebook.com\\\/odszkodowaniainfopl\"]},{\"@type\":\"Person\",\"@id\":\"https:\\\/\\\/www.odszkodowania.info.pl\\\/#\\\/schema\\\/person\\\/81089a51b1129e06b224025d97ae2297\",\"name\":\"LC\",\"image\":{\"@type\":\"ImageObject\",\"inLanguage\":\"pl-PL\",\"@id\":\"https:\\\/\\\/secure.gravatar.com\\\/avatar\\\/368ab2569454c5032bed019ad5b5026d9aba56422516ad0406aaf5f8cadda7e8?s=96&d=blank&r=g\",\"url\":\"https:\\\/\\\/secure.gravatar.com\\\/avatar\\\/368ab2569454c5032bed019ad5b5026d9aba56422516ad0406aaf5f8cadda7e8?s=96&d=blank&r=g\",\"contentUrl\":\"https:\\\/\\\/secure.gravatar.com\\\/avatar\\\/368ab2569454c5032bed019ad5b5026d9aba56422516ad0406aaf5f8cadda7e8?s=96&d=blank&r=g\",\"caption\":\"LC\"},\"url\":\"https:\\\/\\\/www.odszkodowania.info.pl\\\/?author=2\"}]}<\/script>\n<!-- \/ Yoast SEO plugin. -->","yoast_head_json":{"title":"KNF: 1,1 mln z\u0142 kary dla AGRO Ubezpieczenia. Chodzi o sk\u0142adki OC niewystarczaj\u0105ce do pokrycia zobowi\u0105za\u0144 - odszkodowania.info.pl","robots":{"index":"index","follow":"follow","max-snippet":"max-snippet:-1","max-image-preview":"max-image-preview:large","max-video-preview":"max-video-preview:-1"},"canonical":"https:\/\/www.odszkodowania.info.pl\/?p=4341","og_locale":"pl_PL","og_type":"article","og_title":"KNF: 1,1 mln z\u0142 kary dla AGRO Ubezpieczenia. Chodzi o sk\u0142adki OC niewystarczaj\u0105ce do pokrycia zobowi\u0105za\u0144 - odszkodowania.info.pl","og_description":"Komisja Nadzoru Finansowego na\u0142o\u017cy\u0142a na AGRO Ubezpieczenia Towarzystwo Ubezpiecze\u0144 Wzajemnych kar\u0119 w wysoko\u015bci 1,1 mln z\u0142 w zwi\u0105zku ze sposobem ustalania sk\u0142adek w obowi\u0105zkowym ubezpieczeniu OC posiadaczy pojazd\u00f3w mechanicznych. Informacj\u0119 o ostatecznej decyzji KNF opublikowano 3 wrze\u015bnia 2026 r. Sama decyzja zosta\u0142a wydana 28 sierpnia. Sprawa jest interesuj\u0105ca nie tylko z punktu widzenia rynku ubezpieczeniowego. [&hellip;]","og_url":"https:\/\/www.odszkodowania.info.pl\/?p=4341","og_site_name":"odszkodowania.info.pl","article_publisher":"https:\/\/www.facebook.com\/odszkodowaniainfopl","article_published_time":"2026-09-04T14:28:18+00:00","article_modified_time":"2026-09-04T14:28:21+00:00","author":"LC","twitter_card":"summary_large_image","twitter_misc":{"Napisane przez":"LC","Szacowany czas czytania":"3 minuty"},"schema":{"@context":"https:\/\/schema.org","@graph":[{"@type":"Article","@id":"https:\/\/www.odszkodowania.info.pl\/?p=4341#article","isPartOf":{"@id":"https:\/\/www.odszkodowania.info.pl\/?p=4341"},"author":{"name":"LC","@id":"https:\/\/www.odszkodowania.info.pl\/#\/schema\/person\/81089a51b1129e06b224025d97ae2297"},"headline":"KNF: 1,1 mln z\u0142 kary dla AGRO Ubezpieczenia. Chodzi o sk\u0142adki OC niewystarczaj\u0105ce do pokrycia zobowi\u0105za\u0144","datePublished":"2026-09-04T14:28:18+00:00","dateModified":"2026-09-04T14:28:21+00:00","mainEntityOfPage":{"@id":"https:\/\/www.odszkodowania.info.pl\/?p=4341"},"wordCount":563,"commentCount":0,"publisher":{"@id":"https:\/\/www.odszkodowania.info.pl\/#organization"},"keywords":["KNF","OC"],"articleSection":["Aktualno\u015bci"],"inLanguage":"pl-PL","potentialAction":[{"@type":"CommentAction","name":"Comment","target":["https:\/\/www.odszkodowania.info.pl\/?p=4341#respond"]}]},{"@type":"WebPage","@id":"https:\/\/www.odszkodowania.info.pl\/?p=4341","url":"https:\/\/www.odszkodowania.info.pl\/?p=4341","name":"KNF: 1,1 mln z\u0142 kary dla AGRO Ubezpieczenia. Chodzi o sk\u0142adki OC niewystarczaj\u0105ce do pokrycia zobowi\u0105za\u0144 - odszkodowania.info.pl","isPartOf":{"@id":"https:\/\/www.odszkodowania.info.pl\/#website"},"datePublished":"2026-09-04T14:28:18+00:00","dateModified":"2026-09-04T14:28:21+00:00","breadcrumb":{"@id":"https:\/\/www.odszkodowania.info.pl\/?p=4341#breadcrumb"},"inLanguage":"pl-PL","potentialAction":[{"@type":"ReadAction","target":["https:\/\/www.odszkodowania.info.pl\/?p=4341"]}]},{"@type":"BreadcrumbList","@id":"https:\/\/www.odszkodowania.info.pl\/?p=4341#breadcrumb","itemListElement":[{"@type":"ListItem","position":1,"name":"Strona g\u0142\u00f3wna","item":"https:\/\/www.odszkodowania.info.pl\/"},{"@type":"ListItem","position":2,"name":"KNF: 1,1 mln z\u0142 kary dla AGRO Ubezpieczenia. Chodzi o sk\u0142adki OC niewystarczaj\u0105ce do pokrycia zobowi\u0105za\u0144"}]},{"@type":"WebSite","@id":"https:\/\/www.odszkodowania.info.pl\/#website","url":"https:\/\/www.odszkodowania.info.pl\/","name":"odszkodowania.info.pl","description":"Wszystko o odszkodowaniach","publisher":{"@id":"https:\/\/www.odszkodowania.info.pl\/#organization"},"potentialAction":[{"@type":"SearchAction","target":{"@type":"EntryPoint","urlTemplate":"https:\/\/www.odszkodowania.info.pl\/?s={search_term_string}"},"query-input":{"@type":"PropertyValueSpecification","valueRequired":true,"valueName":"search_term_string"}}],"inLanguage":"pl-PL"},{"@type":"Organization","@id":"https:\/\/www.odszkodowania.info.pl\/#organization","name":"odszkodowania.info.pl","url":"https:\/\/www.odszkodowania.info.pl\/","logo":{"@type":"ImageObject","inLanguage":"pl-PL","@id":"https:\/\/www.odszkodowania.info.pl\/#\/schema\/logo\/image\/","url":"https:\/\/www.odszkodowania.info.pl\/wp-content\/uploads\/logo-2.png","contentUrl":"https:\/\/www.odszkodowania.info.pl\/wp-content\/uploads\/logo-2.png","width":621,"height":111,"caption":"odszkodowania.info.pl"},"image":{"@id":"https:\/\/www.odszkodowania.info.pl\/#\/schema\/logo\/image\/"},"sameAs":["https:\/\/www.facebook.com\/odszkodowaniainfopl"]},{"@type":"Person","@id":"https:\/\/www.odszkodowania.info.pl\/#\/schema\/person\/81089a51b1129e06b224025d97ae2297","name":"LC","image":{"@type":"ImageObject","inLanguage":"pl-PL","@id":"https:\/\/secure.gravatar.com\/avatar\/368ab2569454c5032bed019ad5b5026d9aba56422516ad0406aaf5f8cadda7e8?s=96&d=blank&r=g","url":"https:\/\/secure.gravatar.com\/avatar\/368ab2569454c5032bed019ad5b5026d9aba56422516ad0406aaf5f8cadda7e8?s=96&d=blank&r=g","contentUrl":"https:\/\/secure.gravatar.com\/avatar\/368ab2569454c5032bed019ad5b5026d9aba56422516ad0406aaf5f8cadda7e8?s=96&d=blank&r=g","caption":"LC"},"url":"https:\/\/www.odszkodowania.info.pl\/?author=2"}]}},"_links":{"self":[{"href":"https:\/\/www.odszkodowania.info.pl\/index.php?rest_route=\/wp\/v2\/posts\/4341","targetHints":{"allow":["GET"]}}],"collection":[{"href":"https:\/\/www.odszkodowania.info.pl\/index.php?rest_route=\/wp\/v2\/posts"}],"about":[{"href":"https:\/\/www.odszkodowania.info.pl\/index.php?rest_route=\/wp\/v2\/types\/post"}],"author":[{"embeddable":true,"href":"https:\/\/www.odszkodowania.info.pl\/index.php?rest_route=\/wp\/v2\/users\/2"}],"replies":[{"embeddable":true,"href":"https:\/\/www.odszkodowania.info.pl\/index.php?rest_route=%2Fwp%2Fv2%2Fcomments&post=4341"}],"version-history":[{"count":1,"href":"https:\/\/www.odszkodowania.info.pl\/index.php?rest_route=\/wp\/v2\/posts\/4341\/revisions"}],"predecessor-version":[{"id":4342,"href":"https:\/\/www.odszkodowania.info.pl\/index.php?rest_route=\/wp\/v2\/posts\/4341\/revisions\/4342"}],"wp:attachment":[{"href":"https:\/\/www.odszkodowania.info.pl\/index.php?rest_route=%2Fwp%2Fv2%2Fmedia&parent=4341"}],"wp:term":[{"taxonomy":"category","embeddable":true,"href":"https:\/\/www.odszkodowania.info.pl\/index.php?rest_route=%2Fwp%2Fv2%2Fcategories&post=4341"},{"taxonomy":"post_tag","embeddable":true,"href":"https:\/\/www.odszkodowania.info.pl\/index.php?rest_route=%2Fwp%2Fv2%2Ftags&post=4341"}],"curies":[{"name":"wp","href":"https:\/\/api.w.org\/{rel}","templated":true}]}}