{"id":4345,"date":"2026-09-04T15:30:33","date_gmt":"2026-09-04T14:30:33","guid":{"rendered":"https:\/\/www.odszkodowania.info.pl\/?p=4345"},"modified":"2026-09-04T15:30:35","modified_gmt":"2026-09-04T14:30:35","slug":"dziecko-bez-kasku-uleglo-wypadkowi-ubezpieczyciel-nie-moze-automatycznie-obnizyc-odszkodowania","status":"publish","type":"post","link":"https:\/\/www.odszkodowania.info.pl\/?p=4345","title":{"rendered":"Dziecko bez kasku uleg\u0142o wypadkowi? Ubezpieczyciel nie mo\u017ce automatycznie obni\u017cy\u0107 odszkodowania"},"content":{"rendered":"\n<p class=\"wp-block-paragraph\">Rzecznik Finansowy i Ubezpieczeniowy Fundusz Gwarancyjny zwr\u00f3cili uwag\u0119 na zasady odpowiedzialno\u015bci za wypadki z udzia\u0142em dzieci poruszaj\u0105cych si\u0119 rowerami, hulajnogami elektrycznymi oraz urz\u0105dzeniami transportu osobistego.<\/p>\n\n\n\n<p class=\"wp-block-paragraph\">Temat nabiera szczeg\u00f3lnego znaczenia po zmianach przepis\u00f3w dotycz\u0105cych obowi\u0105zku korzystania z kasku.<\/p>\n\n\n\n<p class=\"wp-block-paragraph\">Z punktu widzenia odszkodowa\u0144 najwa\u017cniejsza jest jednak bardzo istotna zasada: brak kasku nie oznacza automatycznie prawa ubezpieczyciela do obni\u017cenia \u015bwiadczenia.<\/p>\n\n\n\n<p class=\"wp-block-paragraph\"><strong>Najpierw trzeba wykaza\u0107 wp\u0142yw braku kasku na obra\u017cenia<\/strong><\/p>\n\n\n\n<p class=\"wp-block-paragraph\">W sporach o odszkodowanie mo\u017ce pojawi\u0107 si\u0119 zarzut przyczynienia poszkodowanego na podstawie art. 362 Kodeksu cywilnego.<\/p>\n\n\n\n<p class=\"wp-block-paragraph\">Nie wystarczy jednak samo wykazanie, \u017ce dziecko naruszy\u0142o okre\u015blony obowi\u0105zek.<\/p>\n\n\n\n<p class=\"wp-block-paragraph\">Ubezpieczyciel powinien udowodni\u0107, \u017ce brak kasku rzeczywi\u015bcie przyczyni\u0142 si\u0119 do powstania konkretnych obra\u017ce\u0144 albo zwi\u0119kszy\u0142 ich zakres.<\/p>\n\n\n\n<p class=\"wp-block-paragraph\">Je\u017celi dziecko dozna\u0142o np. z\u0142amania nogi, sam brak kasku trudno powi\u0105za\u0107 z rozmiarem tego urazu.<\/p>\n\n\n\n<p class=\"wp-block-paragraph\">Inaczej mo\u017ce wygl\u0105da\u0107 sytuacja przy powa\u017cnym urazie g\u0142owy, je\u017celi opinia medyczna lub rekonstrukcyjna pozwoli wykaza\u0107, \u017ce prawid\u0142owo u\u017cyty kask ograniczy\u0142by nast\u0119pstwa wypadku.<\/p>\n\n\n\n<p class=\"wp-block-paragraph\"><strong>Nie ma automatycznego procentu obni\u017cenia \u015bwiadczenia<\/strong><\/p>\n\n\n\n<p class=\"wp-block-paragraph\">Nieprawid\u0142owa by\u0142aby praktyka polegaj\u0105ca na przyjmowaniu z g\u00f3ry, \u017ce brak kasku oznacza np. 20 czy 30 proc. przyczynienia.<\/p>\n\n\n\n<p class=\"wp-block-paragraph\">Ka\u017cda sprawa wymaga indywidualnej oceny.<\/p>\n\n\n\n<p class=\"wp-block-paragraph\">Najpierw trzeba ustali\u0107 mechanizm powstania obra\u017ce\u0144, a nast\u0119pnie odpowiedzie\u0107 na pytanie, czy naruszenie obowi\u0105zku mia\u0142o rzeczywisty wp\u0142yw na ich zakres.<\/p>\n\n\n\n<p class=\"wp-block-paragraph\">Dopiero wtedy mo\u017cna rozwa\u017ca\u0107 ewentualne zmniejszenie nale\u017cnego odszkodowania lub zado\u015b\u0107uczynienia.<\/p>\n\n\n\n<p class=\"wp-block-paragraph\"><strong>Przy dzieciach szczeg\u00f3lnie wa\u017cny jest wiek<\/strong><\/p>\n\n\n\n<p class=\"wp-block-paragraph\">Wypadki z udzia\u0142em ma\u0142oletnich wymagaj\u0105 dodatkowo uwzgl\u0119dnienia zasad dotycz\u0105cych mo\u017cliwo\u015bci przypisania dziecku winy.<\/p>\n\n\n\n<p class=\"wp-block-paragraph\">Dziecku poni\u017cej 13. roku \u017cycia nie mo\u017cna przypisa\u0107 winy na zasadach w\u0142a\u015bciwych dla osoby doros\u0142ej.<\/p>\n\n\n\n<p class=\"wp-block-paragraph\">Nie oznacza to jednak, \u017ce jego zachowanie pozostaje zawsze ca\u0142kowicie bez znaczenia.<\/p>\n\n\n\n<p class=\"wp-block-paragraph\">W odpowiednim stanie faktycznym mo\u017cna bada\u0107 obiektywny wp\u0142yw zachowania dziecka na powstanie lub zwi\u0119kszenie szkody.<\/p>\n\n\n\n<p class=\"wp-block-paragraph\">Trzeba jednak zachowa\u0107 szczeg\u00f3ln\u0105 ostro\u017cno\u015b\u0107 i uwzgl\u0119dni\u0107 wiek, stopie\u0144 rozwoju oraz mo\u017cliwo\u015b\u0107 w\u0142a\u015bciwego rozpoznania zagro\u017cenia.<\/p>\n\n\n\n<p class=\"wp-block-paragraph\"><strong>Zmodyfikowany e-rower mo\u017ce oznacza\u0107 zupe\u0142nie inny problem<\/strong><\/p>\n\n\n\n<p class=\"wp-block-paragraph\">Rzecznik Finansowy i UFG zwracaj\u0105 r\u00f3wnie\u017c uwag\u0119 na popularne modyfikacje rower\u00f3w elektrycznych i hulajn\u00f3g.<\/p>\n\n\n\n<p class=\"wp-block-paragraph\">Po usuni\u0119ciu ogranicze\u0144 pr\u0119dko\u015bci lub zmianie parametr\u00f3w nap\u0119du urz\u0105dzenie mo\u017ce przesta\u0107 spe\u0142nia\u0107 ustawow\u0105 definicj\u0119 roweru czy hulajnogi.<\/p>\n\n\n\n<p class=\"wp-block-paragraph\">W okre\u015blonych przypadkach mo\u017ce zosta\u0107 zakwalifikowane jako pojazd mechaniczny, dla kt\u00f3rego wymagane jest obowi\u0105zkowe ubezpieczenie OC.<\/p>\n\n\n\n<p class=\"wp-block-paragraph\">Je\u017celi takiego ubezpieczenia nie ma, konsekwencje finansowe powa\u017cnego wypadku mog\u0105 by\u0107 bardzo dotkliwe.<\/p>\n\n\n\n<p class=\"wp-block-paragraph\">Po wyp\u0142acie \u015bwiadcze\u0144 poszkodowanemu mo\u017ce bowiem powsta\u0107 obowi\u0105zek ich zwrotu przez osob\u0119 odpowiedzialn\u0105.<\/p>\n\n\n\n<p class=\"wp-block-paragraph\"><strong>Dobrowolne OC r\u00f3wnie\u017c trzeba dok\u0142adnie sprawdzi\u0107<\/strong><\/p>\n\n\n\n<p class=\"wp-block-paragraph\">Rodzice nie powinni automatycznie zak\u0142ada\u0107, \u017ce ka\u017cda szkoda spowodowana przez dziecko zostanie pokryta z OC w \u017cyciu prywatnym.<\/p>\n\n\n\n<p class=\"wp-block-paragraph\">Zakres ochrony wynika z konkretnej umowy i OWU.<\/p>\n\n\n\n<p class=\"wp-block-paragraph\">Znaczenie mog\u0105 mie\u0107 m.in. wy\u0142\u0105czenia dotycz\u0105ce korzystania z okre\u015blonych pojazd\u00f3w, jazdy bez wymaganych uprawnie\u0144 czy naruszenia przepis\u00f3w.<\/p>\n\n\n\n<p class=\"wp-block-paragraph\">Przy powa\u017cnym wypadku warto wi\u0119c od pocz\u0105tku ustali\u0107 parametry urz\u0105dzenia, spos\u00f3b jego modyfikacji, wiek i uprawnienia u\u017cytkownika oraz wszystkie dost\u0119pne umowy ubezpieczenia.<\/p>\n\n\n\n<p class=\"wp-block-paragraph\">Najwa\u017cniejsza zasada dla szk\u00f3d osobowych pozostaje jednak taka: naruszenie obowi\u0105zku u\u017cywania kasku nie jest samo w sobie podstaw\u0105 do automatycznego obni\u017cenia \u015bwiadczenia. Konieczny jest rzeczywisty zwi\u0105zek pomi\u0119dzy tym naruszeniem a powsta\u0142\u0105 szkod\u0105.<\/p>\n\n\n\n<p class=\"wp-block-paragraph\"><\/p>\n\n\n\n<p class=\"wp-block-paragraph\"><\/p>\n","protected":false},"excerpt":{"rendered":"<p>Rzecznik Finansowy i Ubezpieczeniowy Fundusz Gwarancyjny zwr\u00f3cili uwag\u0119 na zasady odpowiedzialno\u015bci za wypadki z udzia\u0142em dzieci poruszaj\u0105cych si\u0119 rowerami, hulajnogami elektrycznymi oraz urz\u0105dzeniami transportu osobistego. Temat nabiera szczeg\u00f3lnego znaczenia po zmianach przepis\u00f3w dotycz\u0105cych obowi\u0105zku korzystania z kasku. Z punktu widzenia odszkodowa\u0144 najwa\u017cniejsza jest jednak bardzo istotna zasada: brak kasku nie oznacza automatycznie prawa ubezpieczyciela do [&hellip;]<\/p>\n","protected":false},"author":2,"featured_media":0,"comment_status":"open","ping_status":"open","sticky":false,"template":"","format":"standard","meta":{"footnotes":""},"categories":[8],"tags":[12,148,32,179,13],"class_list":["post-4345","post","type-post","status-publish","format-standard","hentry","category-aktualnosci","tag-odszkodowanie","tag-rzf","tag-ufg","tag-wypadek-komunikacyjny","tag-zadoscuczynienie"],"yoast_head":"<!-- This site is optimized with the Yoast SEO plugin v28.4 - https:\/\/yoast.com\/product\/yoast-seo-wordpress\/ -->\n<title>Dziecko bez kasku uleg\u0142o wypadkowi? Ubezpieczyciel nie mo\u017ce automatycznie obni\u017cy\u0107 odszkodowania - odszkodowania.info.pl<\/title>\n<meta name=\"robots\" content=\"index, follow, max-snippet:-1, max-image-preview:large, max-video-preview:-1\" \/>\n<link rel=\"canonical\" href=\"https:\/\/www.odszkodowania.info.pl\/?p=4345\" \/>\n<meta property=\"og:locale\" content=\"pl_PL\" \/>\n<meta property=\"og:type\" content=\"article\" \/>\n<meta property=\"og:title\" content=\"Dziecko bez kasku uleg\u0142o wypadkowi? Ubezpieczyciel nie mo\u017ce automatycznie obni\u017cy\u0107 odszkodowania - odszkodowania.info.pl\" \/>\n<meta property=\"og:description\" content=\"Rzecznik Finansowy i Ubezpieczeniowy Fundusz Gwarancyjny zwr\u00f3cili uwag\u0119 na zasady odpowiedzialno\u015bci za wypadki z udzia\u0142em dzieci poruszaj\u0105cych si\u0119 rowerami, hulajnogami elektrycznymi oraz urz\u0105dzeniami transportu osobistego. Temat nabiera szczeg\u00f3lnego znaczenia po zmianach przepis\u00f3w dotycz\u0105cych obowi\u0105zku korzystania z kasku. Z punktu widzenia odszkodowa\u0144 najwa\u017cniejsza jest jednak bardzo istotna zasada: brak kasku nie oznacza automatycznie prawa ubezpieczyciela do [&hellip;]\" \/>\n<meta property=\"og:url\" content=\"https:\/\/www.odszkodowania.info.pl\/?p=4345\" \/>\n<meta property=\"og:site_name\" content=\"odszkodowania.info.pl\" \/>\n<meta property=\"article:publisher\" content=\"https:\/\/www.facebook.com\/odszkodowaniainfopl\" \/>\n<meta property=\"article:published_time\" content=\"2026-09-04T14:30:33+00:00\" \/>\n<meta property=\"article:modified_time\" content=\"2026-09-04T14:30:35+00:00\" \/>\n<meta name=\"author\" content=\"LC\" \/>\n<meta name=\"twitter:card\" content=\"summary_large_image\" \/>\n<meta name=\"twitter:label1\" content=\"Napisane przez\" \/>\n\t<meta name=\"twitter:data1\" content=\"LC\" \/>\n\t<meta name=\"twitter:label2\" content=\"Szacowany czas czytania\" \/>\n\t<meta name=\"twitter:data2\" content=\"3 minuty\" \/>\n<script type=\"application\/ld+json\" class=\"yoast-schema-graph\">{\"@context\":\"https:\\\/\\\/schema.org\",\"@graph\":[{\"@type\":\"Article\",\"@id\":\"https:\\\/\\\/www.odszkodowania.info.pl\\\/?p=4345#article\",\"isPartOf\":{\"@id\":\"https:\\\/\\\/www.odszkodowania.info.pl\\\/?p=4345\"},\"author\":{\"name\":\"LC\",\"@id\":\"https:\\\/\\\/www.odszkodowania.info.pl\\\/#\\\/schema\\\/person\\\/81089a51b1129e06b224025d97ae2297\"},\"headline\":\"Dziecko bez kasku uleg\u0142o wypadkowi? Ubezpieczyciel nie mo\u017ce automatycznie obni\u017cy\u0107 odszkodowania\",\"datePublished\":\"2026-09-04T14:30:33+00:00\",\"dateModified\":\"2026-09-04T14:30:35+00:00\",\"mainEntityOfPage\":{\"@id\":\"https:\\\/\\\/www.odszkodowania.info.pl\\\/?p=4345\"},\"wordCount\":591,\"commentCount\":0,\"publisher\":{\"@id\":\"https:\\\/\\\/www.odszkodowania.info.pl\\\/#organization\"},\"keywords\":[\"odszkodowanie\",\"RzF\",\"UFG\",\"wypadek komunikacyjny\",\"zado\u015b\u0107uczynienie\"],\"articleSection\":[\"Aktualno\u015bci\"],\"inLanguage\":\"pl-PL\",\"potentialAction\":[{\"@type\":\"CommentAction\",\"name\":\"Comment\",\"target\":[\"https:\\\/\\\/www.odszkodowania.info.pl\\\/?p=4345#respond\"]}]},{\"@type\":\"WebPage\",\"@id\":\"https:\\\/\\\/www.odszkodowania.info.pl\\\/?p=4345\",\"url\":\"https:\\\/\\\/www.odszkodowania.info.pl\\\/?p=4345\",\"name\":\"Dziecko bez kasku uleg\u0142o wypadkowi? Ubezpieczyciel nie mo\u017ce automatycznie obni\u017cy\u0107 odszkodowania - odszkodowania.info.pl\",\"isPartOf\":{\"@id\":\"https:\\\/\\\/www.odszkodowania.info.pl\\\/#website\"},\"datePublished\":\"2026-09-04T14:30:33+00:00\",\"dateModified\":\"2026-09-04T14:30:35+00:00\",\"breadcrumb\":{\"@id\":\"https:\\\/\\\/www.odszkodowania.info.pl\\\/?p=4345#breadcrumb\"},\"inLanguage\":\"pl-PL\",\"potentialAction\":[{\"@type\":\"ReadAction\",\"target\":[\"https:\\\/\\\/www.odszkodowania.info.pl\\\/?p=4345\"]}]},{\"@type\":\"BreadcrumbList\",\"@id\":\"https:\\\/\\\/www.odszkodowania.info.pl\\\/?p=4345#breadcrumb\",\"itemListElement\":[{\"@type\":\"ListItem\",\"position\":1,\"name\":\"Strona g\u0142\u00f3wna\",\"item\":\"https:\\\/\\\/www.odszkodowania.info.pl\\\/\"},{\"@type\":\"ListItem\",\"position\":2,\"name\":\"Dziecko bez kasku uleg\u0142o wypadkowi? Ubezpieczyciel nie mo\u017ce automatycznie obni\u017cy\u0107 odszkodowania\"}]},{\"@type\":\"WebSite\",\"@id\":\"https:\\\/\\\/www.odszkodowania.info.pl\\\/#website\",\"url\":\"https:\\\/\\\/www.odszkodowania.info.pl\\\/\",\"name\":\"odszkodowania.info.pl\",\"description\":\"Wszystko o odszkodowaniach\",\"publisher\":{\"@id\":\"https:\\\/\\\/www.odszkodowania.info.pl\\\/#organization\"},\"potentialAction\":[{\"@type\":\"SearchAction\",\"target\":{\"@type\":\"EntryPoint\",\"urlTemplate\":\"https:\\\/\\\/www.odszkodowania.info.pl\\\/?s={search_term_string}\"},\"query-input\":{\"@type\":\"PropertyValueSpecification\",\"valueRequired\":true,\"valueName\":\"search_term_string\"}}],\"inLanguage\":\"pl-PL\"},{\"@type\":\"Organization\",\"@id\":\"https:\\\/\\\/www.odszkodowania.info.pl\\\/#organization\",\"name\":\"odszkodowania.info.pl\",\"url\":\"https:\\\/\\\/www.odszkodowania.info.pl\\\/\",\"logo\":{\"@type\":\"ImageObject\",\"inLanguage\":\"pl-PL\",\"@id\":\"https:\\\/\\\/www.odszkodowania.info.pl\\\/#\\\/schema\\\/logo\\\/image\\\/\",\"url\":\"https:\\\/\\\/www.odszkodowania.info.pl\\\/wp-content\\\/uploads\\\/logo-2.png\",\"contentUrl\":\"https:\\\/\\\/www.odszkodowania.info.pl\\\/wp-content\\\/uploads\\\/logo-2.png\",\"width\":621,\"height\":111,\"caption\":\"odszkodowania.info.pl\"},\"image\":{\"@id\":\"https:\\\/\\\/www.odszkodowania.info.pl\\\/#\\\/schema\\\/logo\\\/image\\\/\"},\"sameAs\":[\"https:\\\/\\\/www.facebook.com\\\/odszkodowaniainfopl\"]},{\"@type\":\"Person\",\"@id\":\"https:\\\/\\\/www.odszkodowania.info.pl\\\/#\\\/schema\\\/person\\\/81089a51b1129e06b224025d97ae2297\",\"name\":\"LC\",\"image\":{\"@type\":\"ImageObject\",\"inLanguage\":\"pl-PL\",\"@id\":\"https:\\\/\\\/secure.gravatar.com\\\/avatar\\\/368ab2569454c5032bed019ad5b5026d9aba56422516ad0406aaf5f8cadda7e8?s=96&d=blank&r=g\",\"url\":\"https:\\\/\\\/secure.gravatar.com\\\/avatar\\\/368ab2569454c5032bed019ad5b5026d9aba56422516ad0406aaf5f8cadda7e8?s=96&d=blank&r=g\",\"contentUrl\":\"https:\\\/\\\/secure.gravatar.com\\\/avatar\\\/368ab2569454c5032bed019ad5b5026d9aba56422516ad0406aaf5f8cadda7e8?s=96&d=blank&r=g\",\"caption\":\"LC\"},\"url\":\"https:\\\/\\\/www.odszkodowania.info.pl\\\/?author=2\"}]}<\/script>\n<!-- \/ Yoast SEO plugin. -->","yoast_head_json":{"title":"Dziecko bez kasku uleg\u0142o wypadkowi? Ubezpieczyciel nie mo\u017ce automatycznie obni\u017cy\u0107 odszkodowania - odszkodowania.info.pl","robots":{"index":"index","follow":"follow","max-snippet":"max-snippet:-1","max-image-preview":"max-image-preview:large","max-video-preview":"max-video-preview:-1"},"canonical":"https:\/\/www.odszkodowania.info.pl\/?p=4345","og_locale":"pl_PL","og_type":"article","og_title":"Dziecko bez kasku uleg\u0142o wypadkowi? Ubezpieczyciel nie mo\u017ce automatycznie obni\u017cy\u0107 odszkodowania - odszkodowania.info.pl","og_description":"Rzecznik Finansowy i Ubezpieczeniowy Fundusz Gwarancyjny zwr\u00f3cili uwag\u0119 na zasady odpowiedzialno\u015bci za wypadki z udzia\u0142em dzieci poruszaj\u0105cych si\u0119 rowerami, hulajnogami elektrycznymi oraz urz\u0105dzeniami transportu osobistego. Temat nabiera szczeg\u00f3lnego znaczenia po zmianach przepis\u00f3w dotycz\u0105cych obowi\u0105zku korzystania z kasku. Z punktu widzenia odszkodowa\u0144 najwa\u017cniejsza jest jednak bardzo istotna zasada: brak kasku nie oznacza automatycznie prawa ubezpieczyciela do [&hellip;]","og_url":"https:\/\/www.odszkodowania.info.pl\/?p=4345","og_site_name":"odszkodowania.info.pl","article_publisher":"https:\/\/www.facebook.com\/odszkodowaniainfopl","article_published_time":"2026-09-04T14:30:33+00:00","article_modified_time":"2026-09-04T14:30:35+00:00","author":"LC","twitter_card":"summary_large_image","twitter_misc":{"Napisane przez":"LC","Szacowany czas czytania":"3 minuty"},"schema":{"@context":"https:\/\/schema.org","@graph":[{"@type":"Article","@id":"https:\/\/www.odszkodowania.info.pl\/?p=4345#article","isPartOf":{"@id":"https:\/\/www.odszkodowania.info.pl\/?p=4345"},"author":{"name":"LC","@id":"https:\/\/www.odszkodowania.info.pl\/#\/schema\/person\/81089a51b1129e06b224025d97ae2297"},"headline":"Dziecko bez kasku uleg\u0142o wypadkowi? Ubezpieczyciel nie mo\u017ce automatycznie obni\u017cy\u0107 odszkodowania","datePublished":"2026-09-04T14:30:33+00:00","dateModified":"2026-09-04T14:30:35+00:00","mainEntityOfPage":{"@id":"https:\/\/www.odszkodowania.info.pl\/?p=4345"},"wordCount":591,"commentCount":0,"publisher":{"@id":"https:\/\/www.odszkodowania.info.pl\/#organization"},"keywords":["odszkodowanie","RzF","UFG","wypadek komunikacyjny","zado\u015b\u0107uczynienie"],"articleSection":["Aktualno\u015bci"],"inLanguage":"pl-PL","potentialAction":[{"@type":"CommentAction","name":"Comment","target":["https:\/\/www.odszkodowania.info.pl\/?p=4345#respond"]}]},{"@type":"WebPage","@id":"https:\/\/www.odszkodowania.info.pl\/?p=4345","url":"https:\/\/www.odszkodowania.info.pl\/?p=4345","name":"Dziecko bez kasku uleg\u0142o wypadkowi? Ubezpieczyciel nie mo\u017ce automatycznie obni\u017cy\u0107 odszkodowania - odszkodowania.info.pl","isPartOf":{"@id":"https:\/\/www.odszkodowania.info.pl\/#website"},"datePublished":"2026-09-04T14:30:33+00:00","dateModified":"2026-09-04T14:30:35+00:00","breadcrumb":{"@id":"https:\/\/www.odszkodowania.info.pl\/?p=4345#breadcrumb"},"inLanguage":"pl-PL","potentialAction":[{"@type":"ReadAction","target":["https:\/\/www.odszkodowania.info.pl\/?p=4345"]}]},{"@type":"BreadcrumbList","@id":"https:\/\/www.odszkodowania.info.pl\/?p=4345#breadcrumb","itemListElement":[{"@type":"ListItem","position":1,"name":"Strona g\u0142\u00f3wna","item":"https:\/\/www.odszkodowania.info.pl\/"},{"@type":"ListItem","position":2,"name":"Dziecko bez kasku uleg\u0142o wypadkowi? Ubezpieczyciel nie mo\u017ce automatycznie obni\u017cy\u0107 odszkodowania"}]},{"@type":"WebSite","@id":"https:\/\/www.odszkodowania.info.pl\/#website","url":"https:\/\/www.odszkodowania.info.pl\/","name":"odszkodowania.info.pl","description":"Wszystko o odszkodowaniach","publisher":{"@id":"https:\/\/www.odszkodowania.info.pl\/#organization"},"potentialAction":[{"@type":"SearchAction","target":{"@type":"EntryPoint","urlTemplate":"https:\/\/www.odszkodowania.info.pl\/?s={search_term_string}"},"query-input":{"@type":"PropertyValueSpecification","valueRequired":true,"valueName":"search_term_string"}}],"inLanguage":"pl-PL"},{"@type":"Organization","@id":"https:\/\/www.odszkodowania.info.pl\/#organization","name":"odszkodowania.info.pl","url":"https:\/\/www.odszkodowania.info.pl\/","logo":{"@type":"ImageObject","inLanguage":"pl-PL","@id":"https:\/\/www.odszkodowania.info.pl\/#\/schema\/logo\/image\/","url":"https:\/\/www.odszkodowania.info.pl\/wp-content\/uploads\/logo-2.png","contentUrl":"https:\/\/www.odszkodowania.info.pl\/wp-content\/uploads\/logo-2.png","width":621,"height":111,"caption":"odszkodowania.info.pl"},"image":{"@id":"https:\/\/www.odszkodowania.info.pl\/#\/schema\/logo\/image\/"},"sameAs":["https:\/\/www.facebook.com\/odszkodowaniainfopl"]},{"@type":"Person","@id":"https:\/\/www.odszkodowania.info.pl\/#\/schema\/person\/81089a51b1129e06b224025d97ae2297","name":"LC","image":{"@type":"ImageObject","inLanguage":"pl-PL","@id":"https:\/\/secure.gravatar.com\/avatar\/368ab2569454c5032bed019ad5b5026d9aba56422516ad0406aaf5f8cadda7e8?s=96&d=blank&r=g","url":"https:\/\/secure.gravatar.com\/avatar\/368ab2569454c5032bed019ad5b5026d9aba56422516ad0406aaf5f8cadda7e8?s=96&d=blank&r=g","contentUrl":"https:\/\/secure.gravatar.com\/avatar\/368ab2569454c5032bed019ad5b5026d9aba56422516ad0406aaf5f8cadda7e8?s=96&d=blank&r=g","caption":"LC"},"url":"https:\/\/www.odszkodowania.info.pl\/?author=2"}]}},"_links":{"self":[{"href":"https:\/\/www.odszkodowania.info.pl\/index.php?rest_route=\/wp\/v2\/posts\/4345","targetHints":{"allow":["GET"]}}],"collection":[{"href":"https:\/\/www.odszkodowania.info.pl\/index.php?rest_route=\/wp\/v2\/posts"}],"about":[{"href":"https:\/\/www.odszkodowania.info.pl\/index.php?rest_route=\/wp\/v2\/types\/post"}],"author":[{"embeddable":true,"href":"https:\/\/www.odszkodowania.info.pl\/index.php?rest_route=\/wp\/v2\/users\/2"}],"replies":[{"embeddable":true,"href":"https:\/\/www.odszkodowania.info.pl\/index.php?rest_route=%2Fwp%2Fv2%2Fcomments&post=4345"}],"version-history":[{"count":1,"href":"https:\/\/www.odszkodowania.info.pl\/index.php?rest_route=\/wp\/v2\/posts\/4345\/revisions"}],"predecessor-version":[{"id":4346,"href":"https:\/\/www.odszkodowania.info.pl\/index.php?rest_route=\/wp\/v2\/posts\/4345\/revisions\/4346"}],"wp:attachment":[{"href":"https:\/\/www.odszkodowania.info.pl\/index.php?rest_route=%2Fwp%2Fv2%2Fmedia&parent=4345"}],"wp:term":[{"taxonomy":"category","embeddable":true,"href":"https:\/\/www.odszkodowania.info.pl\/index.php?rest_route=%2Fwp%2Fv2%2Fcategories&post=4345"},{"taxonomy":"post_tag","embeddable":true,"href":"https:\/\/www.odszkodowania.info.pl\/index.php?rest_route=%2Fwp%2Fv2%2Ftags&post=4345"}],"curies":[{"name":"wp","href":"https:\/\/api.w.org\/{rel}","templated":true}]}}