{"id":438,"date":"2009-06-17T09:05:41","date_gmt":"2009-06-17T08:05:41","guid":{"rendered":"http:\/\/www.odszkodowania.info.pl\/?p=438"},"modified":"2009-06-17T09:05:41","modified_gmt":"2009-06-17T08:05:41","slug":"913-tys-zl-za-niesluszny-areszt","status":"publish","type":"post","link":"https:\/\/www.odszkodowania.info.pl\/?p=438","title":{"rendered":"913 tys. z\u0142 za nies\u0142uszny areszt."},"content":{"rendered":"<p>W\u0142adys\u0142aw Szczeklik domaga si\u0119 913 tys. z\u0142 od Skarbu Pa\u0144stwa za nies\u0142uszne aresztowanie, kt\u00f3re zniszczy\u0142o jego karier\u0119 w policji. Ci, kt\u00f3rzy wrobili go we wsp\u00f3\u0142prac\u0119 z gangsterami dalej pozostaj\u0105 bezkarni. <\/p>\n<p> O tym czy tak wysokie odszkodowanie nale\u017cy si\u0119 policjantowi zdecyduje S\u0105d Okr\u0119gowy w Lublinie. Ten sam, kt\u00f3ry w czerwcu ubieg\u0142ego roku prawomocnie uniewinni\u0142 Szczeklika. W uzasadnieniu do wyroku wytkn\u0105\u0142 prokuraturze ra\u017c\u0105ce b\u0142\u0119dy w \u015bledztwie oraz lekcewa\u017cenie dowod\u00f3w. &#8211; To niebagatelna sprawa, ciekawe czy Skarb Pa\u0144stwa przyjmie za ni\u0105 odpowiedzialno\u015b\u0107 &#8211; powiedzia\u0142 PAP mec. Andrzej Micha\u0142owski, wiceprezes Naczelnej Rady Adwokackiej, jeden z pe\u0142nomocnik\u00f3w Szczeklika. Maciej Bernatt z Helsi\u0144skiej Fundacji Praw Cz\u0142owieka, jest zdania, \u017ce sprawa oskar\u017cenia policjanta to przyk\u0142ad &#8222;nadu\u017cycia w\u0142adzy przez prokurator\u00f3w i daleko posuni\u0119tych b\u0142\u0119d\u00f3w procesowych&#8221;.<\/p>\n<p>W\u0142adys\u0142aw Szczeklik by\u0142 komendantem bialskiej policji. W 2002 r. stan\u0105\u0142 przed s\u0105dem, oskar\u017cony o przyjmowanie \u0142ap\u00f3wek od w\u0142a\u015bciciela lombardu. Podstaw\u0105 oskar\u017cenia by\u0142y zeznania dw\u00f3ch \u015bwiadk\u00f3w. Jeden z nich &#8211; Piotr K. wielokrotnie sk\u0142ada\u0142 zeznania obci\u0105\u017caj\u0105ce oficera. Twierdzi\u0142, \u017ce widzia\u0142 go w lombardzie, gdy odbiera\u0142 sprz\u0119t elektroniczny. Jednak pod koniec procesu wycofa\u0142 si\u0119 ze swych zezna\u0144 i o\u015bwiadczy\u0142, \u017ce lubelscy prokuratorzy w zamian za fa\u0142szywe zeznania obiecali mu z\u0142agodzenie kary w innych sprawach. To czy lubelscy \u015bledczy rzeczywi\u015bcie manipulowali \u015bwiadkiem w sprawie Szczeklika wyja\u015bnia teraz prokuratura w Suwa\u0142kach.<\/p>\n<p>Spraw\u0119 ju\u017c raz umorzy\u0142a, ale na pocz\u0105tku czerwca prokuratura w Bia\u0142ymstoku kaza\u0142a \u015bledczym z Suwa\u0142k dok\u0142adnie wyja\u015bni\u0107 czy \u015bledztwo przeciw Szczeklikowi by\u0142o rzetelnie prowadzone.<\/p>\n<p>Zanim policjant stan\u0105\u0142 przed s\u0105dem by\u0142 przez pi\u0119\u0107 miesi\u0119cy tymczasowo aresztowany. W pozwie Szczeklik wymienia szczeg\u00f3\u0142owo jak za\u0142ama\u0142o si\u0119 jego \u017cycie po aresztowaniu. Za kratami ci\u0119\u017cko si\u0119 rozchorowa\u0142. Na badania prowadzono go w kajdankach na r\u0119kach i kostkach, jak najgro\u017aniejszego bandyt\u0119. Jego najm\u0142odsze dziecko, kiedy wyszed\u0142 na wolno\u015b\u0107, nie pozna\u0142o go. W celi siedzia\u0142 ze zwyk\u0142ymi kryminalistami, a na wolno\u015bci musia\u0142 walczy\u0107 o szacunek koleg\u00f3w po fachu, kt\u00f3rzy odsun\u0119li si\u0119 od &#8222;czarnej owcy&#8221;. Teraz Szczeklik pracuje w komendzie wojew\u00f3dzkiej policji. KWP odmawia mu powrotu na stanowisko komendanta, argumentuj\u0105c to brakiem wolnych miejsc.<\/p>\n<p>\u0179r\u00f3d\u0142o: Gazeta Wyborcza Lublin<\/p>\n","protected":false},"excerpt":{"rendered":"<p>W\u0142adys\u0142aw Szczeklik domaga si\u0119 913 tys. z\u0142 od Skarbu Pa\u0144stwa za nies\u0142uszne aresztowanie, kt\u00f3re zniszczy\u0142o jego karier\u0119 w policji. Ci, kt\u00f3rzy wrobili go we wsp\u00f3\u0142prac\u0119 z gangsterami dalej pozostaj\u0105 bezkarni. <\/p>\n","protected":false},"author":2,"featured_media":0,"comment_status":"open","ping_status":"open","sticky":false,"template":"","format":"standard","meta":{"footnotes":""},"categories":[8],"tags":[12],"class_list":["post-438","post","type-post","status-publish","format-standard","hentry","category-aktualnosci","tag-odszkodowanie"],"_links":{"self":[{"href":"https:\/\/www.odszkodowania.info.pl\/index.php?rest_route=\/wp\/v2\/posts\/438","targetHints":{"allow":["GET"]}}],"collection":[{"href":"https:\/\/www.odszkodowania.info.pl\/index.php?rest_route=\/wp\/v2\/posts"}],"about":[{"href":"https:\/\/www.odszkodowania.info.pl\/index.php?rest_route=\/wp\/v2\/types\/post"}],"author":[{"embeddable":true,"href":"https:\/\/www.odszkodowania.info.pl\/index.php?rest_route=\/wp\/v2\/users\/2"}],"replies":[{"embeddable":true,"href":"https:\/\/www.odszkodowania.info.pl\/index.php?rest_route=%2Fwp%2Fv2%2Fcomments&post=438"}],"version-history":[{"count":1,"href":"https:\/\/www.odszkodowania.info.pl\/index.php?rest_route=\/wp\/v2\/posts\/438\/revisions"}],"predecessor-version":[{"id":439,"href":"https:\/\/www.odszkodowania.info.pl\/index.php?rest_route=\/wp\/v2\/posts\/438\/revisions\/439"}],"wp:attachment":[{"href":"https:\/\/www.odszkodowania.info.pl\/index.php?rest_route=%2Fwp%2Fv2%2Fmedia&parent=438"}],"wp:term":[{"taxonomy":"category","embeddable":true,"href":"https:\/\/www.odszkodowania.info.pl\/index.php?rest_route=%2Fwp%2Fv2%2Fcategories&post=438"},{"taxonomy":"post_tag","embeddable":true,"href":"https:\/\/www.odszkodowania.info.pl\/index.php?rest_route=%2Fwp%2Fv2%2Ftags&post=438"}],"curies":[{"name":"wp","href":"https:\/\/api.w.org\/{rel}","templated":true}]}}