{"id":444,"date":"2009-06-17T09:12:42","date_gmt":"2009-06-17T08:12:42","guid":{"rendered":"http:\/\/www.odszkodowania.info.pl\/?p=444"},"modified":"2009-06-17T09:12:42","modified_gmt":"2009-06-17T08:12:42","slug":"wina-nauczyciela-moze-byc-anonimowa","status":"publish","type":"post","link":"https:\/\/www.odszkodowania.info.pl\/?p=444","title":{"rendered":"Wina nauczyciela mo\u017ce by\u0107 anonimowa"},"content":{"rendered":"<p>Nie trzeba przy tym wskazywa\u0107 winy konkretnego nauczyciela obj\u0119tego ochron\u0105 z ubezpieczenia OC.<\/p>\n<p>W lutym 2004 r. uczennica Zespo\u0142u Szk\u00f3\u0142 w Ksi\u0119\u017cpolu zosta\u0142a uderzona w oko kulk\u0105 wystrzelon\u0105 przez innego ucznia tej szko\u0142y z tzw. pukawki. Nast\u0105pi\u0142o to po dzwonku na lekcje, kiedy klasa czeka\u0142a na przyj\u015bcie nauczyciela.<\/p>\n<p>Sprawa znalaz\u0142a fina\u0142 w s\u0105dzie, kt\u00f3ry zas\u0105dzi\u0142 od gminy Ksi\u0119\u017cpol 80 tys. z\u0142 zado\u015b\u0107uczynienia dla poszkodowanej. S\u0105d wskaza\u0142, \u017ce gmina jako jednostka prowadz\u0105ca szko\u0142\u0119 ponosi odpowiedzialno\u015b\u0107 za niewype\u0142nienie podstawowego obowi\u0105zku w zakresie dzia\u0142a\u0144 o\u015bwiatowych, jakim by\u0142o zapewnienie wszystkim uczniom bezpiecznych warunk\u00f3w nauki, wychowania i opieki. W tym wypadku zabrak\u0142o nale\u017cytego nadzoru nauczycieli nad uczniami przebywaj\u0105cymi na korytarzu przed lekcj\u0105.<\/p>\n<p>Gmina zap\u0142aci\u0142a odszkodowanie, a potem wyst\u0105pi\u0142a przeciw TUiR Warta o zap\u0142at\u0119 50 tys. z\u0142. Powo\u0142a\u0142a si\u0119 na zapisy umowy odpowiedzialno\u015bci cywilnej oraz og\u00f3le warunki ubezpieczenia OC w zwi\u0105zku z wykonywaniem zawodu, na podstawie kt\u00f3rych ubezpieczy\u0142a 29 nauczycieli.<\/p>\n<p>Towarzystwo Warta stwierdzi\u0142o, \u017ce nie odpowiada za zdarzenie. Dowodzi\u0142o, \u017ce ochron\u0105 obj\u0119ci zostali poszczeg\u00f3lni nauczyciele i ewentualna odpowiedzialno\u015b\u0107 odszkodowawcza powsta\u0142aby w\u00f3wczas, gdyby szkod\u0119 wyrz\u0105dzi\u0142 konkretny nauczyciel w zwi\u0105zku z wykonywaniem przez niego lub nienale\u017cytym wykonywaniem czynno\u015bci zawodowych w zakresie posiadanych uprawnie\u0144 zawodowych.<\/p>\n<p>S\u0105d Rejonowy w Bi\u0142goraju uzna\u0142 \u017c\u0105danie gminy za zasadne. Stwierdzi\u0142, \u017ce odpowiedzialno\u015b\u0107 Warty wynika z OWU OC. Sporne zdarzenie spowodowane zosta\u0142o nienale\u017cytym wykonywaniem czynno\u015bci zawodowych nauczycieli.<\/p>\n<p>Zdaniem s\u0105du argumenty towarzystwa, \u017ce ochron\u0105 ubezpieczeniow\u0105 zostali obj\u0119ci imiennie nauczyciele, a nie gmina, i \u017ce szkoda musi by\u0107 wyrz\u0105dzona przez konkretnego nauczyciela, s\u0105 chybione. Umowa dotyczy\u0142a ubezpieczenia zbiorowego nauczycieli ZS w Ksi\u0119\u017cpolu, kt\u00f3ry co prawda zawar\u0142 umow\u0119 na rzecz imiennie wskazanych pedagog\u00f3w, jednak\u017ce postanowienia OWU OC nie uzale\u017cniaj\u0105 wyp\u0142aty przez ubezpieczyciela odszkodowania od wyrz\u0105dzenia szkody przez konkretn\u0105 osob\u0119.<\/p>\n<p>Ochrona obejmuje bowiem odpowiedzialno\u015b\u0107 cywiln\u0105 zlecaj\u0105cego ubezpieczenie, czyli zespo\u0142u szk\u00f3\u0142. Prawomocne za\u015b zas\u0105dzenie zado\u015b\u0107uczynienia od gminy przes\u0105dza o ponoszeniu przez ten podmiot odpowiedzialno\u015bci za szkod\u0119. To gmina \u2013 jak wspomniano \u2013 w \u015bwietle ustawy o systemie o\u015bwiaty jest organem prowadz\u0105cym szko\u0142\u0119 i za jej dzia\u0142alno\u015b\u0107 ponosi odpowiedzialno\u015b\u0107.<\/p>\n<p>Wyrok utrzyma\u0142 w mocy S\u0105d Okr\u0119gowy w Zamo\u015bciu (sygn. I Ca 135\/09).<br \/>\nRzeczpospolita<\/p>\n","protected":false},"excerpt":{"rendered":"<p>Nie tylko gmina, ale tak\u017ce towarzystwo ubezpieczeniowe odpowiada za skutki braku nadzoru nad uczniami w szkole.<\/p>\n","protected":false},"author":2,"featured_media":0,"comment_status":"open","ping_status":"open","sticky":false,"template":"","format":"standard","meta":{"footnotes":""},"categories":[8,43],"tags":[22,12],"class_list":["post-444","post","type-post","status-publish","format-standard","hentry","category-aktualnosci","category-prawo","tag-oc","tag-odszkodowanie"],"_links":{"self":[{"href":"https:\/\/www.odszkodowania.info.pl\/index.php?rest_route=\/wp\/v2\/posts\/444","targetHints":{"allow":["GET"]}}],"collection":[{"href":"https:\/\/www.odszkodowania.info.pl\/index.php?rest_route=\/wp\/v2\/posts"}],"about":[{"href":"https:\/\/www.odszkodowania.info.pl\/index.php?rest_route=\/wp\/v2\/types\/post"}],"author":[{"embeddable":true,"href":"https:\/\/www.odszkodowania.info.pl\/index.php?rest_route=\/wp\/v2\/users\/2"}],"replies":[{"embeddable":true,"href":"https:\/\/www.odszkodowania.info.pl\/index.php?rest_route=%2Fwp%2Fv2%2Fcomments&post=444"}],"version-history":[{"count":1,"href":"https:\/\/www.odszkodowania.info.pl\/index.php?rest_route=\/wp\/v2\/posts\/444\/revisions"}],"predecessor-version":[{"id":445,"href":"https:\/\/www.odszkodowania.info.pl\/index.php?rest_route=\/wp\/v2\/posts\/444\/revisions\/445"}],"wp:attachment":[{"href":"https:\/\/www.odszkodowania.info.pl\/index.php?rest_route=%2Fwp%2Fv2%2Fmedia&parent=444"}],"wp:term":[{"taxonomy":"category","embeddable":true,"href":"https:\/\/www.odszkodowania.info.pl\/index.php?rest_route=%2Fwp%2Fv2%2Fcategories&post=444"},{"taxonomy":"post_tag","embeddable":true,"href":"https:\/\/www.odszkodowania.info.pl\/index.php?rest_route=%2Fwp%2Fv2%2Ftags&post=444"}],"curies":[{"name":"wp","href":"https:\/\/api.w.org\/{rel}","templated":true}]}}