{"id":446,"date":"2009-06-18T17:11:05","date_gmt":"2009-06-18T16:11:05","guid":{"rendered":"http:\/\/www.odszkodowania.info.pl\/?p=446"},"modified":"2009-06-18T17:11:05","modified_gmt":"2009-06-18T16:11:05","slug":"600-tysiecy-dla-9-letniego-szymona","status":"publish","type":"post","link":"https:\/\/www.odszkodowania.info.pl\/?p=446","title":{"rendered":"600 tysi\u0119cy dla 9-letniego Szymona"},"content":{"rendered":"<p>600 tysi\u0119cy zado\u015b\u0107uczynienia i 5 tysi\u0119cy comiesi\u0119cznej renty musz\u0105 zap\u0142aci\u0107 szpital w Pu\u0142awach i PZU matce 9-letniego Szymona &#8211; zdecydowa\u0142 dzi\u015b lubelski s\u0105d. Ch\u0142opiec urodzi\u0142 si\u0119 sparali\u017cowany, z wad\u0105 wzroku i padaczk\u0105, bo szpital op\u00f3\u017ania\u0142 decyzj\u0119 o porodzie u jego matki. Podczas gdy niezb\u0119dne by\u0142o cesarskie ci\u0119cie, kobieta urodzi\u0142a tradycyjnie i to o kilka dni za p\u00f3\u017ano.<\/p>\n<p>Proces przed lubelskim s\u0105dem trwa\u0142 sze\u015b\u0107 lat. Matka, kt\u00f3ra w imieniu swojego syna wyst\u0105pi\u0142a na drog\u0119 s\u0105dow\u0105, w pozwie obarcza\u0142a szpital w Pu\u0142awach odpowiedzialno\u015bci\u0105 za to, \u017ce nie zrobiono jej cesarskiego ci\u0119cia zamiast wielogodzinnego wymuszania porodu w spos\u00f3b naturalny, co spowodowa\u0142o kalectwo jej synka.<\/p>\n<p><strong>Op\u00f3\u017aniony por\u00f3d<\/strong><\/p>\n<p>Kobieta, kt\u00f3ra mia\u0142a wyznaczony termin porodu na 5 marca 2000 roku, nast\u0119pnego dnia zg\u0142osi\u0142a si\u0119 do szpitala. Zosta\u0142a przyj\u0119ta na oddzia\u0142, poddana badaniom i zwolniona do domu, poniewa\u017c skurcze porodowe usta\u0142y.<\/p>\n<p>Ponownie zg\u0142osi\u0142a si\u0119 kilka dni p\u00f3\u017aniej i lekarze podj\u0119li decyzj\u0119 o wywo\u0142aniu porodu. Po po\u0142udniu podano jej leki. Jednak por\u00f3d nie nast\u0119powa\u0142. Dopiero nast\u0119pnego dnia rano dziecko si\u0142\u0105 zosta\u0142o wypchni\u0119te. Urodzi\u0142o si\u0119 bez oznak \u017cycia, nie oddycha\u0142o, jego serce nie bi\u0142o. Akcja reanimacyjna uratowa\u0142a mu \u017cycie, jednak pozosta\u0142o kalek\u0105.<\/p>\n<p>9-letni obecnie ch\u0142opiec tylko le\u017cy, nie mo\u017ce chodzi\u0107 ani siedzie\u0107, \u017ale widzi, nie m\u00f3wi. Ma padaczk\u0119. Je tylko zmiksowane pokarmy, d\u0142awi si\u0119 piciem. Wymaga opieki i rehabilitacji.<\/p>\n<p><strong>B\u0119dzie apelacja<\/strong><\/p>\n<p>Dzisiejszy wyrok nie jest prawomocny. Dyrektor szpitala w Pu\u0142awach ju\u017c zapowiedzia\u0142, \u017ce prawdopodobnie dojdzie do apelacji. Dyrektor Marian Jedli\u0144ski zaznaczy\u0142, \u017ce sprawa jest bardzo z\u0142o\u017cona i nie jest tak, \u017ce wina le\u017cy wy\u0142\u0105cznie po stronie szpitala.<\/p>\n<p>Podkre\u015bli\u0142, \u017ce szpital, kt\u00f3ry jest zad\u0142u\u017cony na ok. 30 mln z\u0142, nie jest w stanie wyp\u0142aci\u0107 tak wysokiej kwoty. &#8211; W stosunku do dochod\u00f3w Polak\u00f3w, w odniesieniu do stanu finansowego s\u0142u\u017cby zdrowia, ta kwota jest zbyt wysoka &#8211; powiedzia\u0142.<\/p>\n<p>www.gazeta.pl<\/p>\n","protected":false},"excerpt":{"rendered":"<p>600 tysi\u0119cy zado\u015b\u0107uczynienia i 5 tysi\u0119cy comiesi\u0119cznej renty musz\u0105 zap\u0142aci\u0107 szpital w Pu\u0142awach i PZU matce 9-letniego Szymona &#8211; zdecydowa\u0142 dzi\u015b lubelski s\u0105d. Ch\u0142opiec urodzi\u0142 si\u0119 sparali\u017cowany, z wad\u0105 wzroku i padaczk\u0105, bo szpital op\u00f3\u017ania\u0142 decyzj\u0119 o porodzie u jego matki. Podczas gdy niezb\u0119dne by\u0142o cesarskie ci\u0119cie, kobieta urodzi\u0142a tradycyjnie i to o kilka dni za p\u00f3\u017ano.<\/p>\n","protected":false},"author":2,"featured_media":0,"comment_status":"open","ping_status":"open","sticky":false,"template":"","format":"standard","meta":{"footnotes":""},"categories":[8],"tags":[22,13],"class_list":["post-446","post","type-post","status-publish","format-standard","hentry","category-aktualnosci","tag-oc","tag-zadoscuczynienie"],"_links":{"self":[{"href":"https:\/\/www.odszkodowania.info.pl\/index.php?rest_route=\/wp\/v2\/posts\/446","targetHints":{"allow":["GET"]}}],"collection":[{"href":"https:\/\/www.odszkodowania.info.pl\/index.php?rest_route=\/wp\/v2\/posts"}],"about":[{"href":"https:\/\/www.odszkodowania.info.pl\/index.php?rest_route=\/wp\/v2\/types\/post"}],"author":[{"embeddable":true,"href":"https:\/\/www.odszkodowania.info.pl\/index.php?rest_route=\/wp\/v2\/users\/2"}],"replies":[{"embeddable":true,"href":"https:\/\/www.odszkodowania.info.pl\/index.php?rest_route=%2Fwp%2Fv2%2Fcomments&post=446"}],"version-history":[{"count":1,"href":"https:\/\/www.odszkodowania.info.pl\/index.php?rest_route=\/wp\/v2\/posts\/446\/revisions"}],"predecessor-version":[{"id":447,"href":"https:\/\/www.odszkodowania.info.pl\/index.php?rest_route=\/wp\/v2\/posts\/446\/revisions\/447"}],"wp:attachment":[{"href":"https:\/\/www.odszkodowania.info.pl\/index.php?rest_route=%2Fwp%2Fv2%2Fmedia&parent=446"}],"wp:term":[{"taxonomy":"category","embeddable":true,"href":"https:\/\/www.odszkodowania.info.pl\/index.php?rest_route=%2Fwp%2Fv2%2Fcategories&post=446"},{"taxonomy":"post_tag","embeddable":true,"href":"https:\/\/www.odszkodowania.info.pl\/index.php?rest_route=%2Fwp%2Fv2%2Ftags&post=446"}],"curies":[{"name":"wp","href":"https:\/\/api.w.org\/{rel}","templated":true}]}}