{"id":448,"date":"2009-06-30T20:14:39","date_gmt":"2009-06-30T19:14:39","guid":{"rendered":"http:\/\/www.odszkodowania.info.pl\/?p=448"},"modified":"2009-06-30T20:14:39","modified_gmt":"2009-06-30T19:14:39","slug":"smierc-w-chodlu-to-wina-panstwa","status":"publish","type":"post","link":"https:\/\/www.odszkodowania.info.pl\/?p=448","title":{"rendered":"\u015amier\u0107 w Chodlu to wina pa\u0144stwa"},"content":{"rendered":"<p>&#8211; <em>To wina pa\u0144stwa i pa\u0144stwo musi naprawi\u0107 szkod<\/em>\u0119 &#8211; powiedzia\u0142a s\u0119dzia Maria Stelska. W poniedzia\u0142ek s\u0105d uzna\u0142, \u017ce Skarb Pa\u0144stwa b\u0119dzie musia\u0142 zap\u0142aci\u0107 odszkodowanie rodzinie Marcina Kopcia, zabitego na policyjnej blokadzie. &#8211; To prze\u0142omowe orzeczenie &#8211; skomentowa\u0142 adwokat pa\u0144stwa Kopci\u00f3w<\/p>\n<p>&#8211; <em>To nie jest s\u0105d nad policjantem. On tylko nie umia\u0142 pos\u0142ugiwa\u0107 si\u0119 broni\u0105, tak aby bezpiecznie przeprowadzi\u0107 akcje. To wina pa\u0144stwa i pa\u0144stwo musi t\u0119 szkod\u0119 naprawi\u0107<\/em> &#8211; to by\u0142y ostatnie zdania z niemal godzinnego uzasadnienia do wyroku, ale jak powiedzia\u0142a sama s\u0119dzia Stelska &#8211; zdania najwa\u017cniejsze. S\u0119dzia kilka razy powt\u00f3rzy\u0142a, \u017ce nie orzeka o winie funkcjonariusza Sebastiana O., do dzi\u015b czynnego policjanta.<\/p>\n<p>Marcin Kope\u0107 zgin\u0105\u0142 latem 2006 r. na blokadzie drogowej w Chodlu \u015bmiertelnie postrzelony przez Sebastiana O., kt\u00f3ry wzi\u0105\u0142 ch\u0142opaka za poszukiwanego sprawc\u0119 napadu.<\/p>\n<p><strong>Kule, kt\u00f3re zabi\u0142y<\/strong><\/p>\n<p>W procesie cywilnym, kt\u00f3ry toczy\u0142 si\u0119 przed S\u0105dem Okr\u0119gowym w Lublinie rodzina zastrzelonego domaga\u0142a si\u0119 od Komendy Wojew\u00f3dzkiej Policji (reprezentuj\u0105cej pa\u0144stwo) 800 tys. z\u0142 odszkodowania. Ju\u017c na pierwszej rozprawie adwokat Kopci\u00f3w pyta\u0142: &#8211; <em>Oddano dziesi\u0119\u0107 strza\u0142\u00f3w, tylko po co? \u017baden pocisk nie trafi\u0142 w opon\u0119. Jak to ma si\u0119 do szkolenia policjanta, kt\u00f3ry nie jest w stanie trafi\u0107 w opon\u0119, ale w udo i plecy tak?<\/em><\/p>\n<p>W poniedzia\u0142ek s\u0105d w tzw. wyroku wst\u0119pnym uzna\u0142, \u017ce rodzinie Marcina nale\u017cy si\u0119 odszkodowanie. Jego wysoko\u015b\u0107 b\u0119dzie ustalona odr\u0119bnym post\u0119powaniu.<\/p>\n<p>S\u0119dzia Maria Stelska w uzasadnieniu przez ponad godzin\u0119 opisywa\u0142a tragedi\u0119 ze szczeg\u00f3\u0142ami. Opiera\u0142a si\u0119 na zeznaniach trzech policjant\u00f3w bior\u0105cych udzia\u0142 w blokadzie drogi, na kt\u00f3rej zabito Marcina. Ch\u0142opaka dosi\u0119g\u0142y dwie kule wystrzelone przez Sebastiana O. Pierwsza utkwi\u0142a w udzie, druga przebi\u0142a kr\u0119gos\u0142up, w\u0105trob\u0119, zatrzyma\u0142a si\u0119 na mostku.<\/p>\n<p><strong>Policjant nawet nie celowa\u0142<\/strong><\/p>\n<p>Sebastian O. w kierunku Marcina strzela\u0142 z pistoletu maszynowego w sumie siedem razy (wcze\u015bniej odda\u0142 trzy strza\u0142y ostrzegawcze). Najpierw strzela\u0142 &#8222;po lufie&#8221; bez celowania, kiedy Marcin obok niego przeje\u017cd\u017ca\u0142. Potem mierzy\u0142 ju\u017c dok\u0142adnie do odje\u017cdzaj\u0105cego ch\u0142opaka, bo ba\u0142 si\u0119, \u017ce trafi osoby postronne.<\/p>\n<p>S\u0105d stwierdzi\u0142, \u017ce policjant mia\u0142 prawo strzela\u0107, bo m\u00f3g\u0142 czu\u0107, \u017ce jego \u017cycie jest zagro\u017cone. Policjant twierdzi\u0142 bowiem, \u017ce Marcin jecha\u0142 na niego i nie chcia\u0142 si\u0119 zatrzyma\u0107.<\/p>\n<p>S\u0119dzia Stelska uzna\u0142a jednak, \u017ce dla wyroku wa\u017cne jest co innego: rozr\u00f3\u017cnienie prawa do strzelania a sposobu u\u017cycia broni. Prawo wymaga, aby je\u015bli policjant ju\u017c musi strzela\u0107, ma robi\u0107 to tak, aby wyrz\u0105dzi\u0107 jak najmniejsz\u0105 szkod\u0119.<\/p>\n<p>&#8211; Lokalizacja rany i braki w wyszkoleniu policjanta pozwalaj\u0105 stwierdzi\u0107, \u017ce strza\u0142 by\u0142 nieprawid\u0142owy &#8211; oceni\u0142a s\u0119dzia Stelska. I doda\u0142a: &#8211; <em>To Skarb Pa\u0144stwa powinien wykaza\u0107, \u017ce by\u0142o inaczej, a tego nie zrobi\u0142<\/em>. Na te pytania nie da\u0142o odpowiedzi te\u017c prokuratorskie \u015bledztwo.<\/p>\n<p><strong>Dla prokuratury wszystko gra<\/strong><\/p>\n<p>&#8222;Gazeta&#8221; pierwsza poinformowa\u0142a, \u017ce w trakcie prokuratorskiego \u015bledztwa wysz\u0142o na jaw, \u017ce policjant, kt\u00f3ry strzela\u0142 z broni maszynowej, ostatni raz \u0107wiczy\u0142 z niej&#8230; w 1998 r. KWP i Komenda G\u0142\u00f3wna Policji uzna\u0142y jednak, \u017ce w wyszkoleniu funkcjonariusza nie by\u0142o brak\u00f3w, za\u015b \u015bledztwo zosta\u0142o prawomocnie umorzone. Prokuratura uzna\u0142a bowiem, \u017ce policjant, kt\u00f3ry strzela\u0142, nie przekroczy\u0142 uprawnie\u0144. Profesorowie Zbigniew Ho\u0142da i Jan Widacki, kt\u00f3rzy komentowali t\u0119 spraw\u0119 w mediach, podkre\u015blali, \u017ce nie oddaje si\u0119 strza\u0142\u00f3w ostrzegawczych w terenie zabudowanym, ju\u017c nie wspominaj\u0105c o strzelaniu do motocyklist\u00f3w. Ten w\u0105tek nie zosta\u0142 w og\u00f3le zbadany przez \u015bledczych.<\/p>\n<p>W poniedzia\u0142ek s\u0105d przypomnia\u0142 te\u017c zeznania funkcjonariuszy uczestnicz\u0105cy w blokadzie. Zeznali oni, \u017ce nie wiedzieli jak si\u0119 prowadzi po\u015bcig za motocyklist\u0105. T\u0142umaczyli si\u0119, \u017ce ich zdaniem tragedii mo\u017cna by\u0142oby unikn\u0105\u0107 gdyby na blokad\u0119 zabrali ze sob\u0105 kolczatk\u0119. Jak zauwa\u017cy\u0142a s\u0119dzia Stelska, prawo zabrania zatrzymywania motocyklist\u00f3w za pomoc\u0105 kolc\u00f3w na drodze, bo jest to zbyt niebezpieczne dla \u017cycia ludzkiego. \u017baden z prze\u0142o\u017conych Sebastiana O. nie poni\u00f3s\u0142 konsekwencji za wys\u0142anie na akcje nieprzeszkolonych policjant\u00f3w.<\/p>\n<p>&#8211; <em>Pa\u0144stwo kaza\u0142o sta\u0107 tym policjantom na blokadzie, wi\u0119c nie mo\u017ce teraz ucieka\u0107 od odpowiedzialno\u015bci za ich przeszkolenie<\/em> &#8211; powiedzia\u0142a.<\/p>\n<p>&#8211; <em>Podobnego orzeczenia na gruncie prawa cywilnego nie znajdziemy. S\u0105d dokona\u0142 rozr\u00f3\u017cnienia mi\u0119dzy prawem do u\u017cycia broni, a sposobem jej u\u017cycia. S\u0105d s\u0142usznie uzna\u0142, \u017ce je\u017celi nale\u017ca\u0142o u\u017cy\u0107 broni, to na pewno nie w ten spos\u00f3b w jaki to zrobiono<\/em> &#8211; stwierdzi\u0142 mecenas. Poniedzia\u0142kowy wyrok jest nieprawomocny. &#8211; <em>Prawdopodobnie z\u0142o\u017cymy apelacj\u0119, tak \u017ceby nie dosz\u0142o do rozpatrywanie wysoko\u015bci odszkodowania<\/em> &#8211; zapowiedzia\u0142 mecenas Ryszard Dudzic, reprezentuj\u0105cy policj\u0119.<\/p>\n<p>Karol Adamaszek, mj TOK FM<\/p>\n","protected":false},"excerpt":{"rendered":"<p>&#8211; To wina pa\u0144stwa i pa\u0144stwo musi naprawi\u0107 szkod\u0119 &#8211; powiedzia\u0142a s\u0119dzia Maria Stelska. W poniedzia\u0142ek s\u0105d uzna\u0142, \u017ce Skarb Pa\u0144stwa b\u0119dzie musia\u0142 zap\u0142aci\u0107 odszkodowanie rodzinie Marcina Kopcia, zabitego na policyjnej blokadzie. &#8211; To prze\u0142omowe orzeczenie &#8211; skomentowa\u0142 adwokat pa\u0144stwa Kopci\u00f3w<\/p>\n","protected":false},"author":2,"featured_media":0,"comment_status":"open","ping_status":"open","sticky":false,"template":"","format":"standard","meta":{"footnotes":""},"categories":[8],"tags":[12,13],"class_list":["post-448","post","type-post","status-publish","format-standard","hentry","category-aktualnosci","tag-odszkodowanie","tag-zadoscuczynienie"],"_links":{"self":[{"href":"https:\/\/www.odszkodowania.info.pl\/index.php?rest_route=\/wp\/v2\/posts\/448","targetHints":{"allow":["GET"]}}],"collection":[{"href":"https:\/\/www.odszkodowania.info.pl\/index.php?rest_route=\/wp\/v2\/posts"}],"about":[{"href":"https:\/\/www.odszkodowania.info.pl\/index.php?rest_route=\/wp\/v2\/types\/post"}],"author":[{"embeddable":true,"href":"https:\/\/www.odszkodowania.info.pl\/index.php?rest_route=\/wp\/v2\/users\/2"}],"replies":[{"embeddable":true,"href":"https:\/\/www.odszkodowania.info.pl\/index.php?rest_route=%2Fwp%2Fv2%2Fcomments&post=448"}],"version-history":[{"count":1,"href":"https:\/\/www.odszkodowania.info.pl\/index.php?rest_route=\/wp\/v2\/posts\/448\/revisions"}],"predecessor-version":[{"id":449,"href":"https:\/\/www.odszkodowania.info.pl\/index.php?rest_route=\/wp\/v2\/posts\/448\/revisions\/449"}],"wp:attachment":[{"href":"https:\/\/www.odszkodowania.info.pl\/index.php?rest_route=%2Fwp%2Fv2%2Fmedia&parent=448"}],"wp:term":[{"taxonomy":"category","embeddable":true,"href":"https:\/\/www.odszkodowania.info.pl\/index.php?rest_route=%2Fwp%2Fv2%2Fcategories&post=448"},{"taxonomy":"post_tag","embeddable":true,"href":"https:\/\/www.odszkodowania.info.pl\/index.php?rest_route=%2Fwp%2Fv2%2Ftags&post=448"}],"curies":[{"name":"wp","href":"https:\/\/api.w.org\/{rel}","templated":true}]}}