{"id":46,"date":"2009-02-16T13:02:05","date_gmt":"2009-02-16T12:02:05","guid":{"rendered":"http:\/\/www.odszkodowania.info.pl\/?p=46"},"modified":"2009-02-16T13:02:05","modified_gmt":"2009-02-16T12:02:05","slug":"polisy-od-kryzysu-jak-sie-ubezpieczyc-od-bledu","status":"publish","type":"post","link":"https:\/\/www.odszkodowania.info.pl\/?p=46","title":{"rendered":"Polisy od kryzysu &#8211; jak si\u0119 ubezpieczy\u0107 od b\u0142\u0119du"},"content":{"rendered":"<div id=\"artykul\">Kryzys finansowy dopada coraz to nowe ofiary. W Stanach Zjednoczonych FBI ju\u017c prze\u015bwietla ameryka\u0144skie banki inwestycyjne, a kongresmani wzywaj\u0105 na dywanik kolejnych prezes\u00f3w \u015bwiatowych gigant\u00f3w, \u017ceby t\u0142umaczyli si\u0119 z podj\u0119tych decyzji. W Europie prezydent Francji Nicolas Sarkozy zaapelowa\u0142 do odchodz\u0105cych mened\u017cer\u00f3w o rezygnacj\u0119 z odpraw.<\/p>\n<p>Pr\u00f3\u017cno jednak szuka\u0107 strachu w oczach niedawnych guru \u015bwiatowych finans\u00f3w. Zar\u00f3wno w Stanach Zjednoczonych, jak i Europie Zachodniej najwy\u017csza kadra zarz\u0105dzaj\u0105ca jest ubezpieczona na taki wypadek. Polisy D&amp;O (czyli &#8222;Directors and Officers&#8221;) s\u0105 tam powszechne.<\/p>\n<div>\n<div id=\"banP62\"><script type=\"text\/javascript\">putBan(62);<\/script><\/div>\n<\/div>\n<p><span class=\"txt_srodtytul\"><strong>Kto zap\u0142aci za b\u0142\u0119dy mened\u017cera?<\/strong><\/span><\/p>\n<p>Gdyby podobna sytuacja mia\u0142a miejsce w Polsce, naszym prezesom by\u0142oby znacznie trudniej. Wed\u0142ug ostro\u017cnych szacunk\u00f3w firm ubezpieczeniowych, jedynie w co trzeciej sp\u00f3\u0142ce notowanej na warszawskiej gie\u0142dzie cz\u0142onkowie zarz\u0105du i rad nadzorczych s\u0105 chronieni polisami typu D&amp;O.<\/p>\n<p>Taka <a class=\"reklama2\" href=\"http:\/\/cf.gazeta.pl\/ubezpieczenianazycie\/\">polisa<\/a> chroni przedsi\u0119biorstwa przed roszczeniami udzia\u0142owc\u00f3w, a tak\u017ce os\u00f3b trzecich, kt\u00f3re mog\u0142yby czu\u0107 si\u0119 poszkodowane wskutek z\u0142ych decyzji podj\u0119tych przez mened\u017cer\u00f3w.<\/p>\n<p>Ubezpieczeniem mo\u017cna obj\u0105\u0107 nie tylko prezesa firmy, ale i cz\u0142onk\u00f3w zarz\u0105du, rady nadzorczej, prokurent\u00f3w i pe\u0142nomocnik\u00f3w.<\/p>\n<p>Polisa nie chroni oczywi\u015bcie przed odpowiedzialno\u015bci\u0105 karn\u0105, a jedynie w przypadku szk\u00f3d finansowych. Dzi\u0119ki ubezpieczeniu w\u0142adze sp\u00f3\u0142ki nie odpowiadaj\u0105 swoim maj\u0105tkiem, a przedsi\u0119biorstwo ma pewno\u015b\u0107, \u017ce w razie k\u0142opot\u00f3w ubezpieczyciel pokryje wszystkie straty.<\/p>\n<p><span class=\"txt_srodtytul\"><strong>Przed czym chroni polisa D&amp;O<\/strong><\/span><\/p>\n<p>Z zasady polisy chroni\u0105 nas przed sytuacjami, kiedy szkoda nast\u0105pi\u0142a na skutek braku staranno\u015bci w pe\u0142nieniu obowi\u0105zk\u00f3w. Dotyczy to np. \u2022\u00a0 dzia\u0142ania na szkod\u0119 sp\u00f3\u0142ki, \u2022\u00a0 przekroczenia uprawnie\u0144, \u2022\u00a0 z\u0142o\u017cenia fa\u0142szywego o\u015bwiadczenia, \u2022\u00a0 z\u0142amania praw pracowniczych, \u2022\u00a0 b\u0142\u0119du podczas fuzji i przej\u0119\u0107, z\u0142ych inwestycji, \u2022\u00a0 sprzeda\u017cy maj\u0105tku sp\u00f3\u0142ki po zani\u017conej warto\u015bci, \u2022\u00a0 wprowadzenia w b\u0142\u0105d akcjonariuszy, \u2022\u00a0 naruszenia zaufania. Niekoniecznie musi chodzi\u0107 o decyzje prezesa, ale tak\u017ce o same wypowiedzi (np. b\u0142\u0119dne prognozy), kt\u00f3re mog\u0142y spowodowa\u0107 np. spadek warto\u015bci akcji.<\/p>\n<p>Firmy ubezpieczeniowa nie odpowiada, gdy mened\u017cer pope\u0142ni\u0142 b\u0142\u0105d specjalnie (np. umy\u015blnie poda\u0142 b\u0142\u0119dne informacje w prospekcie emisyjnym).<\/p>\n<p><span class=\"txt_srodtytul\"><strong>Jakie odszkodowanie?<\/strong><\/span><\/p>\n<p>Sum\u0119 <a class=\"reklama2\" href=\"http:\/\/cf.gazeta.pl\/ubezpieczenianazycie\/\">ubezpieczenia<\/a> sp\u00f3\u0142ka ustala indywidualnie z firm\u0105 ubezpieczeniow\u0105. Zasada jest prosta &#8211; im wi\u0119ksza firma, tym wy\u017csza warto\u015b\u0107 polisy. W Polsce z regu\u0142y jest to od kilkudziesi\u0119ciu tysi\u0119cy do kilku milion\u00f3w z\u0142otych dla \u015brednich sp\u00f3\u0142ek, a w przypadku du\u017cych si\u0119ga nawet kilkudziesi\u0119ciu milion\u00f3w z\u0142otych. Warunki umowy zale\u017c\u0105 od tego, jak d\u0142ugo sp\u00f3\u0142ka jest na rynku, od jej historii finansowej i obecnej sytuacji ekonomicznej.<\/p>\n<p>Wyliczaj\u0105c wysoko\u015b\u0107 sk\u0142adki, ubezpieczyciel bierze pod uwag\u0119: rodzaj bran\u017cy, dotychczasow\u0105 dzia\u0142alno\u015b\u0107, wielko\u015b\u0107 aktyw\u00f3w i sum\u0119 ubezpieczenia. \u015arednia sk\u0142adka waha si\u0119 od kilkunastu do kilkudziesi\u0119ciu tysi\u0119cy z\u0142otych rocznie. S\u0105 jednak sp\u00f3\u0142ki, kt\u00f3re p\u0142ac\u0105 i ponad milion z\u0142otych za rok.<\/p>\n<div class=\"advHover_type2\" style=\"display: none;\">\n<h4>reklama<\/h4>\n<p><span>Skorzystaj z naszej oferty!<\/span><\/div>\n<div class=\"advHover_type2\" style=\"border: 1px solid #d5d5d5; position: absolute; z-index: 10; width: 280px; left: 394px; top: 1310px; display: none;\">\n<h4>reklama<\/h4>\n<p><span>Skorzystaj z naszej oferty!<\/span><\/div>\n<\/div>\n<div id=\"source\"><span>\u0179r\u00f3d\u0142o: <\/span> Gazeta Pieni\u0105dze<\/div>\n","protected":false},"excerpt":{"rendered":"<p>Jedna b\u0142\u0119dna decyzja mo\u017ce kosztowa\u0107 nie tylko utrat\u0119 reputacji, ale tak\u017ce mocno uszczupli\u0107 portfel. Jak si\u0119 przed tym chroni\u0107? <\/p>\n","protected":false},"author":2,"featured_media":0,"comment_status":"open","ping_status":"open","sticky":false,"template":"","format":"standard","meta":{"footnotes":""},"categories":[8],"tags":[21,22],"class_list":["post-46","post","type-post","status-publish","format-standard","hentry","category-aktualnosci","tag-do","tag-oc"],"_links":{"self":[{"href":"https:\/\/www.odszkodowania.info.pl\/index.php?rest_route=\/wp\/v2\/posts\/46","targetHints":{"allow":["GET"]}}],"collection":[{"href":"https:\/\/www.odszkodowania.info.pl\/index.php?rest_route=\/wp\/v2\/posts"}],"about":[{"href":"https:\/\/www.odszkodowania.info.pl\/index.php?rest_route=\/wp\/v2\/types\/post"}],"author":[{"embeddable":true,"href":"https:\/\/www.odszkodowania.info.pl\/index.php?rest_route=\/wp\/v2\/users\/2"}],"replies":[{"embeddable":true,"href":"https:\/\/www.odszkodowania.info.pl\/index.php?rest_route=%2Fwp%2Fv2%2Fcomments&post=46"}],"version-history":[{"count":2,"href":"https:\/\/www.odszkodowania.info.pl\/index.php?rest_route=\/wp\/v2\/posts\/46\/revisions"}],"predecessor-version":[{"id":48,"href":"https:\/\/www.odszkodowania.info.pl\/index.php?rest_route=\/wp\/v2\/posts\/46\/revisions\/48"}],"wp:attachment":[{"href":"https:\/\/www.odszkodowania.info.pl\/index.php?rest_route=%2Fwp%2Fv2%2Fmedia&parent=46"}],"wp:term":[{"taxonomy":"category","embeddable":true,"href":"https:\/\/www.odszkodowania.info.pl\/index.php?rest_route=%2Fwp%2Fv2%2Fcategories&post=46"},{"taxonomy":"post_tag","embeddable":true,"href":"https:\/\/www.odszkodowania.info.pl\/index.php?rest_route=%2Fwp%2Fv2%2Ftags&post=46"}],"curies":[{"name":"wp","href":"https:\/\/api.w.org\/{rel}","templated":true}]}}