{"id":466,"date":"2009-07-24T15:50:16","date_gmt":"2009-07-24T14:50:16","guid":{"rendered":"http:\/\/www.odszkodowania.info.pl\/?p=466"},"modified":"2009-07-24T15:50:16","modified_gmt":"2009-07-24T14:50:16","slug":"wydatku-na-naprawe-inwalida-nie-odliczy","status":"publish","type":"post","link":"https:\/\/www.odszkodowania.info.pl\/?p=466","title":{"rendered":"Wydatku na napraw\u0119 inwalida nie odliczy"},"content":{"rendered":"<p>Nie wolno mu natomiast w rozliczeniach uwzgl\u0119dni\u0107 wydatk\u00f3w na napraw\u0119 cz\u0119\u015bci i urz\u0105dze\u0144 zamontowanych w celu przystosowania auta do potrzeb wynikaj\u0105cych z niepe\u0142nosprawno\u015bci, np. sprz\u0119g\u0142a automatycznego.<\/p>\n<p>Takie stanowisko Ministerstwa Finans\u00f3w przekaza\u0142a jego rzeczniczka prasowa Magdalena Kobos w odpowiedzi na pytanie \u201eRz&#8221; (zobacz odpowied\u017a).<\/p>\n<p>Ustawa z 1992 r. o podatku dochodowym od os\u00f3b fizycznych (ustawa o PIT) przyznaje w art. 26 ust. 1 pkt 6 niepe\u0142nosprawnym i bliskim maj\u0105cym ich na utrzymaniu prawo do pomniejszenia dochodu o wydatki na cele rehabilitacyjne oraz zwi\u0105zane z u\u0142atwianiem wykonywania czynno\u015bci \u017cyciowych.<\/p>\n<p>Wydatki te wskazano w ust. 7a art. 26 ustawy o PIT. W przepisie tym pkt 3 wymienia m.in. zakup i napraw\u0119 indywidualnego sprz\u0119tu, urz\u0105dze\u0144 i narz\u0119dzi technicznych niezb\u0119dnych w rehabilitacji i u\u0142atwiaj\u0105cych wykonywanie czynno\u015bci \u017cyciowych, stosownie do potrzeb wynikaj\u0105cych z niepe\u0142nosprawno\u015bci, z wyj\u0105tkiem sprz\u0119tu gospodarstwa domowego.<\/p>\n<p>Mo\u017cna by mniema\u0107, \u017ce w tych naprawach mieszcz\u0105 si\u0119 tak\u017ce naprawy cz\u0119\u015bci i urz\u0105dze\u0144 zamontowanych w samochodzie w celu przystosowania go do potrzeb wynikaj\u0105cych z niepe\u0142nosprawno\u015bci. Jednak\u017ce, zdaniem ministerstwa, jest inaczej. Samoch\u00f3d bowiem \u2013 t\u0142umaczy jego rzeczniczka \u2013 nie jest sprz\u0119tem, urz\u0105dzeniem ani te\u017c narz\u0119dziem technicznym, o kt\u00f3rych m\u00f3wi art. 26 ust. 7a pkt 3 ustawy.<\/p>\n<p>Nie mo\u017cna te\u017c, wed\u0142ug ministerstwa, wydatk\u00f3w na napraw\u0119 cz\u0119\u015bci i urz\u0105dze\u0144 zamontowanych w samochodzie w celu dostosowania go do potrzeb wynikaj\u0105cych z niepe\u0142nosprawno\u015bci zakwalifikowa\u0107 do innej grupy wydatk\u00f3w, wskazanej w innym punkcie art. 26 ust. 7a\u201a a mianowicie pkt 2, tj. \u201ena przystosowanie pojazd\u00f3w mechanicznych do potrzeb wynikaj\u0105cych z niepe\u0142nosprawno\u015bci&#8221;.<\/p>\n<p>W pi\u015bmie skierowanym do \u201eRz&#8221; podkre\u015bla si\u0119, \u017ce zawarty w ustawie o PIT katalog wydatk\u00f3w rehabilitacyjnych ma charakter zamkni\u0119ty; odliczeniu podlegaj\u0105 tylko wydatki wyczerpuj\u0105co w nim wymienione. Dlatego rozszerzaj\u0105ca ich interpretacja jest niedozwolona.<\/p>\n<p>Je\u015bli wol\u0105 ustawodawcy by\u0142oby umo\u017cliwienie odliczenia od dochodu tak\u017ce wydatku na napraw\u0119, o kt\u00f3ry chodzi\u0142o w pytaniu \u201eRz&#8221;, to znalaz\u0142by si\u0119 on w katalogu odlicze\u0144 \u2013 argumentuje ministerstwo.<\/p>\n<p>Nie spos\u00f3b podwa\u017cy\u0107 regu\u0142y, \u017ce przepis\u00f3w o ulgach, jako wprowadzaj\u0105cych wyj\u0105tki od zasady powszechno\u015bci opodatkowania, nie wolno interpretowa\u0107 rozszerzaj\u0105co. Jednak\u017ce poza tym argumentacja ministerstwa wydaje si\u0119 nie do\u015b\u0107 przekonuj\u0105ca.<\/p>\n<p>Mo\u017ce wi\u0119c jednak \u2013 wbrew jego stanowisku \u2013 wydatki na napraw\u0119 urz\u0105dze\u0144 lub cz\u0119\u015bci zamontowanych w samochodzie w celu przystosowania go do potrzeb wynikaj\u0105cych z niepe\u0142nosprawno\u015bci mieszcz\u0105 si\u0119 w\u015br\u00f3d wydatk\u00f3w na napraw\u0119 wskazanych w art. 26 ust. 7a pkt 3, a wydatki na ich wymian\u0119 \u2013 w\u015br\u00f3d wskazanych w art. 26 ust. 7a pkt 2?<\/p>\n<p>Zainteresowani tym inwalidzi mog\u0105 podj\u0105\u0107 pr\u00f3b\u0119 wyja\u015bnienia, zwracaj\u0105c si\u0119 do dyrektora izby skarbowej o oficjaln\u0105 interpretacj\u0119. Je\u015bli b\u0119dzie ona nie po ich my\u015bli, mog\u0105 przedstawi\u0107 spraw\u0119 pod rozwag\u0119 niezawis\u0142ego s\u0105du. Na interpretacj\u0119 bowiem przys\u0142uguje skarga do s\u0105du administracyjnego.<br \/>\nRzeczpospolita<\/p>\n","protected":false},"excerpt":{"rendered":"<p>Niepe\u0142nosprawny maj\u0105cy okre\u015blon\u0105 grup\u0119 inwalidzk\u0105 mo\u017ce na zasadzie ulgi rehabilitacyjnej odliczy\u0107 wydatki na przystosowanie samochodu do swoich potrzeb.<\/p>\n","protected":false},"author":2,"featured_media":0,"comment_status":"open","ping_status":"open","sticky":false,"template":"","format":"standard","meta":{"footnotes":""},"categories":[8],"tags":[12,71],"class_list":["post-466","post","type-post","status-publish","format-standard","hentry","category-aktualnosci","tag-odszkodowanie","tag-pit"],"_links":{"self":[{"href":"https:\/\/www.odszkodowania.info.pl\/index.php?rest_route=\/wp\/v2\/posts\/466","targetHints":{"allow":["GET"]}}],"collection":[{"href":"https:\/\/www.odszkodowania.info.pl\/index.php?rest_route=\/wp\/v2\/posts"}],"about":[{"href":"https:\/\/www.odszkodowania.info.pl\/index.php?rest_route=\/wp\/v2\/types\/post"}],"author":[{"embeddable":true,"href":"https:\/\/www.odszkodowania.info.pl\/index.php?rest_route=\/wp\/v2\/users\/2"}],"replies":[{"embeddable":true,"href":"https:\/\/www.odszkodowania.info.pl\/index.php?rest_route=%2Fwp%2Fv2%2Fcomments&post=466"}],"version-history":[{"count":1,"href":"https:\/\/www.odszkodowania.info.pl\/index.php?rest_route=\/wp\/v2\/posts\/466\/revisions"}],"predecessor-version":[{"id":467,"href":"https:\/\/www.odszkodowania.info.pl\/index.php?rest_route=\/wp\/v2\/posts\/466\/revisions\/467"}],"wp:attachment":[{"href":"https:\/\/www.odszkodowania.info.pl\/index.php?rest_route=%2Fwp%2Fv2%2Fmedia&parent=466"}],"wp:term":[{"taxonomy":"category","embeddable":true,"href":"https:\/\/www.odszkodowania.info.pl\/index.php?rest_route=%2Fwp%2Fv2%2Fcategories&post=466"},{"taxonomy":"post_tag","embeddable":true,"href":"https:\/\/www.odszkodowania.info.pl\/index.php?rest_route=%2Fwp%2Fv2%2Ftags&post=466"}],"curies":[{"name":"wp","href":"https:\/\/api.w.org\/{rel}","templated":true}]}}