{"id":468,"date":"2009-07-24T15:51:48","date_gmt":"2009-07-24T14:51:48","guid":{"rendered":"http:\/\/www.odszkodowania.info.pl\/?p=468"},"modified":"2009-07-24T15:51:48","modified_gmt":"2009-07-24T14:51:48","slug":"strasburg-odszkodowanie-za-halas","status":"publish","type":"post","link":"https:\/\/www.odszkodowania.info.pl\/?p=468","title":{"rendered":"Strasburg: odszkodowanie za ha\u0142as"},"content":{"rendered":"<p>7 tys. euro zas\u0105dzi\u0142 Europejski Trybuna\u0142 Praw Cz\u0142owieka w Strasburgu na rzecz ma\u0142\u017ce\u0144stwa z Mielca, kt\u00f3re przez 19 lat domaga\u0142o si\u0119 zamkni\u0119cia fabryki, utrzymuj\u0105c, \u017ce ha\u0142as i zanieczyszczenia rujnuj\u0105 im zdrowie<\/p>\n<p>Trybuna\u0142 uzna\u0142, \u017ce w tej sprawie dosz\u0142o do przewlek\u0142o\u015bci post\u0119powania i naruszenia art. 6 europejskiej konwencji praw cz\u0142owieka i podstawowych wolno\u015bci gwarantuj\u0105cego ka\u017cdemu rozpatrzenie sprawy w rozs\u0105dnym terminie.<br \/>\nRzeczpospolita<\/p>\n","protected":false},"excerpt":{"rendered":"<p>7 tys. euro zas\u0105dzi\u0142 Europejski Trybuna\u0142 Praw Cz\u0142owieka w Strasburgu na rzecz ma\u0142\u017ce\u0144stwa z Mielca, kt\u00f3re przez 19 lat domaga\u0142o si\u0119 zamkni\u0119cia fabryki, utrzymuj\u0105c, \u017ce ha\u0142as i zanieczyszczenia rujnuj\u0105 im zdrowie.<\/p>\n","protected":false},"author":2,"featured_media":0,"comment_status":"open","ping_status":"open","sticky":false,"template":"","format":"standard","meta":{"footnotes":""},"categories":[8],"tags":[12,13],"class_list":["post-468","post","type-post","status-publish","format-standard","hentry","category-aktualnosci","tag-odszkodowanie","tag-zadoscuczynienie"],"_links":{"self":[{"href":"https:\/\/www.odszkodowania.info.pl\/index.php?rest_route=\/wp\/v2\/posts\/468","targetHints":{"allow":["GET"]}}],"collection":[{"href":"https:\/\/www.odszkodowania.info.pl\/index.php?rest_route=\/wp\/v2\/posts"}],"about":[{"href":"https:\/\/www.odszkodowania.info.pl\/index.php?rest_route=\/wp\/v2\/types\/post"}],"author":[{"embeddable":true,"href":"https:\/\/www.odszkodowania.info.pl\/index.php?rest_route=\/wp\/v2\/users\/2"}],"replies":[{"embeddable":true,"href":"https:\/\/www.odszkodowania.info.pl\/index.php?rest_route=%2Fwp%2Fv2%2Fcomments&post=468"}],"version-history":[{"count":1,"href":"https:\/\/www.odszkodowania.info.pl\/index.php?rest_route=\/wp\/v2\/posts\/468\/revisions"}],"predecessor-version":[{"id":469,"href":"https:\/\/www.odszkodowania.info.pl\/index.php?rest_route=\/wp\/v2\/posts\/468\/revisions\/469"}],"wp:attachment":[{"href":"https:\/\/www.odszkodowania.info.pl\/index.php?rest_route=%2Fwp%2Fv2%2Fmedia&parent=468"}],"wp:term":[{"taxonomy":"category","embeddable":true,"href":"https:\/\/www.odszkodowania.info.pl\/index.php?rest_route=%2Fwp%2Fv2%2Fcategories&post=468"},{"taxonomy":"post_tag","embeddable":true,"href":"https:\/\/www.odszkodowania.info.pl\/index.php?rest_route=%2Fwp%2Fv2%2Ftags&post=468"}],"curies":[{"name":"wp","href":"https:\/\/api.w.org\/{rel}","templated":true}]}}