{"id":52,"date":"2009-02-16T15:04:43","date_gmt":"2009-02-16T14:04:43","guid":{"rendered":"http:\/\/www.odszkodowania.info.pl\/?p=52"},"modified":"2009-02-16T15:04:43","modified_gmt":"2009-02-16T14:04:43","slug":"adwokaci-musza-sie-doksztalcac","status":"publish","type":"post","link":"https:\/\/www.odszkodowania.info.pl\/?p=52","title":{"rendered":"Adwokaci musz\u0105 si\u0119 dokszta\u0142ca\u0107 !"},"content":{"rendered":"<p>Do sta\u0142ego podnoszenia kwalifikacji i utrzymywania wysokiej sprawno\u015bci zawodowej od dawna wzywa cz\u0142onk\u00f3w palestry kodeks etyczny. Z tym samokszta\u0142ceniem nie jest najlepiej. Do w\u0142adz samorz\u0105du dociera\u0142y zar\u00f3wno skargi klient\u00f3w na b\u0142\u0119dy niedouczonych prawnik\u00f3w, jak i sygna\u0142y z s\u0105d\u00f3w o nieumiej\u0119tno\u015bci sporz\u0105dzenia odwo\u0142a\u0144 od orzecze\u0144.<\/p>\n<p><strong>Uczy\u0107 si\u0119 stale i stale<\/strong><\/p>\n<p>Od wrze\u015bnia obowi\u0105zuje wi\u0119c uchwa\u0142a Naczelnej Rady Adwokackiej, kt\u00f3ra obliguje ka\u017cdego adwokata do sta\u0142ego i regularnego doskonalenia zawodowego. Ma si\u0119 tym zajmowa\u0107 samorz\u0105d. Ten konkretny akt prawa korporacyjnego precyzuje og\u00f3lne nakazy etyczne. Adwokat musi corocznie odby\u0107, na w\u0142asny koszt, dziesi\u0119\u0107 godzin szkolenia, przeprowadzonego przez okr\u0119gow\u0105 rad\u0119 adwokack\u0105, lub &#8211; na zlecenie ORA &#8211; przez wyspecjalizowan\u0105 instytucj\u0119, np. uczelni\u0119, a tak\u017ce raz na pi\u0119\u0107 lat &#8211; 30-godzinny kurs.<\/p>\n<p>Od 2008 roku adwokaci b\u0119d\u0105 musieli co roku, do ko\u0144ca lutego, w specjalnym sprawozdaniu rozlicza\u0107 si\u0119 w swojej izbie adwokackiej z obowi\u0105zku podnoszenia kwalifikacji. Do tego czasu si\u0142ami korporacji powinno zosta\u0107 utworzonych, w siedzibach s\u0105d\u00f3w apelacyjnych, jedena\u015bcie regionalnych komisji doskonalenia zawodowego, organizuj\u0105cych szkolenia. Uchybienie przez adwokata temu obowi\u0105zkowi jest przewinieniem dyscyplinarnym.<\/p>\n<p>Uchwa\u0142a wymienia jako przyk\u0142ad r\u00f3\u017cne aktywne i bierne formy doskonalenia umiej\u0119tno\u015bci. W\u015br\u00f3d nich nauk\u0119 na podyplomowych studiach prawniczych, udzia\u0142 w szkoleniach, seminariach i konferencjach, organizowanych przez samorz\u0105d adwokacki &#8211; nie tylko w charakterze kursanta, ale tak\u017ce prelegenta &#8211; oraz prowadzenie zaj\u0119\u0107 dydaktycznych dla student\u00f3w i szkoleniowych na aplikacji, publikacj\u0119 artyku\u0142\u00f3w w prasie prawniczej.<\/p>\n<p>&#8211; Adwokatura nie mo\u017ce by\u0107 skostnia\u0142\u0105 struktur\u0105, kt\u00f3ra nie reaguje na potrzeby klient\u00f3w i otoczenia. Wi\u0119kszo\u015b\u0107 rad adwokackich, zw\u0142aszcza ma\u0142ych, organizuje szkolenia. Uchwa\u0142a w\u0142adz samorz\u0105du to formalizuje &#8211; m\u00f3wi Andrzej Malicki, adwokat, cz\u0142onek ORA we Wroc\u0142awiu i Przewodnicz\u0105cy Komisji Doskonalenia Zawodowego NRA, kt\u00f3ra przygotowa\u0142a projekt uchwa\u0142y &#8211; Na \u015bwiecie obowi\u0105zuj\u0105 dwa systemy rozliczania si\u0119 adwokat\u00f3w z obowi\u0105zku podnoszenia kwalifikacji : trzeba wykaza\u0107 si\u0119 albo liczb\u0105 punkt\u00f3w za szkolenia, albo liczb\u0105 godzin. My przyj\u0119li\u015bmy system godzinowy.<\/p>\n<p><strong>K\u0142opot du\u017cej rady<\/strong><\/p>\n<p>Uchwa\u0142a nie wzbudzi\u0142a wi\u0119kszych zastrze\u017ce\u0144 w okr\u0119gowych radach, kt\u00f3re maj\u0105 zorganizowa\u0107 system szkolenia swoich cz\u0142onk\u00f3w. Jednak dla najwi\u0119kszej, warszawskiej, zrzeszaj\u0105cej oko\u0142o 1500 adwokat\u00f3w, jest to prawdziwym wyzwaniem.<\/p>\n<p>&#8211; Mo\u017cna by\u0142o ten obowi\u0105zek wprowadza\u0107 stopniowo, by po pewnym czasie doj\u015b\u0107 do za\u0142o\u017conej liczby godzin szkolenia. Tymczasem w uchwale nie ma okresu przej\u015bciowego &#8211; m\u00f3wi Jakub Jacyna, rzecznik prasowy ORA w Warszawie &#8211; Trzeba zaproponowa\u0107 adwokatom przynajmniej dwa terminy zaj\u0119\u0107, tak aby mogli wybra\u0107, dlatego mamy pewne problemy organizacyjne. Ale s\u0105dz\u0119, \u017ce w przysz\u0142ym roku uda nam si\u0119 zorganizowa\u0107 system szkolenia.<\/p>\n<p><strong>S\u0119dziowie te\u017c si\u0119 szkol\u0105<\/strong><\/p>\n<p>Szkol\u0105 si\u0119 s\u0119dziowie i prokuratorzy &#8211; dodaje Andrzej Malicki &#8211; My te\u017c musimy stworzy\u0107 mechanizm doskonalenia. Inaczej narazimy si\u0119 w \u015brodowisku prawnik\u00f3w na zarzuty zacofania.<\/p>\n<p>Od 1 wrze\u015bnia br. ruszy\u0142o w Warszawie Krajowe Centrum Szkolenia Kadr S\u0105d\u00f3w Powszechnych i Prokuratury. Takie szko\u0142y dzia\u0142aj\u0105 od lat m.inn. we Francji, Hiszpanii, Niemczech. Dzi\u0119ki polskiej szkole mamy dopasowa\u0107 nasz model szkolenia kadr wymiaru sprawiedliwo\u015bci do unijnych standard\u00f3w. Szko\u0142a zajmuje si\u0119 organizacj\u0105 szkole\u0144, seminari\u00f3w, warsztat\u00f3w. Uruchomi studia zawodowe dla urz\u0119dnik\u00f3w, referendarzy, kurator\u00f3w s\u0105dowych.<\/p>\n<p>Ireneusz Walencik<br \/>\n*     *     *<\/p>\n<p><strong>Opinia<\/strong> &#8211; Stanis\u0142aw Rymar &#8211; prezes Naczelnej Rady Adwokackiej<\/p>\n<p>Liczymy si\u0119 z niech\u0119ci\u0105 niekt\u00f3rych koleg\u00f3w. Konkretna i rygorystyczna uchwa\u0142a to mi\u0119dzy innymi odpowied\u017a na sygna\u0142y o wadliwie sporz\u0105dzonych apelacjach czy kasacjach, oraz skargi na niekt\u00f3rych koleg\u00f3w. Chodzi o to, \u017ceby adwokaci bardzo serio potraktowali doskonalenie zawodowe, uzupe\u0142nianie wiedzy. Dlatego chcemy obowi\u0105zek szkolenia egzekwowa\u0107 pod rygorem odpowiedzialno\u015bci dyscyplinarnej. Zdajemy sobie spraw\u0119, \u017ce mo\u017ce to si\u0119 spotka\u0107 z pewn\u0105 niech\u0119ci\u0105, bo nigdy przedtem adwokaci nie byli zmuszani do szkole\u0144. Musimy t\u0119 niech\u0119\u0107 prze\u0142ama\u0107, tak jak uda\u0142o nam si\u0119 przekona\u0107 koleg\u00f3w &#8211; cho\u0107 z trudem i po d\u0142u\u017cszym czasie &#8211; do przyj\u0119cia jak najwi\u0119kszej liczby praktykant\u00f3w. Naczelna Rada Adwokacka b\u0119dzie robi\u0107 wszystko, \u017ceby ta uchwa\u0142a funkcjonowa\u0142a jak najlepiej.<\/p>\n<p>W rezolucji Parlamentu Europejskiego w sprawie zawod\u00f3w prawniczych i interesu og\u00f3lnego w funkcjonowaniu system\u00f3w prawnych (z 23 marca 2006) czytamy m. inn. : &#8222;Parlament Europejski (&#8230;..) odnotowuje wysokie kwalifikacje wymagane do dost\u0119pu do zawod\u00f3w prawniczych, potrzeb\u0119 ochrony tych kwalifikacji, kt\u00f3re charakteryzuj\u0105 zawody prawnicze, w interesie obywateli Europy, oraz potrzeb\u0119 ustanowienia szczeg\u00f3lnej relacji opartej na zaufaniu pomi\u0119dzy osobami wykonuj\u0105cymi zawody prawnicze i ich klientami&#8221;.<br \/>\n*     *     *<br \/>\n<strong><em><span style=\"color: #003366;\">Ireneusz Walencik<br \/>\n&#8222;RZECZPOSPOLITA&#8221;<br \/>\n28.11.2006.<\/span><\/em><\/strong><\/p>\n","protected":false},"excerpt":{"rendered":"<p>Zawody prawnicze. Ka\u017cdy adwokat musi odby\u0107 dziesi\u0119\u0107 godzin szkole\u0144 rocznie. Je\u015bli nie rozliczy si\u0119 z tego obowi\u0105zku, grozi\u0107 mu b\u0119dzie kara dyscyplinarna. Ale dopiero od 2008 roku. <\/p>\n","protected":false},"author":2,"featured_media":0,"comment_status":"open","ping_status":"open","sticky":false,"template":"","format":"standard","meta":{"footnotes":""},"categories":[8],"tags":[25],"class_list":["post-52","post","type-post","status-publish","format-standard","hentry","category-aktualnosci","tag-adwokat"],"_links":{"self":[{"href":"https:\/\/www.odszkodowania.info.pl\/index.php?rest_route=\/wp\/v2\/posts\/52","targetHints":{"allow":["GET"]}}],"collection":[{"href":"https:\/\/www.odszkodowania.info.pl\/index.php?rest_route=\/wp\/v2\/posts"}],"about":[{"href":"https:\/\/www.odszkodowania.info.pl\/index.php?rest_route=\/wp\/v2\/types\/post"}],"author":[{"embeddable":true,"href":"https:\/\/www.odszkodowania.info.pl\/index.php?rest_route=\/wp\/v2\/users\/2"}],"replies":[{"embeddable":true,"href":"https:\/\/www.odszkodowania.info.pl\/index.php?rest_route=%2Fwp%2Fv2%2Fcomments&post=52"}],"version-history":[{"count":2,"href":"https:\/\/www.odszkodowania.info.pl\/index.php?rest_route=\/wp\/v2\/posts\/52\/revisions"}],"predecessor-version":[{"id":54,"href":"https:\/\/www.odszkodowania.info.pl\/index.php?rest_route=\/wp\/v2\/posts\/52\/revisions\/54"}],"wp:attachment":[{"href":"https:\/\/www.odszkodowania.info.pl\/index.php?rest_route=%2Fwp%2Fv2%2Fmedia&parent=52"}],"wp:term":[{"taxonomy":"category","embeddable":true,"href":"https:\/\/www.odszkodowania.info.pl\/index.php?rest_route=%2Fwp%2Fv2%2Fcategories&post=52"},{"taxonomy":"post_tag","embeddable":true,"href":"https:\/\/www.odszkodowania.info.pl\/index.php?rest_route=%2Fwp%2Fv2%2Ftags&post=52"}],"curies":[{"name":"wp","href":"https:\/\/api.w.org\/{rel}","templated":true}]}}