{"id":582,"date":"2009-10-16T08:31:40","date_gmt":"2009-10-16T07:31:40","guid":{"rendered":"http:\/\/www.odszkodowania.info.pl\/?p=582"},"modified":"2009-10-16T08:31:40","modified_gmt":"2009-10-16T07:31:40","slug":"kto-za-co-odpowiada-gdy-atakuje-zywiol","status":"publish","type":"post","link":"https:\/\/www.odszkodowania.info.pl\/?p=582","title":{"rendered":"Kto za co odpowiada, gdy atakuje \u017cywio\u0142"},"content":{"rendered":"<p>Chodzi, co oczywiste, o nasze w\u0142asne bezpiecze\u0144stwo, ale i to, \u017ce niezachowanie w takich warunkach szczeg\u00f3lnej ostro\u017cno\u015bci mo\u017ce pozbawi\u0107 nas prawa do odszkodowania, cho\u0107by ubezpieczeniowego.<\/p>\n<p>Tylko w ostatni\u0105 \u015brod\u0119 jednostki stra\u017cy po\u017carnej 8 tys. razy wyje\u017cd\u017ca\u0142y usuwa\u0107 awarie, szkody i niebezpiecze\u0144stwa.<\/p>\n<p>\u2013 Jedziemy wsz\u0119dzie tam, gdzie wyst\u0105pi zagro\u017cenie dla ludzi: ich \u017cycia czy zdrowia, dla mienia znacznych rozmiar\u00f3w czy \u015brodowiska \u2013 wskazuje starszy brygadier Pawe\u0142 Fr\u0105tczak, rzecznik Komendy G\u0142\u00f3wnej Stra\u017cy Po\u017carnej.<\/p>\n<p><strong>S\u0142u\u017cby i w\u0142a\u015bciciele<\/strong><\/p>\n<p>Stra\u017c po\u017carna usunie powalone na ulic\u0119 drzewo czy zabezpieczy obsuni\u0119t\u0105 skarp\u0119, ale zerwane kable energetyczne naprawi\u0107 musz\u0105 ju\u017c s\u0142u\u017cby energetyczne.<\/p>\n<p>Najsprawniejsze dzia\u0142ania s\u0142u\u017cb nie zdejmuj\u0105 jednak obowi\u0105zk\u00f3w z w\u0142a\u015bcicieli (administrator\u00f3w) dr\u00f3g, kamienic czy nawet niezabudowanych posesji. Usuwanie np. ga\u0142\u0119zi czy posprz\u0105tanie chodnika tu\u017c po burzy, ale te\u017c od\u015bnie\u017cenie, posypanie piaskiem, nale\u017cy do w\u0142a\u015bciciela, zarz\u0105dcy.<\/p>\n<p>Do\u015b\u0107 prosta jest kwestia odpowiedzialno\u015bci za stan dr\u00f3g publicznych \u2013 odpowiada za to zarz\u0105dca. Na kraj\u00f3wkach jest nim generalny dyrektor dr\u00f3g krajowych i autostrad; na wojew\u00f3dzkich \u2013 zarz\u0105d wojew\u00f3dztwa; na powiatowych \u2013 zarz\u0105d powiatu, a na gminnych \u2013 w\u00f3jt (burmistrz, prezydent miasta). A co z chodnikami? Zgodnie z art. 5 ustawy o utrzymaniu czysto\u015bci i porz\u0105dku w gminach w\u0142a\u015bciciele nieruchomo\u015bci maj\u0105 obowi\u0105zek usun\u0105\u0107 \u015bnieg, l\u00f3d z chodnik\u00f3w po\u0142o\u017conych bezpo\u015brednio przy granicy posesji. Z kolei utrzymanie przystank\u00f3w oraz torowisk tramwajowych nale\u017cy do zak\u0142adu komunikacji.<\/p>\n<p><strong>Zb\u0119dne ryzyko<\/strong><\/p>\n<p>W\u0142a\u015bciciele i administratorzy dr\u00f3g czy posesji, wreszcie firmy ubezpieczeniowe maj\u0105 kilka argument\u00f3w, by cho\u0107by cz\u0119\u015b\u0107 odpowiedzialno\u015bci odszkodowawczej za skutki \u017cywio\u0142u zrzuci\u0107 z siebie.<\/p>\n<p>Po pierwsze, mog\u0105 twierdzi\u0107, \u017ce chodzi o si\u0142\u0119 wy\u017csz\u0105, \u017ce nie spos\u00f3b zlokalizowa\u0107 wszystkich nadgni\u0142ych czy nad\u0142amanych ga\u0142\u0119zi \u2013 zreszt\u0105 wiatr wyrywa tak\u017ce zdrowe drzewa z korzeniami. A po burzy nie spos\u00f3b sprawdzi\u0107 i posprz\u0105ta\u0107 szybko wszystkich jezdni i posesji.<\/p>\n<p>Z drugiej strony od kilku dni meteorolodzy ostrzegali przed sztormem i burzami, zreszt\u0105 takie kiedy\u015b zupe\u0142nie wyj\u0105tkowe zjawiska w ostatnich latach wyra\u017anie si\u0119 nasili\u0142y. Przypomnijmy cho\u0107by powodzie na prze\u0142omie czerwca i lipca w pi\u0119ciu po\u0142udniowych wojew\u00f3dztwach Polski czy gwa\u0142towne wichury, kt\u00f3re przesz\u0142y przez nasz kraj od Dolnego \u015al\u0105ska po Mazowsze 21 lipca tego roku.<\/p>\n<p>Na co to jest argument? Na to, \u017ce obecny atak zimy nie by\u0142 zn\u00f3w a\u017c tak bardzo niespodziewany.<\/p>\n<p>Ponadto pojawi\u0107 si\u0119 mog\u0105 zarzuty wobec poszkodowanego, \u017ce sam si\u0119 do szkody przyczyni\u0142. W prawie cywilnym obowi\u0105zuje bowiem zasada, \u017ce je\u017celi poszkodowany przyczyni\u0142 si\u0119 do powstania lub zwi\u0119kszenia szkody, obowi\u0105zek jej naprawienia ulega odpowiedniemu zmniejszeniu stosownie do stopnia winy obu stron (art. 362 k.c.).<\/p>\n<p>\u2013 Je\u015bli kogo\u015b zaskoczy burza, a ma niedaleko do domu, to trudno mu zarzuca\u0107, \u017ce jecha\u0142 dalej i przez to wpada\u0142 w po\u015blizg \u2013 t\u0142umaczy mec. Wies\u0142awa G\u00f3ral. \u2013 Je\u015bli jednak mimo wyj\u0105tkowej burzy, kt\u00f3r\u0105 mo\u017cna np. przeczeka\u0107, rusza w niebezpieczn\u0105 tras\u0119, mo\u017cna mu zarzuci\u0107 przyczynienie si\u0119 do szkody, a nawet \u017ce dzia\u0142a\u0142 zupe\u0142nie na w\u0142asne ryzyko.<\/p>\n<p><strong>Marcin Orlicki &#8211; Uniwersytet Adama Mickiewicza<\/strong><\/p>\n<p>Je\u015bli jezdnia jest oblodzona, to nawet dopuszczalna pr\u0119dko\u015b\u0107 60 km\/h mo\u017ce by\u0107 bardzo niebezpieczna. Trudno te\u017c np. usprawiedliwi\u0107 wchodzenie na sopockie molo podczas silnego sztormu, zw\u0142aszcza je\u015bli by\u0142o ostrze\u017cenie \u201enie wchodzi\u0107\u201d. Takie przypadki lekkomy\u015blno\u015bci czy ra\u017c\u0105cej nieostro\u017cno\u015bci wy\u0142\u0105czaj\u0105 odpowiedzialno\u015b\u0107 w\u0142a\u015bciciela obiektu, ale te\u017c ubezpieczyciela tak nieostro\u017cnego poszkodowanego. Z drugiej strony np. warszawiak posiadaj\u0105cy dzia\u0142k\u0119 na Mazurach powinien po takim niespodziewanym ataku zimy j\u0105 obejrze\u0107, sprawdzi\u0107, czy jakie\u015b instalacje czy przedmioty nie zagra\u017caj\u0105 osobom trzecim, kt\u00f3re mog\u0105 si\u0119 znale\u017a\u0107 w pobli\u017cu.<\/p>\n<p>Rzeczpospolita<br \/>\nMarek Domagalski<\/p>\n","protected":false},"excerpt":{"rendered":"<p>Lekkomy\u015blna eskapada w czasie gwa\u0142townej burzy czy \u015bnie\u017cycy mo\u017ce wp\u0142yn\u0105\u0107 na zmniejszenie odszkodowania w razie wypadku.<\/p>\n","protected":false},"author":2,"featured_media":0,"comment_status":"open","ping_status":"open","sticky":false,"template":"","format":"standard","meta":{"footnotes":""},"categories":[8],"tags":[12],"class_list":["post-582","post","type-post","status-publish","format-standard","hentry","category-aktualnosci","tag-odszkodowanie"],"_links":{"self":[{"href":"https:\/\/www.odszkodowania.info.pl\/index.php?rest_route=\/wp\/v2\/posts\/582","targetHints":{"allow":["GET"]}}],"collection":[{"href":"https:\/\/www.odszkodowania.info.pl\/index.php?rest_route=\/wp\/v2\/posts"}],"about":[{"href":"https:\/\/www.odszkodowania.info.pl\/index.php?rest_route=\/wp\/v2\/types\/post"}],"author":[{"embeddable":true,"href":"https:\/\/www.odszkodowania.info.pl\/index.php?rest_route=\/wp\/v2\/users\/2"}],"replies":[{"embeddable":true,"href":"https:\/\/www.odszkodowania.info.pl\/index.php?rest_route=%2Fwp%2Fv2%2Fcomments&post=582"}],"version-history":[{"count":1,"href":"https:\/\/www.odszkodowania.info.pl\/index.php?rest_route=\/wp\/v2\/posts\/582\/revisions"}],"predecessor-version":[{"id":583,"href":"https:\/\/www.odszkodowania.info.pl\/index.php?rest_route=\/wp\/v2\/posts\/582\/revisions\/583"}],"wp:attachment":[{"href":"https:\/\/www.odszkodowania.info.pl\/index.php?rest_route=%2Fwp%2Fv2%2Fmedia&parent=582"}],"wp:term":[{"taxonomy":"category","embeddable":true,"href":"https:\/\/www.odszkodowania.info.pl\/index.php?rest_route=%2Fwp%2Fv2%2Fcategories&post=582"},{"taxonomy":"post_tag","embeddable":true,"href":"https:\/\/www.odszkodowania.info.pl\/index.php?rest_route=%2Fwp%2Fv2%2Ftags&post=582"}],"curies":[{"name":"wp","href":"https:\/\/api.w.org\/{rel}","templated":true}]}}