{"id":623,"date":"2009-11-10T09:52:55","date_gmt":"2009-11-10T08:52:55","guid":{"rendered":"http:\/\/www.odszkodowania.info.pl\/?p=623"},"modified":"2009-11-10T10:24:39","modified_gmt":"2009-11-10T09:24:39","slug":"precedensowy-wyrok-ws-wypadku-w-grenoble","status":"publish","type":"post","link":"https:\/\/www.odszkodowania.info.pl\/?p=623","title":{"rendered":"Precedensowy wyrok ws. wypadku w Grenoble"},"content":{"rendered":"<p>Jolanta Wola\u0144ska w wyniku wypadku mia\u0142a z\u0142amany bark, uszkodzony kr\u0119gos\u0142up i przebite \u017cebrami p\u0142uca. Okres powrotu do zdrowia trwa\u0142 wiele miesi\u0119cy. Przyznane jej przez PZU SA odszkodowanie w wysoko\u015bci 30 tys. z\u0142 okaza\u0142o si\u0119 niewystarczaj\u0105ce na pokrycie koszt\u00f3w niezb\u0119dnej rehabilitacji i terapii psychologicznej.<\/p>\n<p><strong>Kolejne 30 tys. na leczenie<\/strong><\/p>\n<p>S\u0105d uzna\u0142 roszczenia kobiety za w pe\u0142ni zasadne i zas\u0105dzi\u0142 na jej rzecz kolejne 30 tys. z\u0142. &#8211; Uzasadnienie by\u0142o bardzo proste, s\u0105d stwierdzi\u0142, \u017ce sam wypadek, jak i szkoda nie budz\u0105 w\u0105tpliwo\u015bci. To roszczenie by\u0142o niewyg\u00f3rowane &#8211; m\u00f3wi\u0142 po og\u0142oszeniu wyroku obro\u0144ca poszkodowanej, Maciej Kwiecie\u0144 ze sp\u00f3\u0142ki brokerskiej &#8222;<strong>MARSHAL<\/strong>&#8222;. &#8211; <em>Mam nadziej\u0119, \u017ce to b\u0119dzie sygna\u0142 dla nast\u0119pnych os\u00f3b, \u017ce warto powalczy\u0107 i \u017ce troch\u0119 wysi\u0142ku, a mo\u017cna wygra\u0107 spraw\u0119 <\/em>&#8211; doda\u0142.<\/p>\n<p>W katastrofie autokaru pod Grenoble we francuskich Alpach, do kt\u00f3rej dosz\u0142o w lipcu 2007 roku zgin\u0119\u0142o 26 os\u00f3b, a 24 zosta\u0142y ranne.<\/p>\n","protected":false},"excerpt":{"rendered":"<p>30 tys. z\u0142 zado\u015b\u0107uczynienia zas\u0105dzi\u0142 S\u0105d Rejonowy w Stargardzie Szczeci\u0144skim dla poszkodowanej w wypadku autokaru w Grenoble. Kwot\u0119 wyp\u0142aci ubezpieczyciel PZU SA. Jak twierdz\u0105 prawnicy, ta sprawa mo\u017ce sta\u0107 si\u0119 pocz\u0105tkiem lawiny pozw\u00f3w poszkodowanych.<\/p>\n","protected":false},"author":2,"featured_media":0,"comment_status":"open","ping_status":"open","sticky":false,"template":"","format":"standard","meta":{"footnotes":""},"categories":[8,45],"tags":[12,13],"class_list":["post-623","post","type-post","status-publish","format-standard","hentry","category-aktualnosci","category-artykul-glowny","tag-odszkodowanie","tag-zadoscuczynienie"],"_links":{"self":[{"href":"https:\/\/www.odszkodowania.info.pl\/index.php?rest_route=\/wp\/v2\/posts\/623","targetHints":{"allow":["GET"]}}],"collection":[{"href":"https:\/\/www.odszkodowania.info.pl\/index.php?rest_route=\/wp\/v2\/posts"}],"about":[{"href":"https:\/\/www.odszkodowania.info.pl\/index.php?rest_route=\/wp\/v2\/types\/post"}],"author":[{"embeddable":true,"href":"https:\/\/www.odszkodowania.info.pl\/index.php?rest_route=\/wp\/v2\/users\/2"}],"replies":[{"embeddable":true,"href":"https:\/\/www.odszkodowania.info.pl\/index.php?rest_route=%2Fwp%2Fv2%2Fcomments&post=623"}],"version-history":[{"count":2,"href":"https:\/\/www.odszkodowania.info.pl\/index.php?rest_route=\/wp\/v2\/posts\/623\/revisions"}],"predecessor-version":[{"id":625,"href":"https:\/\/www.odszkodowania.info.pl\/index.php?rest_route=\/wp\/v2\/posts\/623\/revisions\/625"}],"wp:attachment":[{"href":"https:\/\/www.odszkodowania.info.pl\/index.php?rest_route=%2Fwp%2Fv2%2Fmedia&parent=623"}],"wp:term":[{"taxonomy":"category","embeddable":true,"href":"https:\/\/www.odszkodowania.info.pl\/index.php?rest_route=%2Fwp%2Fv2%2Fcategories&post=623"},{"taxonomy":"post_tag","embeddable":true,"href":"https:\/\/www.odszkodowania.info.pl\/index.php?rest_route=%2Fwp%2Fv2%2Ftags&post=623"}],"curies":[{"name":"wp","href":"https:\/\/api.w.org\/{rel}","templated":true}]}}