{"id":628,"date":"2009-11-12T12:01:47","date_gmt":"2009-11-12T11:01:47","guid":{"rendered":"http:\/\/www.odszkodowania.info.pl\/?p=628"},"modified":"2009-11-12T12:01:47","modified_gmt":"2009-11-12T11:01:47","slug":"dwa-lata-w-zawieszeniu-dla-kierowcy-ktory-uderzyl-autobusem-w-wiadukt","status":"publish","type":"post","link":"https:\/\/www.odszkodowania.info.pl\/?p=628","title":{"rendered":"Dwa lata w zawieszeniu dla kierowcy, kt\u00f3ry uderzy\u0142 autobusem w wiadukt"},"content":{"rendered":"<p>Proces kierowcy rozpocz\u0105\u0142 si\u0119 na pocz\u0105tku listopada. Prokurator \u017c\u0105da\u0142 dla m\u0119\u017cczyzny kary dw\u00f3ch lat wi\u0119zienia w zawieszeniu na pi\u0119\u0107 lat oraz zakazu prowadzenia wszelkich pojazd\u00f3w mechanicznych przez pi\u0119\u0107 lat. M\u0119\u017cczyzna przyzna\u0142 si\u0119 do winy i wyrazi\u0142 skruch\u0119.<\/p>\n<p>Do wypadku dosz\u0142o 27 marca. Kierowca wi\u00f3z\u0142 szkoln\u0105 wycieczk\u0119 wysokim jednopi\u0119trowym autokarem. M\u0119\u017cczyzna \u017ale oceni\u0142 wysoko\u015b\u0107 wiaduktu i wbi\u0142 si\u0119 w jego sklepienie, zrywaj\u0105c dach autobusu niemal do po\u0142owy. Rannych zosta\u0142o ponad 30 pasa\u017cer\u00f3w, w tym siedmiu z nich odnios\u0142o powa\u017cniejsze, ale nie bardzo ci\u0119\u017ckie, obra\u017cenia.<\/p>\n<p><strong>Po wypadku przeszed\u0142 za\u0142amanie nerwowe<\/strong><\/p>\n<p>Tu\u017c po wypadku do szpitali trafili nie tylko pasa\u017cerowie autobusu, ale i sam kierowca, kt\u00f3ry przeszed\u0142 za\u0142amanie nerwowe. Po wyj\u015bciu ze szpitala Czes\u0142aw G. przyzna\u0142 si\u0119 do stawianych mu zarzut\u00f3w.<\/p>\n<p>Kierowca, kt\u00f3rego widzia\u0142a ca\u0142a Polska, le\u017cy w szpitalu psychiatrycznym<\/p>\n<p>Zawodowe prawo jazdy mia\u0142 od 18. roku \u017cycia. Wcze\u015bniej wielokrotnie je\u017adzi\u0142 takimi autokarami i zna\u0142 ich gabaryty. Jak wynika z ekspertyzy bieg\u0142ych &#8211; wiadukt by\u0142 \u017ale oznakowany. Prokuratura ustali\u0142a, \u017ce kilkaset metr\u00f3w przed nim ustawiony by\u0142 tylko jeden znak informuj\u0105cy, i\u017c obiekt ma 2,9 m wysoko\u015bci. Biegli orzekli, \u017ce zgodnie z obowi\u0105zuj\u0105cymi przepisami by\u0142a to niewystarczaj\u0105ca informacja.<\/p>\n<p>Przypomnijmy, i\u017c sprawy odszkodowa\u0144 dla poszkodowanych w tym wypadku prowadzi Broker Ubezpieczeniowy &#8222;MARSHAL&#8221; Sp. z o.o.<\/p>\n","protected":false},"excerpt":{"rendered":"<p>S\u0105d uzna\u0142 winnym 60-letniego Czes\u0142awa G. nieumy\u015blnego spowodowania katastrofy w ruchu l\u0105dowym oraz nara\u017cenia na utrat\u0119 zdrowia 48 os\u00f3b. Kierowca autobusu, kt\u00f3ry uderzy\u0142 w wiadukt w \u015awidnicy zosta\u0142 skazany na 2 lata wi\u0119zienia w zawieszeniu i trzyletni zakaz prowadzenia autobus\u00f3w. <\/p>\n","protected":false},"author":2,"featured_media":0,"comment_status":"open","ping_status":"open","sticky":false,"template":"","format":"standard","meta":{"footnotes":""},"categories":[8],"tags":[12],"class_list":["post-628","post","type-post","status-publish","format-standard","hentry","category-aktualnosci","tag-odszkodowanie"],"_links":{"self":[{"href":"https:\/\/www.odszkodowania.info.pl\/index.php?rest_route=\/wp\/v2\/posts\/628","targetHints":{"allow":["GET"]}}],"collection":[{"href":"https:\/\/www.odszkodowania.info.pl\/index.php?rest_route=\/wp\/v2\/posts"}],"about":[{"href":"https:\/\/www.odszkodowania.info.pl\/index.php?rest_route=\/wp\/v2\/types\/post"}],"author":[{"embeddable":true,"href":"https:\/\/www.odszkodowania.info.pl\/index.php?rest_route=\/wp\/v2\/users\/2"}],"replies":[{"embeddable":true,"href":"https:\/\/www.odszkodowania.info.pl\/index.php?rest_route=%2Fwp%2Fv2%2Fcomments&post=628"}],"version-history":[{"count":1,"href":"https:\/\/www.odszkodowania.info.pl\/index.php?rest_route=\/wp\/v2\/posts\/628\/revisions"}],"predecessor-version":[{"id":629,"href":"https:\/\/www.odszkodowania.info.pl\/index.php?rest_route=\/wp\/v2\/posts\/628\/revisions\/629"}],"wp:attachment":[{"href":"https:\/\/www.odszkodowania.info.pl\/index.php?rest_route=%2Fwp%2Fv2%2Fmedia&parent=628"}],"wp:term":[{"taxonomy":"category","embeddable":true,"href":"https:\/\/www.odszkodowania.info.pl\/index.php?rest_route=%2Fwp%2Fv2%2Fcategories&post=628"},{"taxonomy":"post_tag","embeddable":true,"href":"https:\/\/www.odszkodowania.info.pl\/index.php?rest_route=%2Fwp%2Fv2%2Ftags&post=628"}],"curies":[{"name":"wp","href":"https:\/\/api.w.org\/{rel}","templated":true}]}}