{"id":655,"date":"2009-11-26T21:38:55","date_gmt":"2009-11-26T20:38:55","guid":{"rendered":"http:\/\/www.odszkodowania.info.pl\/?p=655"},"modified":"2009-11-26T21:38:55","modified_gmt":"2009-11-26T20:38:55","slug":"przewoznik-pokryje-straty-za-opozniona-podroz","status":"publish","type":"post","link":"https:\/\/www.odszkodowania.info.pl\/?p=655","title":{"rendered":"Przewo\u017anik pokryje straty za op\u00f3\u017anion\u0105 podr\u00f3\u017c"},"content":{"rendered":"<p>Nowe zasady ma wprowadzi\u0107 nowelizacja prawa przewozowego, kt\u00f3r\u0105 przygotowa\u0142o Rz\u0105dowe Centrum Legislacji.<\/p>\n<p>Z planowanego nowego brzmienia art. 62 wynika, \u017ce przewo\u017anik odpowie za szkod\u0119, jak\u0105 poni\u00f3s\u0142 podr\u00f3\u017cny z powodu przedwczesnego odjazdu, op\u00f3\u017anionego dojazdu albo odwo\u0142ania regularnego po\u0142\u0105czenia. Nie wystarczy jednak sam fakt, \u017ce dosz\u0142o np. do op\u00f3\u017anienia, musi z niego wynika\u0107 szkoda dla pasa\u017cera. Przewo\u017anik nie odpowiada\u0142by, gdyby by\u0142a w tym wy\u0142\u0105czna wina podr\u00f3\u017cuj\u0105cego lub osoby, za kt\u00f3r\u0105 firma nie ponosi odpowiedzialno\u015bci, a tak\u017ce si\u0142y wy\u017cszej. Wystarczy\u0142oby te\u017c, \u017ceby poinformowa\u0142 o op\u00f3\u017anieniu pasa\u017cera przed kupnem biletu. Wtedy on decyduje, czy jedzie na w\u0142asne ryzyko.<\/p>\n<p>Projekt wprowadza te\u017c zasad\u0119, \u017ce brak odpowiedzi na reklamacj\u0119 oznacza jej uwzgl\u0119dnienie. Ponadto dochodzenie roszcze\u0144 w s\u0105dzie z powodu braku (albo nienale\u017cytego) wykonania zobowi\u0105zania przez przewo\u017anika b\u0119dzie co prawda mo\u017cliwe, ale dopiero po bezskutecznym wezwaniu do polubownego zako\u0144czenia sporu. Gdy przewo\u017anik nie odpowie na propozycj\u0119 konsumenta, to nowe przepisy przyjm\u0105 zasad\u0119, \u017ce si\u0119 na ni\u0105 godzi.<\/p>\n<p><strong>Dot\u0105d by\u0142o trudno<\/strong><\/p>\n<p>Projektowane przepisy to skutek wyroku Trybuna\u0142u Konstytucyjnego z 2 grudnia 2008 r. (sygn. SK 37\/07). S\u0119dziowie stwierdzili wtedy, \u017ce nie mo\u017cna nadmiernie ogranicza\u0107 odpowiedzialno\u015bci przewo\u017anik\u00f3w. Wcze\u015bniej bowiem w prawie przewozowym by\u0142o zastrze\u017cenie, \u017ce za sp\u00f3\u017anienie b\u0105d\u017a odwo\u0142anie kursu odpowiadaj\u0105 oni jedynie wtedy, gdy szkoda powsta\u0142a z ich winy umy\u015blnej lub ra\u017c\u0105cego niedbalstwa. Dot\u0105d nie by\u0142o \u0142atwo wywalczy\u0107 odszkodowanie. Jednym z utrudnie\u0144 by\u0142a d\u0142ugotrwa\u0142a procedura.<\/p>\n<p>\u2013 Cho\u0107 mia\u0142am skargi konsumenckie na przewo\u017anik\u00f3w, to nie dosz\u0142o do \u017cadnej sprawy s\u0105dowej \u2013 m\u00f3wi miejska rzecznik konsument\u00f3w w Szczecinie Longina Kaczmarek.<\/p>\n<p>Specyfik\u0105 tego miasta s\u0105 przewozy pasa\u017cer\u00f3w na lotnisko w Berlinie. Cz\u0119\u015b\u0107 skarg daje si\u0119 rozwi\u0105za\u0107 na drodze polubownej.<\/p>\n<p>\u2013 Rzecznicy maj\u0105 tak\u0105 mo\u017cliwo\u015b\u0107 i cz\u0119sto zapraszam obie strony, aby si\u0119 dogada\u0142y. W wielu przypadkach si\u0119 to udaje \u2013 dodaje Kaczmarek.<\/p>\n<p><strong>Znacz\u0105ce wyj\u0105tki<\/strong><\/p>\n<p>Nowe przepisy nie obejm\u0105 m.in. podr\u00f3\u017cy statkiem, samolotem i poci\u0105gami na d\u0142u\u017cszych trasach (patrz ramka). Rekompensaty od linii lotniczych za odwo\u0142anie rejs\u00f3w reguluje rozporz\u0105dzenie unijne 261\/2004, kt\u00f3re przewiduje zrycza\u0142towane kwoty odszkodowa\u0144. Uzale\u017cnione s\u0105 one od d\u0142ugo\u015bci trasy, np. za odwo\u0142any rejs na trasie do 1500 kilometr\u00f3w powinni\u015bmy dosta\u0107 250 euro.<\/p>\n<p>\u2013 Zasady uj\u0119te w rozporz\u0105dzeniu stosowane s\u0105 tak\u017ce do lot\u00f3w krajowych na terenie Polski \u2013 przypomina Karina Lisowska z Urz\u0119du Lotnictwa Cywilnego.<\/p>\n<p>Oznacza to, \u017ce mo\u017cna dochodzi\u0107 zrycza\u0142towanego odszkodowania, np. za odwo\u0142anie przelotu z Warszawy do Szczecina.<\/p>\n<p>Nale\u017cno\u015b\u0107 przys\u0142uguje niezale\u017cnie od tego, czy pasa\u017cer rzeczywi\u015bcie poni\u00f3s\u0142 jak\u0105\u015b strat\u0119, nie trzeba wi\u0119c jej nawet wykazywa\u0107.<\/p>\n<p>Zrycza\u0142towanych odszkodowa\u0144 nie ma natomiast za op\u00f3\u017anienia lot\u00f3w, cho\u0107 to mo\u017ce si\u0119 zmieni\u0107, bo w zesz\u0142\u0105 \u015brod\u0119 zapad\u0142y w Europejskim Trybunale Sprawiedliwo\u015bci dwa wyroki nakazuj\u0105ce p\u0142acenie za op\u00f3\u017anienia (pisali\u015bmy o tym 20 listopada, \u201eLinie lotnicze s\u0142ono zap\u0142ac\u0105 za zbyt d\u0142ugie op\u00f3\u017anienia\u201d).<\/p>\n<p><strong>Wiele zale\u017cy, jaki sk\u0142ad wybierzemy<\/strong><\/p>\n<p>&#8211; Od 4 grudnia zaczyna obowi\u0105zywa\u0107 unijne rozporz\u0105dzenie 1371\/2007. Pasa\u017cerowie dostan\u0105 rekompensat\u0119 za sp\u00f3\u017anienie poci\u0105gu (niezale\u017cnie od tego, czy ponie\u015bli szkod\u0119). Wyniesie ona nawet po\u0142ow\u0119 ceny biletu, gdy op\u00f3\u017anienie si\u0119gnie minimum dw\u00f3ch godzin. Rekompensat nie b\u0119dzie na pewno na liniach lokalnych i regionalnych (a jedynie odszkodowania z prawa przewozowego).<\/p>\n<p>&#8211; W\u0142adze krajowe mog\u0105 czasowo ograniczy\u0107 stosowanie rozporz\u0105dzenia do innych poci\u0105g\u00f3w. 24 listopada 2009 r rz\u0105d uzna\u0142, \u017ce czasowo odszkodowa\u0144 nie dostaniemy te\u017c na trasach krajowych oraz ko\u0144cz\u0105cych si\u0119 w pa\u0144stwach UE. Powodem jest du\u017ca liczba remont\u00f3w powoduj\u0105cych op\u00f3\u017anienia. B\u0119dzie mo\u017cna jednak \u017c\u0105da\u0107 odszkodowa\u0144 z prawa przewozowego. <\/p>\n<p>Rzeczpospolita<\/p>\n","protected":false},"excerpt":{"rendered":"<p>B\u0119d\u0105 nowe zasady dochodzenia odszkodowa\u0144 od przewo\u017anik\u00f3w osobowych \u2013 chodzi o pekaesy, inne autobusy oraz poci\u0105gi lokalne.<\/p>\n","protected":false},"author":2,"featured_media":0,"comment_status":"open","ping_status":"open","sticky":false,"template":"","format":"standard","meta":{"footnotes":""},"categories":[8],"tags":[12],"class_list":["post-655","post","type-post","status-publish","format-standard","hentry","category-aktualnosci","tag-odszkodowanie"],"_links":{"self":[{"href":"https:\/\/www.odszkodowania.info.pl\/index.php?rest_route=\/wp\/v2\/posts\/655","targetHints":{"allow":["GET"]}}],"collection":[{"href":"https:\/\/www.odszkodowania.info.pl\/index.php?rest_route=\/wp\/v2\/posts"}],"about":[{"href":"https:\/\/www.odszkodowania.info.pl\/index.php?rest_route=\/wp\/v2\/types\/post"}],"author":[{"embeddable":true,"href":"https:\/\/www.odszkodowania.info.pl\/index.php?rest_route=\/wp\/v2\/users\/2"}],"replies":[{"embeddable":true,"href":"https:\/\/www.odszkodowania.info.pl\/index.php?rest_route=%2Fwp%2Fv2%2Fcomments&post=655"}],"version-history":[{"count":1,"href":"https:\/\/www.odszkodowania.info.pl\/index.php?rest_route=\/wp\/v2\/posts\/655\/revisions"}],"predecessor-version":[{"id":656,"href":"https:\/\/www.odszkodowania.info.pl\/index.php?rest_route=\/wp\/v2\/posts\/655\/revisions\/656"}],"wp:attachment":[{"href":"https:\/\/www.odszkodowania.info.pl\/index.php?rest_route=%2Fwp%2Fv2%2Fmedia&parent=655"}],"wp:term":[{"taxonomy":"category","embeddable":true,"href":"https:\/\/www.odszkodowania.info.pl\/index.php?rest_route=%2Fwp%2Fv2%2Fcategories&post=655"},{"taxonomy":"post_tag","embeddable":true,"href":"https:\/\/www.odszkodowania.info.pl\/index.php?rest_route=%2Fwp%2Fv2%2Ftags&post=655"}],"curies":[{"name":"wp","href":"https:\/\/api.w.org\/{rel}","templated":true}]}}