{"id":664,"date":"2009-12-05T11:11:56","date_gmt":"2009-12-05T10:11:56","guid":{"rendered":"http:\/\/www.odszkodowania.info.pl\/?p=664"},"modified":"2009-12-05T13:42:46","modified_gmt":"2009-12-05T12:42:46","slug":"euco-szuka-alibii","status":"publish","type":"post","link":"https:\/\/www.odszkodowania.info.pl\/?p=664","title":{"rendered":"Euco szuka alibi?"},"content":{"rendered":"<p>Rynek firm odszkodowawczych wyra\u017anie dor\u00f3s\u0142 do powa\u017cnej regulacji. Regulacje prawne s\u0105 ju\u017c szykowane, ale raczej nie zapowiada si\u0119 aby zmieni\u0142y one w spos\u00f3b radykalny metody dzia\u0142ania niekt\u00f3rych firm. Spotkanie jakie ma si\u0119 odby\u0107 9 grudnia br. w Warszawie, przez niekt\u00f3re nazwane ju\u017c historycznym, niew\u0105tpliwie b\u0119dzie wa\u017cnym elementem dyskusji o tym jak powinny dzia\u0142a\u0107 firmy odszkodowawcze. Powa\u017cnym problemem, by\u0107 mo\u017ce problemem kt\u00f3ry zniweczy to przedsi\u0119wzi\u0119cie jest osoba organizatora, czyli Legnicka firma \u201eEuco\u201d. Nie wdaj\u0105c si\u0119 z dyskusj\u0119 co do oceny metod dzia\u0142ania tej firmy, stwierdzi\u0107 mo\u017cna jednoznacznie, \u017ce \u201eEuco\u201d dobrej prasy nie ma. Z jednej strony ca\u0142y czas pojawiaj\u0105 si\u0119 informacje prasowe o nieetycznym dzia\u0142aniu (przypomnijmy teksty jakie ukaza\u0142y si\u0119 w Gazecie Wyborczej oraz programy w TVN), a z drugiej ataki by\u0142ych wsp\u00f3\u0142pracownik\u00f3w, kt\u00f3rzy po usamodzielnieniu si\u0119 i za\u0142o\u017ceniu w\u0142asnych firm przyst\u0119puj\u0105 do bezpardonowego ataku na swoj\u0105 by\u0142a firm\u0119. Ca\u0142o\u015b\u0107 wygl\u0105da naprawd\u0119 \u017ale i powoduje, \u017ce zamiast skupi\u0107 si\u0119 na rzeczowej pomocy poszkodowanym, skupi\u0107 musimy si\u0119 na obronie idei jaka powinna przy\u015bwieca\u0107 powstaniu takiej b\u0105d\u017a innej firmie. Musimy tak\u017ce zada\u0107 sobie podstawowe pytanie, czy naszym celem jest zdobycie jak najwi\u0119kszej liczby klient\u00f3w w jakikolwiek spos\u00f3b i jakkolwiek ich obs\u0142uguj\u0105c, czy te\u017c rzeczowa i merytoryczna pomoc. Jest to jakby wyb\u00f3r drogi pomi\u0119dzy modelem biznesowym wzorowanym na Amway, a modelem kt\u00f3ry nazwijmy tradycyjnym.<\/p>\n<p>To w\u0142a\u015bnie \u015bwiadomy wyb\u00f3r pierwszej drogi doprowadza do degeneracji, werbowaniu piel\u0119gniarek, wy\u0142\u0105cznych wej\u015b\u0107 na oddzia\u0142y szpitalne, podpisywaniu um\u00f3w r\u0119k\u0105 nieprzytomnego pacjenta, oferowania swoich us\u0142ug na cmentarzach. Cele w tym wypadku mo\u017cna zdefiniowa\u0107 jasno, jak najwi\u0119cej um\u00f3w, jakimkolwiek sposobem. To w mojej ocenie jest \u015blepa droga, kt\u00f3ra w najlepszym razie sko\u0144czy si\u0119 powstaniem filmu w stylu \u201e<em>Witajcie w \u017cyciu<\/em>\u201d, a w najgorszym zakazaniem tego typu dzia\u0142alno\u015bci.<\/p>\n<p>Jak mo\u017cna rozumie\u0107 organizowane spotkanie ma temu zapobiec, pytanie tylko czy to wszystko wygl\u0105da wiarygodnie skoro za spraw\u0119 bierze si\u0119 firma &#8222;Euco&#8221;. Obawiam si\u0119, \u017ce nie wygl\u0105da to wiarygodnie i tak te\u017c b\u0119dzie postrzegane przez pozosta\u0142ych uczestnik\u00f3w rynku i media. Spotka\u0107 si\u0119 na pewno warto, pytanie tylko kto widzia\u0142 &#8222;Kodeks Dobrych Praktyk Firm Odszkodowawczych&#8221;, czy mo\u017cna go przedstawi\u0107 wraz z uzasadnieniem w ci\u0105gu 15 minut, czy godzinna dyskusja nad dokumentem kt\u00f3rego jeszcze nikt nie widzia\u0142 to czas wystarczaj\u0105cy i dlaczego uczestnicy maj\u0105 za &#8222;alibi&#8221; dla firmy &#8222;Euco&#8221; zap\u0142aci\u0107 po 300 z\u0142? By\u0107 mo\u017ce odpowiedzi na te pytania uda si\u0119 nam znale\u017a\u0107 w Warszawie 9 grudnia.<\/p>\n<p><em>Maciej Kwiecie\u0144<br \/>\n&#8222;Marshal&#8221; Sp. z o.o.<\/em><\/p>\n<p><strong>Program spotkania:<\/strong><br \/>\n11:00 \u2013 11:15 Otwarcie spotkania, Andrzej Arendarski, prezes Krajowej Izby Gospodarczej<br \/>\n11:15 \u2013 11:30 Przedstawienie projektu Kodeksu Dobrych Praktyk Firm Odszkodowawczych<\/p>\n<p>Przyj\u0119cie Kodeksu Dobrych Praktyk<br \/>\n11:30 \u2013 12:30 Dyskusja nad projektem kodeksu<br \/>\n12:30 \u2013 12:45 Przerwa<\/p>\n<p>12:45 \u2013 13:15 Przebieg prac nad zmianami w prawie, kt\u00f3re mog\u0105 wp\u0142yn\u0105\u0107 na dzia\u0142anie firm odszkodowawczych, Andrzej Chr\u00f3\u015bcicki, Polska Izba Po\u015brednik\u00f3w Ubezpieczeniowych i Finansowych, ekspert Ministerstwa Finans\u00f3w<\/p>\n<p>13:15 &#8211; 13:30 Przedstawienie projektu statutu Stowarzyszenia Firm Odszkodowawczych<br \/>\n13:30 \u2013 14:30 Dyskusja nad projektem statutu<br \/>\n14:30 \u2013 15:00 Podsumowanie spotkania i zako\u0144czenie obrad<\/p>\n<p><strong>Andrzej Chr\u00f3\u015bcick<\/strong>i &#8211; adwokat specjalizuj\u0105cy si\u0119 m.in. w prawie ubezpieczeniowym. Jest doradc\u0105 prawnym Polskiej Izby Po\u015brednik\u00f3w Ubezpieczeniowych i Finansowych, Izby Gospodarczej Ubezpiecze\u0144 i Obs\u0142ugi Ryzyka. Jest r\u00f3wnie\u017c ekspertem w dw\u00f3ch zespo\u0142ach Ministerstwa Finans\u00f3w ds. prawa ubezpiecze\u0144 gospodarczych oraz zmian legislacyjnych na rynku kapita\u0142owym. Wyk\u0142ada w Gda\u0144skiej Akademii Bankowej i Europejskiej Akademii Planowania Finansowego. Jest autorem kilku publikacji m.in. z zakresu prywatyzacji przedsi\u0119biorstw, funduszy inwestycyjnych oraz po\u015brednictwa ubezpieczeniowego.<\/p>\n<p><strong>Andrzej Arendarski<\/strong> (ur. 15 listopada 1949 w Warszawie) \u2013 polski polityk, pose\u0142 na Sejm X i I kadencji, minister w rz\u0105dzie Hanny Suchockiej, by\u0142y przewodnicz\u0105cy Stronnictwa Demokratycznego, dzia\u0142acz samorz\u0105du gospodarczego, prezes Krajowej Izby Gospodarczej. W 1972 uko\u0144czy\u0142 studia na Wydziale Geologii Uniwersytetu Warszawskiego, nast\u0119pnie pracowa\u0142 przez rok jako nauczyciel w Liceum Og\u00f3lnokszta\u0142c\u0105cym im. Edwarda Dembowskiego w Warszawie. W latach 1973\u20131977 odby\u0142 studia doktoranckie w Instytucie Filozofii i Socjologii PAN, stopie\u0144 doktora nauk humanistycznych uzyska\u0142 w 1981. Od 1977 pracowa\u0142 kolejno jako starszy asystent i adiunkt w Instytucie Historii Nauki, O\u015bwiaty i Techniki PAN. Od ko\u0144ca lat 80. dzia\u0142a w instytucjach gospodarczych, w latach 1990\u20131992 by\u0142 prezesem Krajowej Izby Gospodarczej. W lipcu 1992 zosta\u0142 powo\u0142any na stanowisko ministra wsp\u00f3\u0142pracy gospodarczej z zagranic\u0105 w gabinecie Hanny Suchockiej. Od pa\u017adziernika 1993 ponownie nieprzerwanie pe\u0142ni funkcj\u0119 prezesa Krajowej Izby Gospodarczej. Kierowa\u0142 te\u017c Polsko-Ukrai\u0144sk\u0105 Izb\u0105 Gospodarcz\u0105. By\u0142 cz\u0142onkiem Zwi\u0105zku Nauczycielstwa Polskiego, od 1980 dzia\u0142a\u0142 w &#8222;Solidarno\u015bci&#8221; (kierowa\u0142 komisj\u0105 zak\u0142adow\u0105 w swoim instytucie). Publikowa\u0142 w pismach drugiego obiegu, tj. &#8222;Kierunek Solidarno\u015b\u0107&#8221;, &#8222;KOS&#8221;, &#8222;Tu i Teraz&#8221;. Z ramienia Komitetu Obywatelskiego pe\u0142ni\u0142 funkcj\u0119 pos\u0142a X kadencji, nale\u017ca\u0142 do Obywatelskiego Klubu Parlamentarnego. Znalaz\u0142 si\u0119 w\u015br\u00f3d za\u0142o\u017cycieli Kongresu Liberalno-Demokratycznego, by\u0142 wiceprzewodnicz\u0105cym tej partii i z jej ramienia w 1991 zosta\u0142 ponownie wybrany na pos\u0142a I kadencji. W parlamencie pracowa\u0142 w Komisji Handlu i Us\u0142ug oraz Komisji Stosunk\u00f3w Gospodarczych z Zagranic\u0105. W 1993 bez powodzenia ubiega\u0142 si\u0119 o reelekcj\u0119. W latach 2002\u20132006 by\u0142 przewodnicz\u0105cym Stronnictwa Demokratycznego. Wsp\u00f3\u0142tworzy\u0142 w 2005 Komitet Wyborczy Centrum z udzia\u0142em m.in. SD i Centrum, kt\u00f3ry deklarowa\u0142 poparcie dla kandydatury Zbigniewa Religi w wyborach prezydenckich. Odznaczony m.in. Krzy\u017cem Komandorskim i Oficerskim Orderu Odrodzenia Polski oraz Orderem U\u015bmiechu.<\/p>\n<figure id=\"attachment_679\" aria-describedby=\"caption-attachment-679\" style=\"width: 214px\" class=\"wp-caption aligncenter\"><a href=\"http:\/\/www.odszkodowania.info.pl\/wp-content\/uploads\/spotkanie_euco.jpg\"><img fetchpriority=\"high\" decoding=\"async\" src=\"http:\/\/www.odszkodowania.info.pl\/wp-content\/uploads\/spotkanie_euco-214x300.jpg\" alt=\"Zaproszenie na spotkanie\" title=\"spotkanie_euco\" width=\"214\" height=\"300\" class=\"size-medium wp-image-679\" srcset=\"https:\/\/www.odszkodowania.info.pl\/wp-content\/uploads\/spotkanie_euco-214x300.jpg 214w, https:\/\/www.odszkodowania.info.pl\/wp-content\/uploads\/spotkanie_euco-733x1024.jpg 733w, https:\/\/www.odszkodowania.info.pl\/wp-content\/uploads\/spotkanie_euco.jpg 837w\" sizes=\"(max-width: 214px) 100vw, 214px\" \/><\/a><figcaption id=\"caption-attachment-679\" class=\"wp-caption-text\">Zaproszenie na spotkanie<\/figcaption><\/figure>\n","protected":false},"excerpt":{"rendered":"<p>Na 9 grudnia br. zwo\u0142any zosta\u0142 &#8222;okr\u0105g\u0142y st\u00f3\u0142&#8221; firm odszkodowawczych, ma pozwoli\u0107 firmom na wypracowanie wsp\u00f3lnego stanowiska i rzekomo pozwoli m\u00f3wi\u0107 bran\u017cy jednym g\u0142osem. W ca\u0142ej sprawie jest jednak jeden powa\u017cny problem &#8211; za przedsi\u0119wzi\u0119cie bierze si\u0119 firma &#8222;Euco&#8221; z Legnicy. Przypomnijmy, i\u017c w mediach pojawia\u0142o si\u0119 wiele zarzut\u00f3w i oskar\u017ce\u0144 co do metod dzia\u0142a\u0144 i etyki tej firmy. Czy to zatem najlepszy spos\u00f3b na popraw\u0119 wizerunku bran\u017cy w mediach?<\/p>\n","protected":false},"author":2,"featured_media":0,"comment_status":"open","ping_status":"open","sticky":false,"template":"","format":"standard","meta":{"footnotes":""},"categories":[8,45,31,42,46],"tags":[11,12],"class_list":["post-664","post","type-post","status-publish","format-standard","hentry","category-aktualnosci","category-artykul-glowny","category-interwencje","category-listy","category-publicystyka","tag-marshal","tag-odszkodowanie"],"_links":{"self":[{"href":"https:\/\/www.odszkodowania.info.pl\/index.php?rest_route=\/wp\/v2\/posts\/664","targetHints":{"allow":["GET"]}}],"collection":[{"href":"https:\/\/www.odszkodowania.info.pl\/index.php?rest_route=\/wp\/v2\/posts"}],"about":[{"href":"https:\/\/www.odszkodowania.info.pl\/index.php?rest_route=\/wp\/v2\/types\/post"}],"author":[{"embeddable":true,"href":"https:\/\/www.odszkodowania.info.pl\/index.php?rest_route=\/wp\/v2\/users\/2"}],"replies":[{"embeddable":true,"href":"https:\/\/www.odszkodowania.info.pl\/index.php?rest_route=%2Fwp%2Fv2%2Fcomments&post=664"}],"version-history":[{"count":12,"href":"https:\/\/www.odszkodowania.info.pl\/index.php?rest_route=\/wp\/v2\/posts\/664\/revisions"}],"predecessor-version":[{"id":682,"href":"https:\/\/www.odszkodowania.info.pl\/index.php?rest_route=\/wp\/v2\/posts\/664\/revisions\/682"}],"wp:attachment":[{"href":"https:\/\/www.odszkodowania.info.pl\/index.php?rest_route=%2Fwp%2Fv2%2Fmedia&parent=664"}],"wp:term":[{"taxonomy":"category","embeddable":true,"href":"https:\/\/www.odszkodowania.info.pl\/index.php?rest_route=%2Fwp%2Fv2%2Fcategories&post=664"},{"taxonomy":"post_tag","embeddable":true,"href":"https:\/\/www.odszkodowania.info.pl\/index.php?rest_route=%2Fwp%2Fv2%2Ftags&post=664"}],"curies":[{"name":"wp","href":"https:\/\/api.w.org\/{rel}","templated":true}]}}