{"id":724,"date":"2010-01-16T12:03:37","date_gmt":"2010-01-16T11:03:37","guid":{"rendered":"http:\/\/www.odszkodowania.info.pl\/?p=724"},"modified":"2010-01-16T12:03:37","modified_gmt":"2010-01-16T11:03:37","slug":"nasza-klasa-zaplaci-odszkodowanie","status":"publish","type":"post","link":"https:\/\/www.odszkodowania.info.pl\/?p=724","title":{"rendered":"Nasza-klasa zap\u0142aci odszkodowanie"},"content":{"rendered":"<p>Mieszkaniec Gryfina wygra\u0142 z popularnym portalem Nasza-klasa. Portal ma go przeprosi\u0107 i wyp\u0142aci\u0107 mu 5 tys. z\u0142 zado\u015b\u0107uczynienia za brak reakcji na pro\u015bby o zamkni\u0119cie jego fa\u0142szywego konta. Przez bezczynno\u015b\u0107 portalu naruszone zosta\u0142y dobra osobiste Dariusza B. &#8211; uzna\u0142 jeszcze w lipcu wroc\u0142awski s\u0105d okr\u0119gowy. W pi\u0105tek potwierdzi\u0142 to s\u0105d apelacyjny i oddali\u0142 apelacj\u0119 w\u0142a\u015bcicieli portalu Nasza-klasa. Wyrok jest prawomocny.<\/p>\n<p>Problemy pana Dariusza, w\u0142a\u015bciciela niewielkiego biznesu w Gryfinie, zacz\u0119\u0142y si\u0119, gdy w czerwcu 2008 roku znajomi zacz\u0119li zaczepia\u0107 go na ulicy, twierdz\u0105c, \u017ce dostaj\u0105 od niego obra\u017aliwe e-maile. On sam wtedy prawie nie umia\u0142 korzysta\u0107 z komputera &#8211; jego obs\u0142ug\u0105 i ksi\u0119gowo\u015bci\u0105 zajmowa\u0142a si\u0119 \u017cona. Dlatego zdziwi\u0142 si\u0119 bardzo, gdy odkry\u0142, \u017ce ma swoje konto na Naszej-klasie. By\u0142y na nim jego dane, a nawet jego zdj\u0119cia, niekt\u00f3re opatrzone komentarzem: &#8222;Jestem \u017bydem i jestem z tego dumny&#8221;. Z tego konta kto\u015b rozsy\u0142a\u0142 w jego imieniu obrzydliwe i niegrzeczne e-maile.<\/p>\n<p>Pan Dariusz 10 czerwca wys\u0142a\u0142 do administratora Naszej-klasy e-maila z \u017c\u0105daniem zablokowania fa\u0142szywego konta. Ten jednak, pomimo monit\u00f3w, nie robi\u0142 tego ponad miesi\u0105c. &#8211; Pr\u00f3bowa\u0142em nawet dotrze\u0107 do ich siedziby we Wroc\u0142awiu, ale adres w dokumentach KRS-u by\u0142 nieaktualny &#8211; opowiada pan Dariusz. Przez ten czas kto\u015b wysy\u0142a\u0142 swoj\u0105 obra\u017aliw\u0105 tw\u00f3rczo\u015b\u0107 w \u015bwiat na jego konto.<\/p>\n<p>Zarz\u0105dca Naszej-klasy zamkn\u0105\u0142 fa\u0142szywe konto dopiero 18 lipca. Pan Dariusz by\u0142 ju\u017c tak w\u015bciek\u0142y, \u017ce poda\u0142 w\u0142a\u015bcicieli portalu do s\u0105du.<\/p>\n<p>Nasza-klasa broni\u0142a si\u0119 twierdz\u0105c, \u017ce pretensje pan Dariusz powinien kierowa\u0107 w kierunku osoby, kt\u00f3ra si\u0119 pod niego podszywa\u0142a, a poza tym on zwraca\u0142 si\u0119 o zamkni\u0119cie fa\u0142szywki niezgodnie z regulaminem portalu. W lipcu s\u0119dziowie okr\u0119gowi przyznali racj\u0119 panu Dariuszowi orzekaj\u0105c, \u017ce administrator portalu powinien reagowa\u0107 na jego sygna\u0142y. W pi\u0105tek s\u0119dziowie apelacyjni dodali te\u017c, \u017ce skoro to nie pan Dariusz za\u0142o\u017cy\u0142 swoje konto, ale kto\u015b, kto si\u0119 pod niego podszywa\u0142, to nie mia\u0142 obowi\u0105zku przestrzega\u0107 regulaminu.<\/p>\n<p>Portal musi przeprosi\u0107 pana Dariusza na \u0142amach lokalnego tygodnika, na swoich stronach i zap\u0142aci\u0107 mu 5 tys. z\u0142 zado\u015b\u0107uczynienia. Pan Dariusz zapowiedzia\u0142, ze przeznaczy je na ksi\u0105\u017cki dla biednych dzieci.<\/p>\n<p>&#8211; Wyrok s\u0105du apelacyjnego pokazuje, \u017ce polskie prawo chroni dobra osobiste tak\u017ce w cyberprzestrzeni, a osoba, kt\u00f3rej cze\u015b\u0107 i dobre imi\u0119 zosta\u0142o przez tub\u0119 internetu naruszone, skutecznie mo\u017ce dochodzi\u0107 swoich praw tak\u017ce wzgl\u0119dem operatora serwisu &#8211; m\u00f3wi mec. Piotr Szeja z Kancelarii Goldenstein reprezentuj\u0105cej powoda.<\/p>\n<p>\u0179r\u00f3d\u0142o: Gazeta Wyborcza Szczecin<\/p>\n","protected":false},"excerpt":{"rendered":"<p>Mieszkaniec Gryfina wygra\u0142 z popularnym portalem Nasza-klasa. Portal ma go przeprosi\u0107 i wyp\u0142aci\u0107 mu 5 tys. z\u0142 zado\u015b\u0107uczynienia za brak reakcji na pro\u015bby o zamkni\u0119cie jego fa\u0142szywego konta. Przez bezczynno\u015b\u0107 portalu naruszone zosta\u0142y dobra osobiste Dariusza B. &#8211; uzna\u0142 jeszcze w lipcu wroc\u0142awski s\u0105d okr\u0119gowy. W pi\u0105tek potwierdzi\u0142 to s\u0105d apelacyjny i oddali\u0142 apelacj\u0119 w\u0142a\u015bcicieli [&hellip;]<\/p>\n","protected":false},"author":2,"featured_media":0,"comment_status":"open","ping_status":"open","sticky":false,"template":"","format":"standard","meta":{"footnotes":""},"categories":[8],"tags":[13],"class_list":["post-724","post","type-post","status-publish","format-standard","hentry","category-aktualnosci","tag-zadoscuczynienie"],"_links":{"self":[{"href":"https:\/\/www.odszkodowania.info.pl\/index.php?rest_route=\/wp\/v2\/posts\/724","targetHints":{"allow":["GET"]}}],"collection":[{"href":"https:\/\/www.odszkodowania.info.pl\/index.php?rest_route=\/wp\/v2\/posts"}],"about":[{"href":"https:\/\/www.odszkodowania.info.pl\/index.php?rest_route=\/wp\/v2\/types\/post"}],"author":[{"embeddable":true,"href":"https:\/\/www.odszkodowania.info.pl\/index.php?rest_route=\/wp\/v2\/users\/2"}],"replies":[{"embeddable":true,"href":"https:\/\/www.odszkodowania.info.pl\/index.php?rest_route=%2Fwp%2Fv2%2Fcomments&post=724"}],"version-history":[{"count":1,"href":"https:\/\/www.odszkodowania.info.pl\/index.php?rest_route=\/wp\/v2\/posts\/724\/revisions"}],"predecessor-version":[{"id":725,"href":"https:\/\/www.odszkodowania.info.pl\/index.php?rest_route=\/wp\/v2\/posts\/724\/revisions\/725"}],"wp:attachment":[{"href":"https:\/\/www.odszkodowania.info.pl\/index.php?rest_route=%2Fwp%2Fv2%2Fmedia&parent=724"}],"wp:term":[{"taxonomy":"category","embeddable":true,"href":"https:\/\/www.odszkodowania.info.pl\/index.php?rest_route=%2Fwp%2Fv2%2Fcategories&post=724"},{"taxonomy":"post_tag","embeddable":true,"href":"https:\/\/www.odszkodowania.info.pl\/index.php?rest_route=%2Fwp%2Fv2%2Ftags&post=724"}],"curies":[{"name":"wp","href":"https:\/\/api.w.org\/{rel}","templated":true}]}}