{"id":748,"date":"2010-02-22T17:39:54","date_gmt":"2010-02-22T16:39:54","guid":{"rendered":"http:\/\/www.odszkodowania.info.pl\/?p=748"},"modified":"2010-02-22T17:39:54","modified_gmt":"2010-02-22T16:39:54","slug":"250-tys-zl-za-ponad-54-miesiace-nieslusznego-aresztu","status":"publish","type":"post","link":"https:\/\/www.odszkodowania.info.pl\/?p=748","title":{"rendered":"250 tys. z\u0142 za ponad 54 miesi\u0105ce nies\u0142usznego aresztu"},"content":{"rendered":"<p>Marek J. zosta\u0142 aresztowany w 2001 roku na wniosek prokuratury w Opolu, kt\u00f3ra oskar\u017cy\u0142a go o wsp\u00f3\u0142udzia\u0142 w brutalnym morderstwie trzech kobiet, do kt\u00f3rego dosz\u0142o w Bosenhof (Niemcy) we wrze\u015bniu 2000 roku. Obok Marka J. prokuratura oskar\u017cy\u0142a jego brata Jacka J., a w Niemczech o zlecenie zbrodni zosta\u0142 oskar\u017cony m\u0105\u017c jednej z ofiar Rupertusa S.<\/p>\n<p>W kwietniu 2005 roku s\u0105d w Opolu skaza\u0142 Jacka J. na do\u017cywocie, a Marka J. na osiem lat wi\u0119zienia za pomocnictwo psychiczne do zab\u00f3jstwa. Mia\u0142 m.in. zapewni\u0107 bratu fa\u0142szywe alibi. Niemiecki s\u0105d uzna\u0142 winnym Rupertusa S. i tak\u017ce wymierzy\u0142 mu kar\u0119 do\u017cywotniego wi\u0119zienia. Do\u017cywotnie wi\u0119zienie orzek\u0142y tak\u017ce polskie s\u0105dy w stosunku do Jacka J. W listopadzie 2005 r. s\u0105d apelacyjny we Wroc\u0142awiu utrzyma\u0142 do\u017cywocie dla Jacka J. i uchyli\u0142 wyrok w stosunku do Marka J.<\/p>\n<p>W ponownym procesie przed s\u0105dem w Opolu Marek J. zosta\u0142 uniewinniony. Jednak przez ca\u0142y czas trwania sprawy, czyli 54 miesi\u0105ce i 10 dni, Marek J. by\u0142 aresztowany. Przez pierwszy rok w zak\u0142adzie karnym w Strzelcach Opolskich mia\u0142 status wi\u0119\u017ania szczeg\u00f3lnie niebezpiecznego. Dlatego dolegliwo\u015bci spowodowane aresztowaniem by\u0142y dla niego jeszcze wi\u0119ksze &#8211; na widzenia m\u00f3g\u0142 chodzi\u0107 tylko skuty w kajdankach, przebywa\u0142 w jednoosobowej celi.<\/p>\n<p>31-letni dzi\u015b Marek J. wni\u00f3s\u0142 do s\u0105du pozew o odszkodowanie i zado\u015b\u0107uczynienie za nies\u0142uszne aresztowanie. Jego pe\u0142nomocnik mecenas Jacek Szyma\u0144ski wyliczy\u0142, \u017ce nale\u017cy mu si\u0119 prawie 360 tys. z\u0142: 32 665 z\u0142 odszkodowania z tytu\u0142u pieni\u0119dzy, kt\u00f3re zarobi\u0142by w tym czasie (przyjmuj\u0105c, \u017ce dostawa\u0142by miesi\u0119cznie minimalne uposa\u017cenie) oraz 326 tys. z\u0142 odszkodowania.<\/p>\n<p>&#8211; Bardzo trudno oceni\u0107 wysoko\u015b\u0107 odszkodowania za nies\u0142uszne pozbawienie wolno\u015bci &#8211; m\u00f3wi mecenas Szyma\u0144ski. &#8211; Przyj\u0105\u0142em, \u017ce powinno wynosi\u0107 6 tys. z\u0142 miesi\u0119cznie.<\/p>\n<p>Wroc\u0142awski s\u0105d zdecydowa\u0142, \u017ce b\u0119dzie to 4 tys. z\u0142.<\/p>\n<p>Mecenas Szyma\u0144ski: &#8211; Marek J. nie m\u00f3g\u0142 by\u0107 w s\u0105dzie na og\u0142oszeniu wyroku [pracuje w Anglii], dlatego powiadomi\u0142em go niezw\u0142ocznie. Czekam teraz na jego decyzj\u0119, czy b\u0119dziemy si\u0119 odwo\u0142ywa\u0107 od wyroku.<\/p>\n<p>S\u0119dzia Ewa Mokrzysz stwierdzi\u0142a w uzasadnieniu wyroku, \u017ce Markowi J. bezsprzecznie zado\u015b\u0107uczynienie i odszkodowanie si\u0119 nale\u017cy. Doda\u0142a, \u017ce nigdy \u017cadne pieni\u0105dze nie zrekompensuj\u0105 mu zaznanej krzywdy. Ale s\u0105d musia\u0142 ustali\u0107 jak\u0105\u015b kwot\u0119, wi\u0119c przy jej wyliczaniu wzi\u0105\u0142 pod uwag\u0119 podnoszone zreszt\u0105 w pozwie i przez pe\u0142nomocnika fakty: m\u0142ody wiek Marka J., gdy zosta\u0142 aresztowany (mia\u0142 21 lat), to, \u017ce przez d\u0142ugi czas nie mia\u0142 kontaktu z dzieckiem, d\u0142ugi okres tymczasowego aresztowania oraz to, \u017ce przez rok mia\u0142 status &#8222;niebezpiecznego&#8221;.<\/p>\n<p>&#8211; Jest to jedno z najwi\u0119kszych odszkodowa\u0144 za nies\u0142uszne aresztowanie przyznanych przez polskie s\u0105dy, ale te\u017c okres aresztowania by\u0142 bardzo d\u0142ugi &#8211; komentuje mecenas Szyma\u0144ski.<\/p>\n<p>Wyrok nie jest prawomocny.<\/p>\n<p>Katarzyna Lubiniecka<br \/>\ngazeta.pl<\/p>\n","protected":false},"excerpt":{"rendered":"<p>Wroc\u0142awski okr\u0119gowy zdecydowa\u0142 dzi\u015b, \u017ce Marek J., kt\u00f3ry przesiedzia\u0142 w areszcie cztery i p\u00f3\u0142 roku, po czym zosta\u0142 uniewinniony, dostanie prawie 250 tys. z\u0142otych odszkodowania i zado\u015b\u0107uczynienia za nies\u0142uszne aresztowanie<\/p>\n","protected":false},"author":2,"featured_media":0,"comment_status":"open","ping_status":"open","sticky":false,"template":"","format":"standard","meta":{"footnotes":""},"categories":[8],"tags":[12,13],"class_list":["post-748","post","type-post","status-publish","format-standard","hentry","category-aktualnosci","tag-odszkodowanie","tag-zadoscuczynienie"],"_links":{"self":[{"href":"https:\/\/www.odszkodowania.info.pl\/index.php?rest_route=\/wp\/v2\/posts\/748","targetHints":{"allow":["GET"]}}],"collection":[{"href":"https:\/\/www.odszkodowania.info.pl\/index.php?rest_route=\/wp\/v2\/posts"}],"about":[{"href":"https:\/\/www.odszkodowania.info.pl\/index.php?rest_route=\/wp\/v2\/types\/post"}],"author":[{"embeddable":true,"href":"https:\/\/www.odszkodowania.info.pl\/index.php?rest_route=\/wp\/v2\/users\/2"}],"replies":[{"embeddable":true,"href":"https:\/\/www.odszkodowania.info.pl\/index.php?rest_route=%2Fwp%2Fv2%2Fcomments&post=748"}],"version-history":[{"count":1,"href":"https:\/\/www.odszkodowania.info.pl\/index.php?rest_route=\/wp\/v2\/posts\/748\/revisions"}],"predecessor-version":[{"id":749,"href":"https:\/\/www.odszkodowania.info.pl\/index.php?rest_route=\/wp\/v2\/posts\/748\/revisions\/749"}],"wp:attachment":[{"href":"https:\/\/www.odszkodowania.info.pl\/index.php?rest_route=%2Fwp%2Fv2%2Fmedia&parent=748"}],"wp:term":[{"taxonomy":"category","embeddable":true,"href":"https:\/\/www.odszkodowania.info.pl\/index.php?rest_route=%2Fwp%2Fv2%2Fcategories&post=748"},{"taxonomy":"post_tag","embeddable":true,"href":"https:\/\/www.odszkodowania.info.pl\/index.php?rest_route=%2Fwp%2Fv2%2Ftags&post=748"}],"curies":[{"name":"wp","href":"https:\/\/api.w.org\/{rel}","templated":true}]}}